{"id":692396,"date":"2025-10-13T06:00:00","date_gmt":"2025-10-13T09:00:00","guid":{"rendered":"http:\/\/diario5.com.ar\/?p=692396"},"modified":"2025-10-13T08:49:24","modified_gmt":"2025-10-13T11:49:24","slug":"692396","status":"publish","type":"post","link":"https:\/\/www.diario5.com.ar\/es\/692396\/","title":{"rendered":"Siempre en expansi\u00f3n"},"content":{"rendered":"<h2 class=\"sub-title-primary\">As\u00ed se encuantran las posibilidades de formaci\u00f3n que tienen los docentes en la d\u00e9cada del 20 del Siglo XXI. Como toda actividad en la que la tecnolog\u00eda aporta impulsos de progreso, no caben distracciones cuando se va tras una meta de progreso. <\/h2> <p><img decoding=\"async\" loading=\"lazy\" class=\"alignnone size-full wp-image-694972\" src=\"https:\/\/www.diario5.com.ar\/wp-content\/uploads\/2025\/10\/formacion_docente_piaget_d5.jpg\" alt=\"\" width=\"800\" height=\"508\" srcset=\"https:\/\/www.diario5.com.ar\/wp-content\/uploads\/2025\/10\/formacion_docente_piaget_d5.jpg 800w, https:\/\/www.diario5.com.ar\/wp-content\/uploads\/2025\/10\/formacion_docente_piaget_d5-300x191.jpg 300w, https:\/\/www.diario5.com.ar\/wp-content\/uploads\/2025\/10\/formacion_docente_piaget_d5-768x488.jpg 768w\" sizes=\"(max-width: 800px) 100vw, 800px\" \/><\/p>\n<p>La oferta formativa para docentes en el tramo final del a\u00f1o permite cotejar la diversidad de formatos y enfoques. Podr\u00eda considerarse que la combinaci\u00f3n de propuestas intensivas, autoasistidas y presenciales permite que cada docente encuentre una opci\u00f3n acorde a sus tiempos y necesidades.<\/p>\n<p>Tambi\u00e9n habr\u00eda que registrar como valorable que se haga foco en tres tem\u00e1ticas: bienestar socioemocional, proyecto de vida de los estudiantes e incorporaci\u00f3n de tecnolog\u00eda. Si pretendemos que una formaci\u00f3n no se quede en lo t\u00e9cnico, tenemos que animarnos a fomentar -usando un t\u00e9rmino tan actual- \u00abexperiencia escolar\u00bb de manera integral. Y cada sector, sin distracciones ni interferencias: el Estado, con sus escuelas y los privados, con las propias.<\/p>\n<p>\u00bfPor qu\u00e9 este planteo?<\/p>\n<p>La noticia es que la Escuela de Maestros de la Ciudad de Buenos Aires transita el \u00faltimo bimestre del ciclo lectivo 2025 con una agenda de formaci\u00f3n, aparentemente docente activa y diversa. Para inscribirse en Lengua, Matem\u00e1tica, Laboratorio de pr\u00e1cticas y materias orientadas a acompa\u00f1ar el proyecto de vida de los estudiantes, hay vacantes.<\/p>\n<p>Uno de los cursos autoasistidos es el de la formaci\u00f3n virtual y autoadministrada sobre tem\u00e1ticas emergentes. Otro destacado es el llamado \u201cTrack 4\u201d de <a href=\"https:\/\/escuelademaestros.bue.edu.ar\/tramatec\/\" target=\"_blank\" rel=\"noopener\">Tramatec<\/a>. Ya hemos tratado este tema en nuestro medio: est\u00e1 enfocado en herramientas tecnol\u00f3gicas para la ense\u00f1anza. Hay propuestas presenciales como el Laboratorio de experiencias, con especialistas por nivel educativo, y los cursos de Colecciones en red, que culminar\u00e1n con una conferencia de Luc\u00eda Fainboim el 11 de noviembre.<\/p>\n<p>La primera semana de octubre estuvo dedicada al aprendizaje socioemocional, con cupo completo. La formaci\u00f3n combina modalidades virtuales y presenciales, y busca responder a problem\u00e1ticas espec\u00edficas de cada nivel, promoviendo el an\u00e1lisis y la reflexi\u00f3n sobre las pr\u00e1cticas docentes.<\/p>\n<p><a href=\"https:\/\/escuelademaestros.bue.edu.ar\/laboratorios-de-experiencias\/\">Laboratorio de experiencias<\/a>,<\/p>\n<div><a href=\"https:\/\/buenosaires.gob.ar\/noticias\/ultimos-dias-para-inscribirse-en-las-propuestas-de-capacitacion#:~:text=una%20serie%20de-,cursos%20semanales,-intensivos%20que%20apuntaron\" target=\"_blank\" rel=\"noopener\">Detalles sobre los cursos<\/a><\/div>\n<div><\/div>\n<div><a href=\"https:\/\/buenosaires.gob.ar\/educacion\/escuela-de-maestros\/cursos-autoasistidos\">Cursos autoasistidos<\/a><\/div>\n<div><\/div>\n<div>Nuestro seguimiento en la tem\u00e1tica:<\/div>\n<blockquote class=\"wp-embedded-content\" data-secret=\"7dTgrGTbtL\"><p><a href=\"https:\/\/www.diario5.com.ar\/es\/692391\/\">IA en clase<\/a><\/p><\/blockquote>\n<p><iframe class=\"wp-embedded-content\" sandbox=\"allow-scripts\" security=\"restricted\" style=\"position: absolute; clip: rect(1px, 1px, 1px, 1px);\" title=\"&#8220;IA en clase&#8221; &#8212; Diario 5\" src=\"https:\/\/www.diario5.com.ar\/es\/692391\/embed\/#?secret=knlq4QQoRd#?secret=7dTgrGTbtL\" data-secret=\"7dTgrGTbtL\" width=\"600\" height=\"338\" frameborder=\"0\" marginwidth=\"0\" marginheight=\"0\" scrolling=\"no\"><\/iframe><\/p>\n<div><\/div>\n<div><\/div>\n<blockquote class=\"wp-embedded-content\" data-secret=\"m8vImaWvnr\"><p><a href=\"https:\/\/www.diario5.com.ar\/es\/692364\/\">La gran prueba<\/a><\/p><\/blockquote>\n<p><iframe class=\"wp-embedded-content\" sandbox=\"allow-scripts\" security=\"restricted\" style=\"position: absolute; clip: rect(1px, 1px, 1px, 1px);\" title=\"&#8220;La gran prueba&#8221; &#8212; Diario 5\" src=\"https:\/\/www.diario5.com.ar\/es\/692364\/embed\/#?secret=sphQ4ZMoox#?secret=m8vImaWvnr\" data-secret=\"m8vImaWvnr\" width=\"600\" height=\"338\" frameborder=\"0\" marginwidth=\"0\" marginheight=\"0\" scrolling=\"no\"><\/iframe><\/p>\n<div><\/div>\n<blockquote class=\"wp-embedded-content\" data-secret=\"e2TGKSd5Gf\"><p><a href=\"https:\/\/www.diario5.com.ar\/es\/692327\/\">Matific en el mundo<\/a><\/p><\/blockquote>\n<p><iframe class=\"wp-embedded-content\" sandbox=\"allow-scripts\" security=\"restricted\" style=\"position: absolute; clip: rect(1px, 1px, 1px, 1px);\" title=\"&#8220;Matific en el mundo&#8221; &#8212; Diario 5\" src=\"https:\/\/www.diario5.com.ar\/es\/692327\/embed\/#?secret=4m5ufSBlwZ#?secret=e2TGKSd5Gf\" data-secret=\"e2TGKSd5Gf\" width=\"600\" height=\"338\" frameborder=\"0\" marginwidth=\"0\" marginheight=\"0\" scrolling=\"no\"><\/iframe><\/p>\n<blockquote class=\"wp-embedded-content\" data-secret=\"GkqHrinKRn\"><p><a href=\"https:\/\/www.diario5.com.ar\/es\/que-es-desafios-matematicos\/\">\u00bfQu\u00e9 es Desaf\u00edos Matem\u00e1ticos?<\/a><\/p><\/blockquote>\n<p><iframe class=\"wp-embedded-content\" sandbox=\"allow-scripts\" security=\"restricted\" style=\"position: absolute; clip: rect(1px, 1px, 1px, 1px);\" title=\"&#8220;\u00bfQu\u00e9 es Desaf\u00edos Matem\u00e1ticos?&#8221; &#8212; Diario 5\" src=\"https:\/\/www.diario5.com.ar\/es\/que-es-desafios-matematicos\/embed\/#?secret=mLn7CCfib8#?secret=GkqHrinKRn\" data-secret=\"GkqHrinKRn\" width=\"600\" height=\"338\" frameborder=\"0\" marginwidth=\"0\" marginheight=\"0\" scrolling=\"no\"><\/iframe><\/p>\n<div><\/div>\n<p><img decoding=\"async\" loading=\"lazy\" class=\"aligncenter size-full wp-image-694974\" src=\"https:\/\/www.diario5.com.ar\/wp-content\/uploads\/2025\/10\/voz_chaco20251013.jpg\" width=\"700\" height=\"816\" srcset=\"https:\/\/www.diario5.com.ar\/wp-content\/uploads\/2025\/10\/voz_chaco20251013.jpg 700w, https:\/\/www.diario5.com.ar\/wp-content\/uploads\/2025\/10\/voz_chaco20251013-257x300.jpg 257w\" sizes=\"(max-width: 700px) 100vw, 700px\" \/><\/p>\n<p><img decoding=\"async\" loading=\"lazy\" class=\"aligncenter size-full wp-image-694975\" src=\"https:\/\/www.diario5.com.ar\/wp-content\/uploads\/2025\/10\/ar_cronista20251013.jpg\" width=\"700\" height=\"1000\" srcset=\"https:\/\/www.diario5.com.ar\/wp-content\/uploads\/2025\/10\/ar_cronista20251013.jpg 700w, https:\/\/www.diario5.com.ar\/wp-content\/uploads\/2025\/10\/ar_cronista20251013-210x300.jpg 210w\" sizes=\"(max-width: 700px) 100vw, 700px\" \/><\/p>\n<p><img decoding=\"async\" loading=\"lazy\" class=\"aligncenter size-full wp-image-694976\" src=\"https:\/\/www.diario5.com.ar\/wp-content\/uploads\/2025\/10\/ar_eldia20251013.jpg\" width=\"700\" height=\"1008\" srcset=\"https:\/\/www.diario5.com.ar\/wp-content\/uploads\/2025\/10\/ar_eldia20251013.jpg 700w, https:\/\/www.diario5.com.ar\/wp-content\/uploads\/2025\/10\/ar_eldia20251013-208x300.jpg 208w\" sizes=\"(max-width: 700px) 100vw, 700px\" \/><\/p>\n<p><img decoding=\"async\" loading=\"lazy\" class=\"aligncenter size-full wp-image-694977\" src=\"https:\/\/www.diario5.com.ar\/wp-content\/uploads\/2025\/10\/ar_chubut20251013.jpg\" width=\"700\" height=\"908\" srcset=\"https:\/\/www.diario5.com.ar\/wp-content\/uploads\/2025\/10\/ar_chubut20251013.jpg 700w, https:\/\/www.diario5.com.ar\/wp-content\/uploads\/2025\/10\/ar_chubut20251013-231x300.jpg 231w\" sizes=\"(max-width: 700px) 100vw, 700px\" \/><\/p>\n<p><img decoding=\"async\" loading=\"lazy\" class=\"aligncenter size-full wp-image-694978\" src=\"https:\/\/www.diario5.com.ar\/wp-content\/uploads\/2025\/10\/ar_clarin20251013.jpg\" width=\"700\" height=\"977\" srcset=\"https:\/\/www.diario5.com.ar\/wp-content\/uploads\/2025\/10\/ar_clarin20251013.jpg 700w, https:\/\/www.diario5.com.ar\/wp-content\/uploads\/2025\/10\/ar_clarin20251013-215x300.jpg 215w\" sizes=\"(max-width: 700px) 100vw, 700px\" \/><\/p>\n<p><img decoding=\"async\" loading=\"lazy\" class=\"aligncenter size-full wp-image-694979\" src=\"https:\/\/www.diario5.com.ar\/wp-content\/uploads\/2025\/10\/nacion20251013.jpg\" width=\"700\" height=\"1056\" srcset=\"https:\/\/www.diario5.com.ar\/wp-content\/uploads\/2025\/10\/nacion20251013.jpg 700w, https:\/\/www.diario5.com.ar\/wp-content\/uploads\/2025\/10\/nacion20251013-199x300.jpg 199w, https:\/\/www.diario5.com.ar\/wp-content\/uploads\/2025\/10\/nacion20251013-679x1024.jpg 679w\" sizes=\"(max-width: 700px) 100vw, 700px\" \/><\/p>\n<p>&nbsp;<\/p>","protected":false},"excerpt":{"rendered":"<p>As\u00ed se encuantran las posibilidades de formaci\u00f3n que tienen los docentes en la d\u00e9cada del 20 del Siglo XXI. Como toda actividad en la que la tecnolog\u00eda aporta impulsos de progreso, no caben distracciones cuando se va tras una meta de progreso. La oferta formativa para docentes en el tramo final del a\u00f1o permite cotejar [&hellip;]<\/p>","protected":false},"author":5,"featured_media":694972,"comment_status":"open","ping_status":"open","sticky":false,"template":"","format":"standard","meta":[],"categories":[3144,4247,26,56],"tags":[2872,3464,3571,474,630,3573,1370,3570,2114,3802,1042,3566,3413,2339,3468,3653,1683],"series":[],"_links":{"self":[{"href":"https:\/\/www.diario5.com.ar\/es\/wp-json\/wp\/v2\/posts\/692396"}],"collection":[{"href":"https:\/\/www.diario5.com.ar\/es\/wp-json\/wp\/v2\/posts"}],"about":[{"href":"https:\/\/www.diario5.com.ar\/es\/wp-json\/wp\/v2\/types\/post"}],"author":[{"embeddable":true,"href":"https:\/\/www.diario5.com.ar\/es\/wp-json\/wp\/v2\/users\/5"}],"replies":[{"embeddable":true,"href":"https:\/\/www.diario5.com.ar\/es\/wp-json\/wp\/v2\/comments?post=692396"}],"version-history":[{"count":5,"href":"https:\/\/www.diario5.com.ar\/es\/wp-json\/wp\/v2\/posts\/692396\/revisions"}],"predecessor-version":[{"id":694980,"href":"https:\/\/www.diario5.com.ar\/es\/wp-json\/wp\/v2\/posts\/692396\/revisions\/694980"}],"wp:featuredmedia":[{"embeddable":true,"href":"https:\/\/www.diario5.com.ar\/es\/wp-json\/wp\/v2\/media\/694972"}],"wp:attachment":[{"href":"https:\/\/www.diario5.com.ar\/es\/wp-json\/wp\/v2\/media?parent=692396"}],"wp:term":[{"taxonomy":"category","embeddable":true,"href":"https:\/\/www.diario5.com.ar\/es\/wp-json\/wp\/v2\/categories?post=692396"},{"taxonomy":"post_tag","embeddable":true,"href":"https:\/\/www.diario5.com.ar\/es\/wp-json\/wp\/v2\/tags?post=692396"},{"taxonomy":"series","embeddable":true,"href":"https:\/\/www.diario5.com.ar\/es\/wp-json\/wp\/v2\/series?post=692396"}],"curies":[{"name":"wp","href":"https:\/\/api.w.org\/{rel}","templated":true}]}}