{"id":692395,"date":"2025-10-12T06:00:00","date_gmt":"2025-10-12T09:00:00","guid":{"rendered":"http:\/\/diario5.com.ar\/?p=692395"},"modified":"2025-10-12T23:21:39","modified_gmt":"2025-10-13T02:21:39","slug":"692395","status":"publish","type":"post","link":"https:\/\/www.diario5.com.ar\/es\/692395\/","title":{"rendered":"Las aguas libres"},"content":{"rendered":"<h2 class=\"sub-title-primary\">12 de octubre. El espejo donde mirar lo que necesitamos ver.<\/h2> <p><img decoding=\"async\" loading=\"lazy\" class=\"alignnone wp-image-694957\" src=\"https:\/\/www.diario5.com.ar\/wp-content\/uploads\/2025\/10\/12_de_octubre_d5.jpg\" alt=\"\" width=\"983\" height=\"589\" srcset=\"https:\/\/www.diario5.com.ar\/wp-content\/uploads\/2025\/10\/12_de_octubre_d5.jpg 626w, https:\/\/www.diario5.com.ar\/wp-content\/uploads\/2025\/10\/12_de_octubre_d5-300x180.jpg 300w\" sizes=\"(max-width: 983px) 100vw, 983px\" \/><\/p>\n<p>Puede ser D\u00eda del Respeto a la Diversidad Cultural, D\u00eda de la Hispanidad, D\u00eda de los Pueblos Originarios o cualquier otra denominaci\u00f3n que alguien quiera usar para se\u00f1alar un aspecto de la historia que le parezca relevante. Las personas civilizadas no encuentran contradicci\u00f3n en eso. La historia es m\u00faltiple, compleja, y no se reduce a una sola narrativa. Lo que para unos representa el inicio de un v\u00ednculo cultural y ling\u00fc\u00edstico, para otros puede marcar el comienzo de una herida profunda.<\/p>\n<p>Ambas cosas son ciertas, conviven y es imposible corregirlo.<\/p>\n<p>No hace falta que todos est\u00e9n de acuerdo en c\u00f3mo nombrarlo. Tampoco qu\u00e9 recordar. Quiz\u00e1s importe que haya espacio para que cada mirada se exprese sin que la otra se sienta amenazada. Reconocer la riqueza de lo hispano no implica negar la violencia de la conquista, mientras que reivindicar a los pueblos originarios no exige borrar los v\u00ednculos que se tejieron despu\u00e9s. La convivencia de estas memorias no es problema. Siempre los fanatismos lo son. M\u00e1s bien deber\u00edamos entender que si observamos que la sociedad piensa diferencial,\u00a0 oscilante o atomizadamente, est\u00e1 en su m\u00e1ximo derecho.<\/p>\n<p>Ideolog\u00edas s\u00ed. Presiones ideol\u00f3gicas, jam\u00e1s.<\/p>\n<p>Quien quiera navegar en la celebraci\u00f3n de la Hispanidad, tiene las aguas libres tanto como los preferentes de recordar a los pueblos originarios. Porque tiene tanto valor<\/p>\n<p>Independientemente de que convertir al 12 de octubre en una trinchera es una p\u00e9rdida de energ\u00eda pol\u00edtica -como quien busca qu\u00e9 comer de la carne carbonizada que se pas\u00f3 en la parrilla- encontrarse con el espejo donde cada uno pueda mirar lo que necesita ver, es un derecho muy dif\u00edcil de hacer respetar donde el pensamiento racional no abunda.<\/p>\n<p><!--googleoff: index-->El ejemplo m\u00e1s claro es que los argentinos lo venimos haciendo mal desde el \u00abBraden o Per\u00f3n\u00bb. Era \u00abBraden y Per\u00f3n\u00bb. Pocos lo ven. Ahora ya est\u00e1.<br \/>\n<!--googleon: index--><\/p>\n<p><img decoding=\"async\" loading=\"lazy\" class=\"aligncenter size-full wp-image-694959\" src=\"https:\/\/www.diario5.com.ar\/wp-content\/uploads\/2025\/10\/ar_ancasti20251012.jpg\" width=\"700\" height=\"941\" srcset=\"https:\/\/www.diario5.com.ar\/wp-content\/uploads\/2025\/10\/ar_ancasti20251012.jpg 700w, https:\/\/www.diario5.com.ar\/wp-content\/uploads\/2025\/10\/ar_ancasti20251012-223x300.jpg 223w\" sizes=\"(max-width: 700px) 100vw, 700px\" \/><\/p>\n<p><img decoding=\"async\" loading=\"lazy\" class=\"aligncenter size-full wp-image-694960\" src=\"https:\/\/www.diario5.com.ar\/wp-content\/uploads\/2025\/10\/voz_chaco20251012.jpg\" width=\"700\" height=\"816\" srcset=\"https:\/\/www.diario5.com.ar\/wp-content\/uploads\/2025\/10\/voz_chaco20251012.jpg 700w, https:\/\/www.diario5.com.ar\/wp-content\/uploads\/2025\/10\/voz_chaco20251012-257x300.jpg 257w\" sizes=\"(max-width: 700px) 100vw, 700px\" \/><\/p>\n<p><img decoding=\"async\" loading=\"lazy\" class=\"aligncenter size-full wp-image-694961\" src=\"https:\/\/www.diario5.com.ar\/wp-content\/uploads\/2025\/10\/ar_eldia20251012.jpg\" width=\"700\" height=\"1002\" srcset=\"https:\/\/www.diario5.com.ar\/wp-content\/uploads\/2025\/10\/ar_eldia20251012.jpg 700w, https:\/\/www.diario5.com.ar\/wp-content\/uploads\/2025\/10\/ar_eldia20251012-210x300.jpg 210w\" sizes=\"(max-width: 700px) 100vw, 700px\" \/><\/p>\n<p><img decoding=\"async\" loading=\"lazy\" class=\"aligncenter size-full wp-image-694962\" src=\"https:\/\/www.diario5.com.ar\/wp-content\/uploads\/2025\/10\/ar_hoy20251012.jpg\" width=\"700\" height=\"925\" srcset=\"https:\/\/www.diario5.com.ar\/wp-content\/uploads\/2025\/10\/ar_hoy20251012.jpg 700w, https:\/\/www.diario5.com.ar\/wp-content\/uploads\/2025\/10\/ar_hoy20251012-227x300.jpg 227w\" sizes=\"(max-width: 700px) 100vw, 700px\" \/><\/p>\n<p><img decoding=\"async\" loading=\"lazy\" class=\"aligncenter size-full wp-image-694963\" src=\"https:\/\/www.diario5.com.ar\/wp-content\/uploads\/2025\/10\/ar_chubut20251012.jpg\" width=\"700\" height=\"901\" srcset=\"https:\/\/www.diario5.com.ar\/wp-content\/uploads\/2025\/10\/ar_chubut20251012.jpg 700w, https:\/\/www.diario5.com.ar\/wp-content\/uploads\/2025\/10\/ar_chubut20251012-233x300.jpg 233w\" sizes=\"(max-width: 700px) 100vw, 700px\" \/><\/p>\n<p><img decoding=\"async\" loading=\"lazy\" class=\"aligncenter size-full wp-image-694964\" src=\"https:\/\/www.diario5.com.ar\/wp-content\/uploads\/2025\/10\/ar_clarin20251012.jpg\" width=\"700\" height=\"977\" srcset=\"https:\/\/www.diario5.com.ar\/wp-content\/uploads\/2025\/10\/ar_clarin20251012.jpg 700w, https:\/\/www.diario5.com.ar\/wp-content\/uploads\/2025\/10\/ar_clarin20251012-215x300.jpg 215w\" sizes=\"(max-width: 700px) 100vw, 700px\" \/><\/p>\n<p><img decoding=\"async\" loading=\"lazy\" class=\"aligncenter size-full wp-image-694965\" src=\"https:\/\/www.diario5.com.ar\/wp-content\/uploads\/2025\/10\/nacion20251012.jpg\" width=\"700\" height=\"1059\" srcset=\"https:\/\/www.diario5.com.ar\/wp-content\/uploads\/2025\/10\/nacion20251012.jpg 700w, https:\/\/www.diario5.com.ar\/wp-content\/uploads\/2025\/10\/nacion20251012-198x300.jpg 198w, https:\/\/www.diario5.com.ar\/wp-content\/uploads\/2025\/10\/nacion20251012-677x1024.jpg 677w\" sizes=\"(max-width: 700px) 100vw, 700px\" \/><\/p>\n<p><img decoding=\"async\" loading=\"lazy\" class=\"aligncenter size-full wp-image-694959\" src=\"https:\/\/www.diario5.com.ar\/wp-content\/uploads\/2025\/10\/ar_ancasti20251012.jpg\" width=\"700\" height=\"941\" srcset=\"https:\/\/www.diario5.com.ar\/wp-content\/uploads\/2025\/10\/ar_ancasti20251012.jpg 700w, https:\/\/www.diario5.com.ar\/wp-content\/uploads\/2025\/10\/ar_ancasti20251012-223x300.jpg 223w\" sizes=\"(max-width: 700px) 100vw, 700px\" \/><\/p>\n<p>&nbsp;<\/p>","protected":false},"excerpt":{"rendered":"<p>12 de octubre. El espejo donde mirar lo que necesitamos ver. Puede ser D\u00eda del Respeto a la Diversidad Cultural, D\u00eda de la Hispanidad, D\u00eda de los Pueblos Originarios o cualquier otra denominaci\u00f3n que alguien quiera usar para se\u00f1alar un aspecto de la historia que le parezca relevante. Las personas civilizadas no encuentran contradicci\u00f3n en [&hellip;]<\/p>","protected":false},"author":9,"featured_media":694957,"comment_status":"open","ping_status":"open","sticky":false,"template":"","format":"standard","meta":[],"categories":[75,5,161,56],"tags":[3150,1033,401,1683],"series":[],"_links":{"self":[{"href":"https:\/\/www.diario5.com.ar\/es\/wp-json\/wp\/v2\/posts\/692395"}],"collection":[{"href":"https:\/\/www.diario5.com.ar\/es\/wp-json\/wp\/v2\/posts"}],"about":[{"href":"https:\/\/www.diario5.com.ar\/es\/wp-json\/wp\/v2\/types\/post"}],"author":[{"embeddable":true,"href":"https:\/\/www.diario5.com.ar\/es\/wp-json\/wp\/v2\/users\/9"}],"replies":[{"embeddable":true,"href":"https:\/\/www.diario5.com.ar\/es\/wp-json\/wp\/v2\/comments?post=692395"}],"version-history":[{"count":5,"href":"https:\/\/www.diario5.com.ar\/es\/wp-json\/wp\/v2\/posts\/692395\/revisions"}],"predecessor-version":[{"id":694967,"href":"https:\/\/www.diario5.com.ar\/es\/wp-json\/wp\/v2\/posts\/692395\/revisions\/694967"}],"wp:featuredmedia":[{"embeddable":true,"href":"https:\/\/www.diario5.com.ar\/es\/wp-json\/wp\/v2\/media\/694957"}],"wp:attachment":[{"href":"https:\/\/www.diario5.com.ar\/es\/wp-json\/wp\/v2\/media?parent=692395"}],"wp:term":[{"taxonomy":"category","embeddable":true,"href":"https:\/\/www.diario5.com.ar\/es\/wp-json\/wp\/v2\/categories?post=692395"},{"taxonomy":"post_tag","embeddable":true,"href":"https:\/\/www.diario5.com.ar\/es\/wp-json\/wp\/v2\/tags?post=692395"},{"taxonomy":"series","embeddable":true,"href":"https:\/\/www.diario5.com.ar\/es\/wp-json\/wp\/v2\/series?post=692395"}],"curies":[{"name":"wp","href":"https:\/\/api.w.org\/{rel}","templated":true}]}}