{"id":692393,"date":"2025-10-10T06:00:00","date_gmt":"2025-10-10T09:00:00","guid":{"rendered":"http:\/\/diario5.com.ar\/?p=692393"},"modified":"2025-10-10T06:04:09","modified_gmt":"2025-10-10T09:04:09","slug":"692393","status":"publish","type":"post","link":"https:\/\/www.diario5.com.ar\/es\/692393\/","title":{"rendered":"Cerrar Devoto"},"content":{"rendered":"<h2 class=\"sub-title-primary\"><\/h2> <p><img decoding=\"async\" loading=\"lazy\" class=\"alignnone size-full wp-image-694923\" src=\"https:\/\/www.diario5.com.ar\/wp-content\/uploads\/2025\/10\/devoto_marcos_paz.jpg\" alt=\"\" width=\"1037\" height=\"582\" srcset=\"https:\/\/www.diario5.com.ar\/wp-content\/uploads\/2025\/10\/devoto_marcos_paz.jpg 1037w, https:\/\/www.diario5.com.ar\/wp-content\/uploads\/2025\/10\/devoto_marcos_paz-300x168.jpg 300w, https:\/\/www.diario5.com.ar\/wp-content\/uploads\/2025\/10\/devoto_marcos_paz-1024x575.jpg 1024w, https:\/\/www.diario5.com.ar\/wp-content\/uploads\/2025\/10\/devoto_marcos_paz-768x431.jpg 768w\" sizes=\"(max-width: 1037px) 100vw, 1037px\" \/><\/p>\n<p>La obra del Centro Penitenciario Federal VII en Marcos Paz avanza con el objetivo de cerrar definitivamente la c\u00e1rcel de Villa Devoto, una deuda hist\u00f3rica en materia de infraestructura penitenciaria. Con un 82% de avance y una fecha de apertura prevista para marzo de 2026, el nuevo complejo busca relocalizar a m\u00e1s de dos mil internos, incluyendo aquellos alojados en comisar\u00edas y alcaid\u00edas de la Ciudad.<\/p>\n<p>El proyecto, que estuvo paralizado durante cinco a\u00f1os, fue retomado en diciembre de 2024 tras una nueva licitaci\u00f3n que permiti\u00f3 ajustar los costos de inversi\u00f3n. La etapa actual, la cuarta y \u00faltima, demandar\u00e1 m\u00e1s de $100 mil millones. La magnitud del complejo \u2014ubicado en un predio de 80 hect\u00e1reas\u2014 incluye unidades de alojamiento, espacios para capacitaci\u00f3n laboral, educaci\u00f3n, visitas, atenci\u00f3n m\u00e9dica, seguridad, y servicios comunes.<\/p>\n<p>La recorrida encabezada por Jorge Macri junto a Patricia Bullrich se da en paralelo al tratamiento legislativo de la creaci\u00f3n del Servicio Penitenciario de la Ciudad, lo que representa un paso hacia la autonom\u00eda porte\u00f1a en materia de seguridad y justicia.<\/p>\n<p>\u00bfCerrar Devoto es solamente una mudanza?<\/p>\n<p>Hablamos de una transformaci\u00f3n estructural que, si se concreta con planificaci\u00f3n y respeto por los derechos humanos, puede marcar un antes y un despu\u00e9s en el sistema penitenciario de la Ciudad.<\/p>\n<p>&nbsp;<\/p>\n<p><img decoding=\"async\" src=\"https:\/\/img.kiosko.net\/2025\/10\/10\/ar\/la_capital.jpg\" \/><\/p>\n<p><img decoding=\"async\" src=\"https:\/\/img.kiosko.net\/2025\/10\/10\/ar\/ar_nueva_provincia.jpg\" \/><\/p>\n<p><img decoding=\"async\" loading=\"lazy\" class=\"aligncenter size-full wp-image-694925\" src=\"https:\/\/www.diario5.com.ar\/wp-content\/uploads\/2025\/10\/ar_ancasti20251010.jpg\" width=\"700\" height=\"949\" srcset=\"https:\/\/www.diario5.com.ar\/wp-content\/uploads\/2025\/10\/ar_ancasti20251010.jpg 700w, https:\/\/www.diario5.com.ar\/wp-content\/uploads\/2025\/10\/ar_ancasti20251010-221x300.jpg 221w\" sizes=\"(max-width: 700px) 100vw, 700px\" \/><\/p>\n<p><img decoding=\"async\" src=\"https:\/\/img.kiosko.net\/2025\/10\/10\/ar\/ar_esquiu.jpg\" \/><\/p>\n<p><img decoding=\"async\" src=\"https:\/\/img.kiosko.net\/2025\/10\/10\/ar\/ar_diario_norte.jpg\" \/><\/p>\n<p><img decoding=\"async\" loading=\"lazy\" class=\"aligncenter size-full wp-image-694926\" src=\"https:\/\/www.diario5.com.ar\/wp-content\/uploads\/2025\/10\/voz_chaco20251010.jpg\" width=\"700\" height=\"816\" srcset=\"https:\/\/www.diario5.com.ar\/wp-content\/uploads\/2025\/10\/voz_chaco20251010.jpg 700w, https:\/\/www.diario5.com.ar\/wp-content\/uploads\/2025\/10\/voz_chaco20251010-257x300.jpg 257w\" sizes=\"(max-width: 700px) 100vw, 700px\" \/><\/p>\n<p><img decoding=\"async\" src=\"https:\/\/img.kiosko.net\/2025\/10\/10\/ar\/ar_diario_madryn.jpg\" \/><\/p>\n<p><img decoding=\"async\" src=\"https:\/\/img.kiosko.net\/2025\/10\/10\/ar\/ar_laprensa.jpg\" \/><\/p>\n<p><img decoding=\"async\" src=\"https:\/\/img.kiosko.net\/2025\/10\/10\/ar\/ar_cronista.jpg\" \/><\/p>\n<p><img decoding=\"async\" src=\"https:\/\/img.kiosko.net\/2025\/10\/10\/ar\/buenosaires_economico.jpg\" \/><\/p>\n<p><img decoding=\"async\" src=\"https:\/\/img.kiosko.net\/2025\/10\/10\/ar\/ar_perfil.jpg\" \/><\/p>\n<p><img decoding=\"async\" loading=\"lazy\" class=\"aligncenter size-full wp-image-694927\" src=\"https:\/\/www.diario5.com.ar\/wp-content\/uploads\/2025\/10\/ar_eldia20251010.jpg\" width=\"700\" height=\"1040\" srcset=\"https:\/\/www.diario5.com.ar\/wp-content\/uploads\/2025\/10\/ar_eldia20251010.jpg 700w, https:\/\/www.diario5.com.ar\/wp-content\/uploads\/2025\/10\/ar_eldia20251010-202x300.jpg 202w, https:\/\/www.diario5.com.ar\/wp-content\/uploads\/2025\/10\/ar_eldia20251010-689x1024.jpg 689w\" sizes=\"(max-width: 700px) 100vw, 700px\" \/><\/p>\n<p><img decoding=\"async\" loading=\"lazy\" class=\"aligncenter size-full wp-image-694928\" src=\"https:\/\/www.diario5.com.ar\/wp-content\/uploads\/2025\/10\/ar_hoy20251010.jpg\" width=\"700\" height=\"920\" srcset=\"https:\/\/www.diario5.com.ar\/wp-content\/uploads\/2025\/10\/ar_hoy20251010.jpg 700w, https:\/\/www.diario5.com.ar\/wp-content\/uploads\/2025\/10\/ar_hoy20251010-228x300.jpg 228w\" sizes=\"(max-width: 700px) 100vw, 700px\" \/><\/p>\n<p><img decoding=\"async\" src=\"https:\/\/img.kiosko.net\/2025\/10\/10\/ar\/ar_democracia.jpg\" \/><\/p>\n<p><img decoding=\"async\" loading=\"lazy\" class=\"aligncenter size-full wp-image-694929\" src=\"https:\/\/www.diario5.com.ar\/wp-content\/uploads\/2025\/10\/ar_chubut20251010.jpg\" width=\"700\" height=\"901\" srcset=\"https:\/\/www.diario5.com.ar\/wp-content\/uploads\/2025\/10\/ar_chubut20251010.jpg 700w, https:\/\/www.diario5.com.ar\/wp-content\/uploads\/2025\/10\/ar_chubut20251010-233x300.jpg 233w\" sizes=\"(max-width: 700px) 100vw, 700px\" \/><\/p>\n<p><img decoding=\"async\" src=\"https:\/\/img.kiosko.net\/2025\/10\/10\/ar\/ar_epoca.jpg\" \/><\/p>\n<p><img decoding=\"async\" src=\"https:\/\/img.kiosko.net\/2025\/10\/10\/ar\/ar_litoral.jpg\" \/><\/p>\n<p><img decoding=\"async\" src=\"https:\/\/img.kiosko.net\/2025\/10\/10\/ar\/ar_heraldo.jpg\" \/><\/p>\n<p><img decoding=\"async\" src=\"https:\/\/img.kiosko.net\/2025\/10\/10\/ar\/ar_manana_formosa.jpg\" \/><\/p>\n<p><img decoding=\"async\" src=\"https:\/\/img.kiosko.net\/2025\/10\/10\/ar\/ar_diario_pampa.jpg\" \/><\/p>\n<p><img decoding=\"async\" src=\"https:\/\/img.kiosko.net\/2025\/10\/10\/ar\/ar_pagina12.jpg\" \/><\/p>\n<p><img decoding=\"async\" src=\"https:\/\/img.kiosko.net\/2025\/10\/10\/ar\/ar_arena.jpg\" \/><\/p>\n<p><img decoding=\"async\" src=\"https:\/\/img.kiosko.net\/2025\/10\/10\/ar\/independiente.jpg\" \/><\/p>\n<p><img decoding=\"async\" src=\"https:\/\/img.kiosko.net\/2025\/10\/10\/ar\/nueva_rioja.jpg\" \/><\/p>\n<p><img decoding=\"async\" src=\"https:\/\/img.kiosko.net\/2025\/10\/10\/ar\/ar_losandes.jpg\" \/><\/p>\n<p><img decoding=\"async\" src=\"https:\/\/img.kiosko.net\/2025\/10\/10\/ar\/ar_tribuno.jpg\" \/><\/p>\n<p><img decoding=\"async\" src=\"https:\/\/img.kiosko.net\/2025\/10\/10\/ar\/lea.jpg\" \/><\/p>\n<p><img decoding=\"async\" src=\"https:\/\/img.kiosko.net\/2025\/10\/10\/ar\/ar_nuevo_diario.jpg\" \/><\/p>\n<p><img decoding=\"async\" src=\"https:\/\/img.kiosko.net\/2025\/10\/10\/ar\/ar_diario_cuyo.jpg\" \/><\/p>\n<p><img decoding=\"async\" src=\"https:\/\/img.kiosko.net\/2025\/10\/10\/ar\/huarpe.jpg\" \/><\/p>\n<p><img decoding=\"async\" src=\"https:\/\/img.kiosko.net\/2025\/10\/10\/ar\/ar_diario_republica.jpg\" \/><\/p>\n<p><img decoding=\"async\" src=\"https:\/\/img.kiosko.net\/2025\/10\/10\/ar\/ar_litoral_sfe.jpg\" \/><\/p>\n<p><img decoding=\"async\" src=\"https:\/\/img.kiosko.net\/2025\/10\/10\/ar\/ciudadano.jpg\" \/><\/p>\n<p><img decoding=\"async\" src=\"https:\/\/img.kiosko.net\/2025\/10\/10\/ar\/ar_mirador_provincial.jpg\" \/><\/p>\n<p><img decoding=\"async\" src=\"https:\/\/img.kiosko.net\/2025\/10\/10\/ar\/ar_gaceta.jpg\" \/><\/p>\n<p><img decoding=\"async\" src=\"https:\/\/img.kiosko.net\/2025\/10\/10\/ar\/ar_cronica.jpg\" \/><\/p>\n<p><img decoding=\"async\" loading=\"lazy\" class=\"aligncenter size-full wp-image-694930\" src=\"https:\/\/www.diario5.com.ar\/wp-content\/uploads\/2025\/10\/ar_clarin20251010.jpg\" width=\"700\" height=\"977\" srcset=\"https:\/\/www.diario5.com.ar\/wp-content\/uploads\/2025\/10\/ar_clarin20251010.jpg 700w, https:\/\/www.diario5.com.ar\/wp-content\/uploads\/2025\/10\/ar_clarin20251010-215x300.jpg 215w\" sizes=\"(max-width: 700px) 100vw, 700px\" \/><\/p>\n<p><img decoding=\"async\" loading=\"lazy\" class=\"aligncenter size-full wp-image-694931\" src=\"https:\/\/www.diario5.com.ar\/wp-content\/uploads\/2025\/10\/nacion20251010.jpg\" width=\"700\" height=\"1059\" srcset=\"https:\/\/www.diario5.com.ar\/wp-content\/uploads\/2025\/10\/nacion20251010.jpg 700w, https:\/\/www.diario5.com.ar\/wp-content\/uploads\/2025\/10\/nacion20251010-198x300.jpg 198w, https:\/\/www.diario5.com.ar\/wp-content\/uploads\/2025\/10\/nacion20251010-677x1024.jpg 677w\" sizes=\"(max-width: 700px) 100vw, 700px\" \/><\/p>\n<p><img decoding=\"async\" src=\"https:\/\/img.kiosko.net\/2025\/10\/10\/ar\/ar_eco.jpg\" \/><\/p>\n<p><img decoding=\"async\" src=\"https:\/\/img.kiosko.net\/2025\/10\/10\/ar\/nuevo_diario.jpg\" \/><\/p>\n<p><img decoding=\"async\" src=\"https:\/\/img.kiosko.net\/2025\/10\/10\/ar\/sureno.jpg\" \/><\/p>\n<p><img decoding=\"async\" loading=\"lazy\" class=\"aligncenter size-full wp-image-694925\" src=\"https:\/\/www.diario5.com.ar\/wp-content\/uploads\/2025\/10\/ar_ancasti20251010.jpg\" width=\"700\" height=\"949\" srcset=\"https:\/\/www.diario5.com.ar\/wp-content\/uploads\/2025\/10\/ar_ancasti20251010.jpg 700w, https:\/\/www.diario5.com.ar\/wp-content\/uploads\/2025\/10\/ar_ancasti20251010-221x300.jpg 221w\" sizes=\"(max-width: 700px) 100vw, 700px\" \/><\/p>\n<p><img decoding=\"async\" src=\"https:\/\/img.kiosko.net\/2025\/10\/10\/ar\/tiempo_sur.jpg\" \/><\/p>\n<p><img decoding=\"async\" src=\"https:\/\/img.kiosko.net\/2025\/10\/10\/uy\/ar\/tiempo_argentino.jpg\" \/><\/p>\n<p><img decoding=\"async\" src=\"https:\/\/img.kiosko.net\/2025\/10\/10\/ar\/ar_epoca.jpg\" \/><\/p>\n<p><img decoding=\"async\" src=\"https:\/\/img.kiosko.net\/2025\/10\/10\/ar\/ar_elsol.jpg\" \/><\/p>\n<p><img decoding=\"async\" src=\"https:\/\/img.kiosko.net\/2025\/10\/10\/ar\/ar_01.jpg\" \/><\/p>\n<p><img decoding=\"async\" src=\"https:\/\/img.kiosko.net\/2025\/10\/10\/ar\/ar_02.jpg\" \/><\/p>\n<p><img decoding=\"async\" src=\"https:\/\/img.kiosko.net\/2025\/10\/10\/ar\/ar_03.jpg\" \/><\/p>\n<p><img decoding=\"async\" src=\"https:\/\/img.kiosko.net\/2025\/10\/10\/ar\/ar_04.jpg\" \/><\/p>\n<p><img decoding=\"async\" src=\"https:\/\/img.kiosko.net\/2025\/10\/10\/ar\/ar_05.jpg\" \/><\/p>\n<p>&nbsp;<\/p>","protected":false},"excerpt":{"rendered":"<p>La obra del Centro Penitenciario Federal VII en Marcos Paz avanza con el objetivo de cerrar definitivamente la c\u00e1rcel de Villa Devoto, una deuda hist\u00f3rica en materia de infraestructura penitenciaria. Con un 82% de avance y una fecha de apertura prevista para marzo de 2026, el nuevo complejo busca relocalizar a m\u00e1s de dos mil [&hellip;]<\/p>","protected":false},"author":5,"featured_media":694923,"comment_status":"open","ping_status":"open","sticky":false,"template":"","format":"standard","meta":[],"categories":[28,56],"tags":[1160,3464,4242,3246,4232,4234,4235,630,4241,1297,27,4239,2117,4245,982,4238,4095,375,3601,4236,4244,4240,4246,537,4243,4237,4233],"series":[],"_links":{"self":[{"href":"https:\/\/www.diario5.com.ar\/es\/wp-json\/wp\/v2\/posts\/692393"}],"collection":[{"href":"https:\/\/www.diario5.com.ar\/es\/wp-json\/wp\/v2\/posts"}],"about":[{"href":"https:\/\/www.diario5.com.ar\/es\/wp-json\/wp\/v2\/types\/post"}],"author":[{"embeddable":true,"href":"https:\/\/www.diario5.com.ar\/es\/wp-json\/wp\/v2\/users\/5"}],"replies":[{"embeddable":true,"href":"https:\/\/www.diario5.com.ar\/es\/wp-json\/wp\/v2\/comments?post=692393"}],"version-history":[{"count":3,"href":"https:\/\/www.diario5.com.ar\/es\/wp-json\/wp\/v2\/posts\/692393\/revisions"}],"predecessor-version":[{"id":694924,"href":"https:\/\/www.diario5.com.ar\/es\/wp-json\/wp\/v2\/posts\/692393\/revisions\/694924"}],"wp:featuredmedia":[{"embeddable":true,"href":"https:\/\/www.diario5.com.ar\/es\/wp-json\/wp\/v2\/media\/694923"}],"wp:attachment":[{"href":"https:\/\/www.diario5.com.ar\/es\/wp-json\/wp\/v2\/media?parent=692393"}],"wp:term":[{"taxonomy":"category","embeddable":true,"href":"https:\/\/www.diario5.com.ar\/es\/wp-json\/wp\/v2\/categories?post=692393"},{"taxonomy":"post_tag","embeddable":true,"href":"https:\/\/www.diario5.com.ar\/es\/wp-json\/wp\/v2\/tags?post=692393"},{"taxonomy":"series","embeddable":true,"href":"https:\/\/www.diario5.com.ar\/es\/wp-json\/wp\/v2\/series?post=692393"}],"curies":[{"name":"wp","href":"https:\/\/api.w.org\/{rel}","templated":true}]}}