{"id":692391,"date":"2025-10-08T06:00:00","date_gmt":"2025-10-08T09:00:00","guid":{"rendered":"http:\/\/diario5.com.ar\/?p=692391"},"modified":"2025-10-08T22:04:57","modified_gmt":"2025-10-09T01:04:57","slug":"692391","status":"publish","type":"post","link":"https:\/\/www.diario5.com.ar\/es\/692391\/","title":{"rendered":"IA en clase"},"content":{"rendered":"<h2 class=\"sub-title-primary\"><\/h2> <p><img decoding=\"async\" loading=\"lazy\" class=\"alignnone size-full wp-image-694896\" src=\"https:\/\/www.diario5.com.ar\/wp-content\/uploads\/2025\/10\/int_art_en_clase.jpg\" alt=\"\" width=\"1600\" height=\"837\" srcset=\"https:\/\/www.diario5.com.ar\/wp-content\/uploads\/2025\/10\/int_art_en_clase.jpg 1600w, https:\/\/www.diario5.com.ar\/wp-content\/uploads\/2025\/10\/int_art_en_clase-300x157.jpg 300w, https:\/\/www.diario5.com.ar\/wp-content\/uploads\/2025\/10\/int_art_en_clase-1024x536.jpg 1024w, https:\/\/www.diario5.com.ar\/wp-content\/uploads\/2025\/10\/int_art_en_clase-768x402.jpg 768w, https:\/\/www.diario5.com.ar\/wp-content\/uploads\/2025\/10\/int_art_en_clase-1536x804.jpg 1536w\" sizes=\"(max-width: 1600px) 100vw, 1600px\" \/><\/p>\n<p>En el marco de una charla organizada por el Ministerio de Educaci\u00f3n de la Ciudad de Buenos Aires, dos docentes compartieron sus experiencias y reflexiones sobre el uso de la inteligencia artificial (IA) y los dispositivos m\u00f3viles en el \u00e1mbito escolar. Participaron Norma Lascuray, supervisora escolar del Distrito 4 de nivel primario, y Leticia Cabrera, rectora del Colegio N.\u00ba 7 D.E. 3 \u00abJuan Mart\u00edn de Pueyrred\u00f3n\u00bb.<\/p>\n<p>Ambas docentes formaron parte de la reciente capacitaci\u00f3n sobre Gemini de Google, que convoc\u00f3 a m\u00e1s de 2.100 educadores de escuelas estatales y privadas. Esta iniciativa posiciona a la Ciudad como referente regional en formaci\u00f3n docente vinculada a la IA aplicada a la educaci\u00f3n.<\/p>\n<p>Durante el encuentro, se destac\u00f3 la importancia de abordar la inteligencia artificial desde una perspectiva cr\u00edtica y pedag\u00f3gica, promoviendo la formaci\u00f3n continua y el acompa\u00f1amiento institucional. Cabrera se\u00f1al\u00f3 que la IA puede facilitar la tarea docente y abrir nuevas posibilidades de aprendizaje, siempre que su implementaci\u00f3n est\u00e9 respaldada por definiciones institucionales claras y criterios compartidos.<\/p>\n<p>Respecto al uso de celulares en las aulas, Lascuray remarc\u00f3 que en el nivel primario existe una normativa que restringe su uso, mientras que en secundaria a\u00fan se observan situaciones de uso indebido. Ambas coincidieron en que no se trata \u00fanicamente de prohibir, sino de ense\u00f1ar a utilizar la tecnolog\u00eda de manera responsable, comprendiendo cu\u00e1ndo y para qu\u00e9 hacerlo.<\/p>\n<p>La charla fue moderada por Victoria Ezcurra, gerenta operativa de Educaci\u00f3n Digital del Ministerio, quien subray\u00f3 la relevancia de generar espacios de reflexi\u00f3n sobre el uso pedag\u00f3gico de la tecnolog\u00eda. En el marco del Plan Estrat\u00e9gico Buenos Aires Aprende, el encuentro permiti\u00f3 profundizar en los desaf\u00edos y oportunidades que presentan la inteligencia artificial y los dispositivos m\u00f3viles para la ense\u00f1anza y el aprendizaje en las escuelas de la Ciudad.<\/p>\n<p>&nbsp;<\/p>\n<p>&nbsp;<\/p>\n<p><img decoding=\"async\" loading=\"lazy\" class=\"aligncenter size-full wp-image-694899\" src=\"https:\/\/www.diario5.com.ar\/wp-content\/uploads\/2025\/10\/voz_chaco20251008.jpg\" width=\"700\" height=\"816\" srcset=\"https:\/\/www.diario5.com.ar\/wp-content\/uploads\/2025\/10\/voz_chaco20251008.jpg 700w, https:\/\/www.diario5.com.ar\/wp-content\/uploads\/2025\/10\/voz_chaco20251008-257x300.jpg 257w\" sizes=\"(max-width: 700px) 100vw, 700px\" \/><\/p>\n<p><img decoding=\"async\" loading=\"lazy\" class=\"aligncenter size-full wp-image-694900\" src=\"https:\/\/www.diario5.com.ar\/wp-content\/uploads\/2025\/10\/ar_cronista20251008.jpg\" width=\"700\" height=\"998\" srcset=\"https:\/\/www.diario5.com.ar\/wp-content\/uploads\/2025\/10\/ar_cronista20251008.jpg 700w, https:\/\/www.diario5.com.ar\/wp-content\/uploads\/2025\/10\/ar_cronista20251008-210x300.jpg 210w\" sizes=\"(max-width: 700px) 100vw, 700px\" \/><\/p>\n<p><img decoding=\"async\" loading=\"lazy\" class=\"aligncenter size-full wp-image-694901\" src=\"https:\/\/www.diario5.com.ar\/wp-content\/uploads\/2025\/10\/ar_eldia20251008.jpg\" width=\"700\" height=\"1030\" srcset=\"https:\/\/www.diario5.com.ar\/wp-content\/uploads\/2025\/10\/ar_eldia20251008.jpg 700w, https:\/\/www.diario5.com.ar\/wp-content\/uploads\/2025\/10\/ar_eldia20251008-204x300.jpg 204w, https:\/\/www.diario5.com.ar\/wp-content\/uploads\/2025\/10\/ar_eldia20251008-696x1024.jpg 696w\" sizes=\"(max-width: 700px) 100vw, 700px\" \/><\/p>\n<p><img decoding=\"async\" loading=\"lazy\" class=\"aligncenter size-full wp-image-694902\" src=\"https:\/\/www.diario5.com.ar\/wp-content\/uploads\/2025\/10\/ar_chubut20251008.jpg\" width=\"700\" height=\"905\" srcset=\"https:\/\/www.diario5.com.ar\/wp-content\/uploads\/2025\/10\/ar_chubut20251008.jpg 700w, https:\/\/www.diario5.com.ar\/wp-content\/uploads\/2025\/10\/ar_chubut20251008-232x300.jpg 232w\" sizes=\"(max-width: 700px) 100vw, 700px\" \/><\/p>\n<p><img decoding=\"async\" loading=\"lazy\" class=\"aligncenter size-full wp-image-694903\" src=\"https:\/\/www.diario5.com.ar\/wp-content\/uploads\/2025\/10\/ar_clarin20251008.jpg\" width=\"700\" height=\"977\" srcset=\"https:\/\/www.diario5.com.ar\/wp-content\/uploads\/2025\/10\/ar_clarin20251008.jpg 700w, https:\/\/www.diario5.com.ar\/wp-content\/uploads\/2025\/10\/ar_clarin20251008-215x300.jpg 215w\" sizes=\"(max-width: 700px) 100vw, 700px\" \/><\/p>\n<p><img decoding=\"async\" loading=\"lazy\" class=\"aligncenter size-full wp-image-694904\" src=\"https:\/\/www.diario5.com.ar\/wp-content\/uploads\/2025\/10\/nacion20251008.jpg\" width=\"700\" height=\"1056\" srcset=\"https:\/\/www.diario5.com.ar\/wp-content\/uploads\/2025\/10\/nacion20251008.jpg 700w, https:\/\/www.diario5.com.ar\/wp-content\/uploads\/2025\/10\/nacion20251008-199x300.jpg 199w, https:\/\/www.diario5.com.ar\/wp-content\/uploads\/2025\/10\/nacion20251008-679x1024.jpg 679w\" sizes=\"(max-width: 700px) 100vw, 700px\" \/><\/p>","protected":false},"excerpt":{"rendered":"<p>En el marco de una charla organizada por el Ministerio de Educaci\u00f3n de la Ciudad de Buenos Aires, dos docentes compartieron sus experiencias y reflexiones sobre el uso de la inteligencia artificial (IA) y los dispositivos m\u00f3viles en el \u00e1mbito escolar. Participaron Norma Lascuray, supervisora escolar del Distrito 4 de nivel primario, y Leticia Cabrera, [&hellip;]<\/p>","protected":false},"author":5,"featured_media":694896,"comment_status":"open","ping_status":"open","sticky":false,"template":"","format":"standard","meta":[],"categories":[26,3105,56,98],"tags":[3571,474,3417,4232,2375,630,2386,3573,27,3415,3570,2114,4228,4227,3566,4230,3106,4229,3696,560,2269,3874,3875,3936,3468,3572,3653,3565,4231],"series":[],"_links":{"self":[{"href":"https:\/\/www.diario5.com.ar\/es\/wp-json\/wp\/v2\/posts\/692391"}],"collection":[{"href":"https:\/\/www.diario5.com.ar\/es\/wp-json\/wp\/v2\/posts"}],"about":[{"href":"https:\/\/www.diario5.com.ar\/es\/wp-json\/wp\/v2\/types\/post"}],"author":[{"embeddable":true,"href":"https:\/\/www.diario5.com.ar\/es\/wp-json\/wp\/v2\/users\/5"}],"replies":[{"embeddable":true,"href":"https:\/\/www.diario5.com.ar\/es\/wp-json\/wp\/v2\/comments?post=692391"}],"version-history":[{"count":4,"href":"https:\/\/www.diario5.com.ar\/es\/wp-json\/wp\/v2\/posts\/692391\/revisions"}],"predecessor-version":[{"id":694905,"href":"https:\/\/www.diario5.com.ar\/es\/wp-json\/wp\/v2\/posts\/692391\/revisions\/694905"}],"wp:featuredmedia":[{"embeddable":true,"href":"https:\/\/www.diario5.com.ar\/es\/wp-json\/wp\/v2\/media\/694896"}],"wp:attachment":[{"href":"https:\/\/www.diario5.com.ar\/es\/wp-json\/wp\/v2\/media?parent=692391"}],"wp:term":[{"taxonomy":"category","embeddable":true,"href":"https:\/\/www.diario5.com.ar\/es\/wp-json\/wp\/v2\/categories?post=692391"},{"taxonomy":"post_tag","embeddable":true,"href":"https:\/\/www.diario5.com.ar\/es\/wp-json\/wp\/v2\/tags?post=692391"},{"taxonomy":"series","embeddable":true,"href":"https:\/\/www.diario5.com.ar\/es\/wp-json\/wp\/v2\/series?post=692391"}],"curies":[{"name":"wp","href":"https:\/\/api.w.org\/{rel}","templated":true}]}}