{"id":692385,"date":"2025-10-02T06:00:00","date_gmt":"2025-10-02T09:00:00","guid":{"rendered":"http:\/\/diario5.com.ar\/?p=692385"},"modified":"2025-10-02T17:13:39","modified_gmt":"2025-10-02T20:13:39","slug":"692385","status":"publish","type":"post","link":"https:\/\/www.diario5.com.ar\/es\/692385\/","title":{"rendered":"El dilema verde"},"content":{"rendered":"<h2 class=\"sub-title-primary\">La olvidable costumbre de llevar las cosas a los extremos sin profundizar sobre las alternativas que se abren el camino que los distancia, se extiende a decenas de disciplinas y \u00e1reas de acci\u00f3n de la vida institucional, incluyendo las que deben decidir d\u00f3nde es necesario replantar un \u00e1rbol y d\u00f3nde retirar uno que est\u00e1 causando da\u00f1os.<\/h2> <p><img decoding=\"async\" loading=\"lazy\" class=\"alignnone size-full wp-image-694816\" src=\"https:\/\/www.diario5.com.ar\/wp-content\/uploads\/2025\/10\/arbol_rompe_todo_1.jpg\" alt=\"\" width=\"1280\" height=\"720\" srcset=\"https:\/\/www.diario5.com.ar\/wp-content\/uploads\/2025\/10\/arbol_rompe_todo_1.jpg 1280w, https:\/\/www.diario5.com.ar\/wp-content\/uploads\/2025\/10\/arbol_rompe_todo_1-300x169.jpg 300w, https:\/\/www.diario5.com.ar\/wp-content\/uploads\/2025\/10\/arbol_rompe_todo_1-1024x576.jpg 1024w, https:\/\/www.diario5.com.ar\/wp-content\/uploads\/2025\/10\/arbol_rompe_todo_1-768x432.jpg 768w\" sizes=\"(max-width: 1280px) 100vw, 1280px\" \/> \u00a0<img decoding=\"async\" loading=\"lazy\" class=\"alignnone size-full wp-image-694818\" src=\"https:\/\/www.diario5.com.ar\/wp-content\/uploads\/2025\/10\/arbol_rompe_todo_3.jpg\" alt=\"\" width=\"720\" height=\"1280\" srcset=\"https:\/\/www.diario5.com.ar\/wp-content\/uploads\/2025\/10\/arbol_rompe_todo_3.jpg 720w, https:\/\/www.diario5.com.ar\/wp-content\/uploads\/2025\/10\/arbol_rompe_todo_3-169x300.jpg 169w, https:\/\/www.diario5.com.ar\/wp-content\/uploads\/2025\/10\/arbol_rompe_todo_3-576x1024.jpg 576w\" sizes=\"(max-width: 720px) 100vw, 720px\" \/><\/p>\n<p>En las veredas, hay algunos espacios vac\u00edos sin \u00e1rboles y el GCBA no planta nuevos, mientras que existen \u00e1rboles de tal magnitud con m\u00e1s de 1 m de di\u00e1metro, que est\u00e1n rompiendo veredas enteras, m\u00e1rmoles de umbrales, resquebrajando paredes de frentes y medianeras y por los que la decisi\u00f3n m\u00e1s l\u00f3gica y obvia es retirarlos. Existe el llamado \u00abcorte de ra\u00edces\u00bb. Lo hacen de un lateral del \u00e1rea radical del \u00e1rbol, pero es inefectivo y hasta peligroso porque el \u00e1rbol puede inclinarse hacia el lado contrario.<\/p>\n<p>\u00c1rboles que faltan, \u00e1rboles que sobran: el dilema verde de nuestras veredas.<\/p>\n<p>No es un juego. A nadie le gusta que caminar por algunas veredas sea una especie de slalom urbano. En ciertos tramos, hay espacios vac\u00edos donde alguna vez hubo \u00e1rboles, y donde hoy no hay ni sombra ni intenci\u00f3n de reponerlos. Mientras tanto, a apenas cinco metros, \u00e1rboles de dimensiones monumentales \u2014con m\u00e1s de un metro de di\u00e1metro\u2014 avanzan sin freno, rompiendo baldosas, m\u00e1rmoles de umbrales, y hasta resquebrajando paredes de frentes y medianeras.<\/p>\n<p>Jam\u00e1s dijimos que el Gobierno de la Ciudad de Buenos Aires mirara para otro lado en este tema. Dijimos y ratificamos algo m\u00e1s grave: planta nuevos ejemplares donde -conforme a su criterio- faltan, pero no donde los vecinos lo tienen claro.<\/p>\n<p><img decoding=\"async\" loading=\"lazy\" class=\"alignnone size-full wp-image-694815\" src=\"https:\/\/www.diario5.com.ar\/wp-content\/uploads\/2025\/10\/arbol_falta.jpg\" alt=\"\" width=\"1280\" height=\"720\" srcset=\"https:\/\/www.diario5.com.ar\/wp-content\/uploads\/2025\/10\/arbol_falta.jpg 1280w, https:\/\/www.diario5.com.ar\/wp-content\/uploads\/2025\/10\/arbol_falta-300x169.jpg 300w, https:\/\/www.diario5.com.ar\/wp-content\/uploads\/2025\/10\/arbol_falta-1024x576.jpg 1024w, https:\/\/www.diario5.com.ar\/wp-content\/uploads\/2025\/10\/arbol_falta-768x432.jpg 768w\" sizes=\"(max-width: 1280px) 100vw, 1280px\" \/><\/p>\n<p>No se toman decisiones firmes donde los \u00e1rboles se han convertido en una amenaza estructural. En este punto hay una catarata de sabihondos. Al existir una pr\u00e1ctica llamada \u201ccorte de ra\u00edces\u201d, que consiste en intervenir un lateral del sistema radical del \u00e1rbol, la mayor\u00eda de los involucrados en las diferentes \u00e1reas de espacio p\u00fablico y arbolado, responden al est\u00e1ndar de aplicar esa t\u00e9cnica, que no siempre es la verdaderamente necesaria.<\/p>\n<p>\u00bfCu\u00e1l es el problema?<\/p>\n<p>El mismo de centenares o miles de municipios y alcald\u00edas en todo el mundo: las disputa internas por la pol\u00edtica ecol\u00f3gica de las \u00e1reas urbanas. Y los que est\u00e1n a favor de nunca talar un \u00e1rbol urbano, es 100% seguro que jam\u00e1s debieron enfrentarse al problema de la rotura del frente de su casa. Lejos de ser una soluci\u00f3n, los corte de ra\u00edz pueden resultar contraproducentes: el \u00e1rbol, debilitado de un lado, tiende a inclinarse hacia el otro, generando un riesgo a\u00fan mayor.<\/p>\n<p>\u00bfQu\u00e9 hacemos con los \u00e1rboles que ya no cuidan?<\/p>\n<p>La l\u00f3gica indica que, cuando un \u00e1rbol pone en peligro construcciones y peatones, debe retirarse. Pero esa l\u00f3gica parece no aplicarse en la planificaci\u00f3n urbana. El arbolado p\u00fablico deber\u00eda ser un sistema vivo, equilibrado, pensado para convivir con la ciudad y no para enfrentarse a ella.<\/p>\n<p>Hoy, ese equilibrio est\u00e1 roto.<\/p>\n<p><img decoding=\"async\" loading=\"lazy\" class=\"alignnone size-full wp-image-694817\" src=\"https:\/\/www.diario5.com.ar\/wp-content\/uploads\/2025\/10\/arbol_rompe_todo_2.jpg\" alt=\"\" width=\"720\" height=\"1280\" srcset=\"https:\/\/www.diario5.com.ar\/wp-content\/uploads\/2025\/10\/arbol_rompe_todo_2.jpg 720w, https:\/\/www.diario5.com.ar\/wp-content\/uploads\/2025\/10\/arbol_rompe_todo_2-169x300.jpg 169w, https:\/\/www.diario5.com.ar\/wp-content\/uploads\/2025\/10\/arbol_rompe_todo_2-576x1024.jpg 576w\" sizes=\"(max-width: 720px) 100vw, 720px\" \/><\/p>\n<p>Los gobiernos (\u00e9ste no es el \u00fanico) tienen miedo de enfrentarse a las hordas que defienden de manera fan\u00e1tica e irracional un conservacionismo indiscriminado y masivo de arboledas a las que no se les hace un estudio real de individuos, a pesar de que hay personal que cobra sueldos muy importantes para cumplir ese rol.<\/p>\n<p>El otro problema es el costo de sacar un \u00e1rbol en una calle. Lleva horas de trabajo, es peligroso. atrae a las c\u00e1maras de TV, a las redes sociales y es considerado, a pesar de sus innegable necesidad a nivel estructural, de lo m\u00e1s pol\u00edticamente incorrecto y nadie se anima a dar el paso necesario.<\/p>\n<p>Ya no hay un quiz\u00e1s para deducir que lleg\u00f3 la hora de que el GCBA escarbe en su pol\u00edtica de arbolado y se incline hacia una mirada m\u00e1s integral. No es aceptable que no haya un \u00e1rea que pueda dilucidar y discernir para plantar donde falta, retirar donde sobra y cuidar donde a\u00fan se puede. Y ah\u00ed nace un problema complementario: <a href=\"https:\/\/buenosaires.gob.ar\/tramites\/denuncia-de-danos-en-la-publica-causados-por-arboles\" target=\"_blank\" rel=\"noopener\">LA AMBIG\u00dcEDAD DE LAS NORMAS<\/a> y la flexibilidad (m\u00e1s bien, flojera) para hacerlas cumplir cuando a la dirigencia le puede traer costos varios.<\/p>\n<p>&nbsp;<\/p>\n<p>&nbsp;<\/p>\n<p><img decoding=\"async\" loading=\"lazy\" class=\"aligncenter size-full wp-image-694830\" src=\"https:\/\/www.diario5.com.ar\/wp-content\/uploads\/2025\/10\/la_capital20251002.jpg\" width=\"700\" height=\"943\" srcset=\"https:\/\/www.diario5.com.ar\/wp-content\/uploads\/2025\/10\/la_capital20251002.jpg 700w, https:\/\/www.diario5.com.ar\/wp-content\/uploads\/2025\/10\/la_capital20251002-223x300.jpg 223w\" sizes=\"(max-width: 700px) 100vw, 700px\" \/><\/p>\n<p><img decoding=\"async\" loading=\"lazy\" class=\"aligncenter size-full wp-image-694821\" src=\"https:\/\/www.diario5.com.ar\/wp-content\/uploads\/2025\/10\/ar_ancasti20251002.jpg\" width=\"700\" height=\"949\" srcset=\"https:\/\/www.diario5.com.ar\/wp-content\/uploads\/2025\/10\/ar_ancasti20251002.jpg 700w, https:\/\/www.diario5.com.ar\/wp-content\/uploads\/2025\/10\/ar_ancasti20251002-221x300.jpg 221w\" sizes=\"(max-width: 700px) 100vw, 700px\" \/><\/p>\n<p><img decoding=\"async\" loading=\"lazy\" class=\"aligncenter size-full wp-image-694822\" src=\"https:\/\/www.diario5.com.ar\/wp-content\/uploads\/2025\/10\/voz_chaco20251002.jpg\" width=\"700\" height=\"816\" srcset=\"https:\/\/www.diario5.com.ar\/wp-content\/uploads\/2025\/10\/voz_chaco20251002.jpg 700w, https:\/\/www.diario5.com.ar\/wp-content\/uploads\/2025\/10\/voz_chaco20251002-257x300.jpg 257w\" sizes=\"(max-width: 700px) 100vw, 700px\" \/><\/p>\n<p><img decoding=\"async\" loading=\"lazy\" class=\"aligncenter size-full wp-image-694823\" src=\"https:\/\/www.diario5.com.ar\/wp-content\/uploads\/2025\/10\/ar_cronista20251002.jpg\" width=\"700\" height=\"1008\" srcset=\"https:\/\/www.diario5.com.ar\/wp-content\/uploads\/2025\/10\/ar_cronista20251002.jpg 700w, https:\/\/www.diario5.com.ar\/wp-content\/uploads\/2025\/10\/ar_cronista20251002-208x300.jpg 208w\" sizes=\"(max-width: 700px) 100vw, 700px\" \/><\/p>\n<p><img decoding=\"async\" loading=\"lazy\" class=\"aligncenter size-full wp-image-694824\" src=\"https:\/\/www.diario5.com.ar\/wp-content\/uploads\/2025\/10\/ar_eldia20251002.jpg\" width=\"700\" height=\"1039\" srcset=\"https:\/\/www.diario5.com.ar\/wp-content\/uploads\/2025\/10\/ar_eldia20251002.jpg 700w, https:\/\/www.diario5.com.ar\/wp-content\/uploads\/2025\/10\/ar_eldia20251002-202x300.jpg 202w, https:\/\/www.diario5.com.ar\/wp-content\/uploads\/2025\/10\/ar_eldia20251002-690x1024.jpg 690w\" sizes=\"(max-width: 700px) 100vw, 700px\" \/><\/p>\n<p><img decoding=\"async\" loading=\"lazy\" class=\"aligncenter size-full wp-image-694825\" src=\"https:\/\/www.diario5.com.ar\/wp-content\/uploads\/2025\/10\/ar_hoy20251002.jpg\" width=\"700\" height=\"920\" srcset=\"https:\/\/www.diario5.com.ar\/wp-content\/uploads\/2025\/10\/ar_hoy20251002.jpg 700w, https:\/\/www.diario5.com.ar\/wp-content\/uploads\/2025\/10\/ar_hoy20251002-228x300.jpg 228w\" sizes=\"(max-width: 700px) 100vw, 700px\" \/><\/p>\n<p><img decoding=\"async\" loading=\"lazy\" class=\"aligncenter size-full wp-image-694826\" src=\"https:\/\/www.diario5.com.ar\/wp-content\/uploads\/2025\/10\/ar_chubut20251002.jpg\" width=\"700\" height=\"902\" srcset=\"https:\/\/www.diario5.com.ar\/wp-content\/uploads\/2025\/10\/ar_chubut20251002.jpg 700w, https:\/\/www.diario5.com.ar\/wp-content\/uploads\/2025\/10\/ar_chubut20251002-233x300.jpg 233w\" sizes=\"(max-width: 700px) 100vw, 700px\" \/><\/p>\n<p><img decoding=\"async\" loading=\"lazy\" class=\"aligncenter size-full wp-image-694827\" src=\"https:\/\/www.diario5.com.ar\/wp-content\/uploads\/2025\/10\/ar_clarin20251002.jpg\" width=\"700\" height=\"977\" srcset=\"https:\/\/www.diario5.com.ar\/wp-content\/uploads\/2025\/10\/ar_clarin20251002.jpg 700w, https:\/\/www.diario5.com.ar\/wp-content\/uploads\/2025\/10\/ar_clarin20251002-215x300.jpg 215w\" sizes=\"(max-width: 700px) 100vw, 700px\" \/><\/p>\n<p><img decoding=\"async\" loading=\"lazy\" class=\"aligncenter size-full wp-image-694828\" src=\"https:\/\/www.diario5.com.ar\/wp-content\/uploads\/2025\/10\/nacion20251002.jpg\" width=\"700\" height=\"1056\" srcset=\"https:\/\/www.diario5.com.ar\/wp-content\/uploads\/2025\/10\/nacion20251002.jpg 700w, https:\/\/www.diario5.com.ar\/wp-content\/uploads\/2025\/10\/nacion20251002-199x300.jpg 199w, https:\/\/www.diario5.com.ar\/wp-content\/uploads\/2025\/10\/nacion20251002-679x1024.jpg 679w\" sizes=\"(max-width: 700px) 100vw, 700px\" \/><\/p>\n<p><img decoding=\"async\" loading=\"lazy\" class=\"aligncenter size-full wp-image-694821\" src=\"https:\/\/www.diario5.com.ar\/wp-content\/uploads\/2025\/10\/ar_ancasti20251002.jpg\" width=\"700\" height=\"949\" srcset=\"https:\/\/www.diario5.com.ar\/wp-content\/uploads\/2025\/10\/ar_ancasti20251002.jpg 700w, https:\/\/www.diario5.com.ar\/wp-content\/uploads\/2025\/10\/ar_ancasti20251002-221x300.jpg 221w\" sizes=\"(max-width: 700px) 100vw, 700px\" \/><\/p>\n<p>&nbsp;<\/p>","protected":false},"excerpt":{"rendered":"<p>La olvidable costumbre de llevar las cosas a los extremos sin profundizar sobre las alternativas que se abren el camino que los distancia, se extiende a decenas de disciplinas y \u00e1reas de acci\u00f3n de la vida institucional, incluyendo las que deben decidir d\u00f3nde es necesario replantar un \u00e1rbol y d\u00f3nde retirar uno que est\u00e1 causando [&hellip;]<\/p>","protected":false},"author":9,"featured_media":694816,"comment_status":"open","ping_status":"open","sticky":false,"template":"","format":"standard","meta":[],"categories":[1795,75,95,56],"tags":[474,630,778,3599,1631,2794,2931,1632,1860,1875,1790,567,1685,1459],"series":[],"_links":{"self":[{"href":"https:\/\/www.diario5.com.ar\/es\/wp-json\/wp\/v2\/posts\/692385"}],"collection":[{"href":"https:\/\/www.diario5.com.ar\/es\/wp-json\/wp\/v2\/posts"}],"about":[{"href":"https:\/\/www.diario5.com.ar\/es\/wp-json\/wp\/v2\/types\/post"}],"author":[{"embeddable":true,"href":"https:\/\/www.diario5.com.ar\/es\/wp-json\/wp\/v2\/users\/9"}],"replies":[{"embeddable":true,"href":"https:\/\/www.diario5.com.ar\/es\/wp-json\/wp\/v2\/comments?post=692385"}],"version-history":[{"count":5,"href":"https:\/\/www.diario5.com.ar\/es\/wp-json\/wp\/v2\/posts\/692385\/revisions"}],"predecessor-version":[{"id":694831,"href":"https:\/\/www.diario5.com.ar\/es\/wp-json\/wp\/v2\/posts\/692385\/revisions\/694831"}],"wp:featuredmedia":[{"embeddable":true,"href":"https:\/\/www.diario5.com.ar\/es\/wp-json\/wp\/v2\/media\/694816"}],"wp:attachment":[{"href":"https:\/\/www.diario5.com.ar\/es\/wp-json\/wp\/v2\/media?parent=692385"}],"wp:term":[{"taxonomy":"category","embeddable":true,"href":"https:\/\/www.diario5.com.ar\/es\/wp-json\/wp\/v2\/categories?post=692385"},{"taxonomy":"post_tag","embeddable":true,"href":"https:\/\/www.diario5.com.ar\/es\/wp-json\/wp\/v2\/tags?post=692385"},{"taxonomy":"series","embeddable":true,"href":"https:\/\/www.diario5.com.ar\/es\/wp-json\/wp\/v2\/series?post=692385"}],"curies":[{"name":"wp","href":"https:\/\/api.w.org\/{rel}","templated":true}]}}