{"id":692366,"date":"2025-09-13T06:07:00","date_gmt":"2025-09-13T09:07:00","guid":{"rendered":"http:\/\/diario5.com.ar\/?p=692366"},"modified":"2025-09-13T06:09:51","modified_gmt":"2025-09-13T09:09:51","slug":"692366","status":"publish","type":"post","link":"https:\/\/www.diario5.com.ar\/es\/692366\/","title":{"rendered":"El afiche acierta"},"content":{"rendered":"<h2 class=\"sub-title-primary\">El veto, un s\u00edmbolo de ruptura. <\/h2> <p><img decoding=\"async\" src=\"https:\/\/www.diario5.com.ar\/imgtapas\/garrahan1.jpg\" \/><\/p>\n<p>El mensaje que circula desde el Comit\u00e9 Ejecutivo del CIN supera la instancia de convocatoria para convertirse en un cuadro descriptivo. Ya es un s\u00edntoma. Va quedando cada vez m\u00e1s n\u00edtida la imagen de que la Marcha Federal del 17 de septiembre, que unir\u00e1 a las universidades p\u00fablicas con el Hospital Garrahan, no se organiza por capricho o rutina gremial.<\/p>\n<p>Se est\u00e1 generalizando la sensaci\u00f3n de que el veto presidencial a la Ley de Financiamiento Universitario y al presupuesto del Garrahan representa una l\u00ednea de quiebre. Tiene olor a global, a un\u00e1nime. Estamos ante una l\u00ednea que separa el discurso de la gesti\u00f3n y, probablemente, la promesa de la realidad.<\/p>\n<p>Pero quienes m\u00e1s sorprendidos quedan con estas acciones, reacciones y contrarreacciones de la actual administraci\u00f3n, es el esfuerzo que parecen estar haciendo de agrandar la distancia entre la pol\u00edtica y el sentido com\u00fan.<\/p>\n<p>Es m\u00e1s que obvio que el conflicto con las universidades no es nuevo. POr eso, intensificarlo es no entender algunos ribetes (por no decir ninguno) de la pol\u00edtica institucional del pa\u00eds. Son muchos los agujeros por donde el bote universitario hace agua: falta de actualizaci\u00f3n presupuestaria, deterioro de salarios docentes, precarizaci\u00f3n de la infraestructura y vaciamiento de programas estrat\u00e9gicos. Aunque habr\u00eda m\u00e1s para marcar, tenemos -hasta ah\u00ed- suficientes alarmas para confirmar que la educaci\u00f3n superior supera, con creces, el estado de emergencia.<\/p>\n<p>El veto a la ley que buscaba recomponer m\u00ednimamente un cierto escenario digno, desfinancia y deslegitima.<\/p>\n<p>\u00bfY d\u00f3nde se agrava este problema?<\/p>\n<p>En la justificaci\u00f3n. En hacerlo en nombre de una austeridad que no se aplica con la misma vara en otros sectores del poder.<\/p>\n<p>El caso del Hospital Garrahan es a\u00fan m\u00e1s sensible. No hay quien ignore que hablamos de una instituci\u00f3n que atiende a miles de ni\u00f1os de todo el pa\u00eds, cuya labor <em>barre con todas las fronteras ideol\u00f3gicas<\/em>. La irracional decisi\u00f3n t\u00e9cnica de vetar su presupuesto es -ya millones de argentinos lo est\u00e1n expresando- una se\u00f1al pol\u00edtica que se lee como un -rar\u00edsimo- triple desprecio por lo p\u00fablico, lo federal y lo esencial.<\/p>\n<p>La Marcha Federal conjunta ser\u00e1 movilizaci\u00f3n con foco en los legisladores que deber\u00e1n decidir si sostienen el veto o lo rechazan. Se van sumando estos cap\u00edtulos.<\/p>\n<p>\u00bfSer\u00e1 tambi\u00e9n una prueba para la sociedad?<\/p>\n<p>\u00bfCu\u00e1nto m\u00e1s se podr\u00eda tolerar el ajuste en \u00e1reas que definen el futuro y la salud de millones?<\/p>\n<p>Estamos entre quienes consideran que si el gobierno se\u00f1ala la existencia de \u00f1oquis y corruptos en estas instituciones, deber\u00edan actuar con celeridad ultra eficiente en auditor\u00edas y definir un qui\u00e9n es qui\u00e9n en la supuesta hemorragia de activos.<\/p>\n<p>El 16 de septiembre se producir\u00e1 un \u00abapag\u00f3n\u00bb simb\u00f3lico. Hay campa\u00f1a en redes, trabajo territorial y un llamado a referentes sociales, pol\u00edticos y religiosos que apunten a construir una narrativa que compita con la cadena nacional rm la que, precisamente, se anunciar\u00e1 el proyecto de ley de presupuesto 2026.<\/p>\n<p>\u00bfUna guerra de relatos?<\/p>\n<p>No. Una disputa por el sentido de lo p\u00fablico.<\/p>\n<p>El mensaje del CIN cierra: \u201cNo somos el problema, somos la soluci\u00f3n\u201d. Es una afirmaci\u00f3n que interpela a quienes gobiernan y tambi\u00e9n a quienes votan, opinan y deciden qu\u00e9 causas acompa\u00f1ar.<\/p>\n<p>Si universidades y hospitales son vistos como gasto y no como inversi\u00f3n, entonces s\u00ed, el afiche en la Plaza de los dos Congresos acierta: estamos para atr\u00e1s.<\/p>\n<blockquote class=\"wp-embedded-content\" data-secret=\"BtdhtWyzTq\"><p><a href=\"https:\/\/www.diario5.com.ar\/es\/692365\/\">Diagn\u00f3stico y Advertencia<\/a><\/p><\/blockquote>\n<p><iframe class=\"wp-embedded-content\" sandbox=\"allow-scripts\" security=\"restricted\" style=\"position: absolute; clip: rect(1px, 1px, 1px, 1px);\" title=\"\u00abDiagn\u00f3stico y Advertencia\u00bb \u2014 Diario 5\" src=\"https:\/\/www.diario5.com.ar\/692365\/embed\/#?secret=mKSIWLtlXb#?secret=BtdhtWyzTq\" data-secret=\"BtdhtWyzTq\" width=\"600\" height=\"338\" frameborder=\"0\" marginwidth=\"0\" marginheight=\"0\" scrolling=\"no\"><\/iframe><\/p>\n<p><img decoding=\"async\" src=\"https:\/\/img.kiosko.net\/2025\/09\/13\/ar\/dia_gualeguaychu.jpg\" \/><\/p>\n<p><img decoding=\"async\" loading=\"lazy\" class=\"aligncenter size-full wp-image-694570\" src=\"https:\/\/www.diario5.com.ar\/wp-content\/uploads\/2025\/09\/ar_nueva_provincia20250913.jpg\" width=\"700\" height=\"968\" srcset=\"https:\/\/www.diario5.com.ar\/wp-content\/uploads\/2025\/09\/ar_nueva_provincia20250913.jpg 700w, https:\/\/www.diario5.com.ar\/wp-content\/uploads\/2025\/09\/ar_nueva_provincia20250913-217x300.jpg 217w\" sizes=\"(max-width: 700px) 100vw, 700px\" \/><\/p>\n<p><img decoding=\"async\" loading=\"lazy\" class=\"aligncenter size-full wp-image-694571\" src=\"https:\/\/www.diario5.com.ar\/wp-content\/uploads\/2025\/09\/ar_ancasti20250913.jpg\" width=\"700\" height=\"949\" srcset=\"https:\/\/www.diario5.com.ar\/wp-content\/uploads\/2025\/09\/ar_ancasti20250913.jpg 700w, https:\/\/www.diario5.com.ar\/wp-content\/uploads\/2025\/09\/ar_ancasti20250913-221x300.jpg 221w\" sizes=\"(max-width: 700px) 100vw, 700px\" \/><\/p>\n<p><img decoding=\"async\" src=\"https:\/\/img.kiosko.net\/2025\/09\/13\/ar\/ar_esquiu.jpg\" \/><\/p>\n<p><img decoding=\"async\" src=\"https:\/\/img.kiosko.net\/2025\/09\/13\/ar\/ar_diario_norte.jpg\" \/><\/p>\n<p><img decoding=\"async\" loading=\"lazy\" class=\"aligncenter size-full wp-image-694572\" src=\"https:\/\/www.diario5.com.ar\/wp-content\/uploads\/2025\/09\/voz_chaco20250913.jpg\" width=\"700\" height=\"816\" srcset=\"https:\/\/www.diario5.com.ar\/wp-content\/uploads\/2025\/09\/voz_chaco20250913.jpg 700w, https:\/\/www.diario5.com.ar\/wp-content\/uploads\/2025\/09\/voz_chaco20250913-257x300.jpg 257w\" sizes=\"(max-width: 700px) 100vw, 700px\" \/><\/p>\n<p><img decoding=\"async\" src=\"https:\/\/img.kiosko.net\/2025\/09\/13\/ar\/ar_diario_madryn.jpg\" \/><\/p>\n<p><img decoding=\"async\" src=\"https:\/\/img.kiosko.net\/2025\/09\/13\/ar\/ar_laprensa.jpg\" \/><\/p>\n<p><img decoding=\"async\" src=\"https:\/\/img.kiosko.net\/2025\/09\/13\/ar\/ar_cronista.jpg\" \/><\/p>\n<p><img decoding=\"async\" src=\"https:\/\/img.kiosko.net\/2025\/09\/13\/ar\/buenosaires_economico.jpg\" \/><\/p>\n<p><img decoding=\"async\" src=\"https:\/\/img.kiosko.net\/2025\/09\/13\/ar\/ar_perfil.jpg\" \/><\/p>\n<p><img decoding=\"async\" loading=\"lazy\" class=\"aligncenter size-full wp-image-694573\" src=\"https:\/\/www.diario5.com.ar\/wp-content\/uploads\/2025\/09\/ar_eldia20250913.jpg\" width=\"700\" height=\"1008\" srcset=\"https:\/\/www.diario5.com.ar\/wp-content\/uploads\/2025\/09\/ar_eldia20250913.jpg 700w, https:\/\/www.diario5.com.ar\/wp-content\/uploads\/2025\/09\/ar_eldia20250913-208x300.jpg 208w\" sizes=\"(max-width: 700px) 100vw, 700px\" \/><\/p>\n<p><img decoding=\"async\" loading=\"lazy\" class=\"aligncenter size-full wp-image-694574\" src=\"https:\/\/www.diario5.com.ar\/wp-content\/uploads\/2025\/09\/ar_hoy20250913.jpg\" width=\"700\" height=\"924\" srcset=\"https:\/\/www.diario5.com.ar\/wp-content\/uploads\/2025\/09\/ar_hoy20250913.jpg 700w, https:\/\/www.diario5.com.ar\/wp-content\/uploads\/2025\/09\/ar_hoy20250913-227x300.jpg 227w\" sizes=\"(max-width: 700px) 100vw, 700px\" \/><\/p>\n<p><img decoding=\"async\" src=\"https:\/\/img.kiosko.net\/2025\/09\/13\/ar\/ar_democracia.jpg\" \/><\/p>\n<p><img decoding=\"async\" loading=\"lazy\" class=\"aligncenter size-full wp-image-694575\" src=\"https:\/\/www.diario5.com.ar\/wp-content\/uploads\/2025\/09\/ar_chubut20250913.jpg\" width=\"700\" height=\"900\" srcset=\"https:\/\/www.diario5.com.ar\/wp-content\/uploads\/2025\/09\/ar_chubut20250913.jpg 700w, https:\/\/www.diario5.com.ar\/wp-content\/uploads\/2025\/09\/ar_chubut20250913-233x300.jpg 233w\" sizes=\"(max-width: 700px) 100vw, 700px\" \/><\/p>\n<p><img decoding=\"async\" src=\"https:\/\/img.kiosko.net\/2025\/09\/13\/ar\/ar_epoca.jpg\" \/><\/p>\n<p><img decoding=\"async\" src=\"https:\/\/img.kiosko.net\/2025\/09\/13\/ar\/ar_litoral.jpg\" \/><\/p>\n<p><img decoding=\"async\" src=\"https:\/\/img.kiosko.net\/2025\/09\/13\/ar\/ar_heraldo.jpg\" \/><\/p>\n<p><img decoding=\"async\" src=\"https:\/\/img.kiosko.net\/2025\/09\/13\/ar\/ar_manana_formosa.jpg\" \/><\/p>\n<p><img decoding=\"async\" src=\"https:\/\/img.kiosko.net\/2025\/09\/13\/ar\/ar_diario_pampa.jpg\" \/><\/p>\n<p><img decoding=\"async\" src=\"https:\/\/img.kiosko.net\/2025\/09\/13\/ar\/ar_pagina12.jpg\" \/><\/p>\n<p><img decoding=\"async\" src=\"https:\/\/img.kiosko.net\/2025\/09\/13\/ar\/ar_arena.jpg\" \/><\/p>\n<p><img decoding=\"async\" src=\"https:\/\/img.kiosko.net\/2025\/09\/13\/ar\/independiente.jpg\" \/><\/p>\n<p><img decoding=\"async\" src=\"https:\/\/img.kiosko.net\/2025\/09\/13\/ar\/nueva_rioja.jpg\" \/><\/p>\n<p><img decoding=\"async\" src=\"https:\/\/img.kiosko.net\/2025\/09\/13\/ar\/ar_losandes.jpg\" \/><\/p>\n<p><img decoding=\"async\" src=\"https:\/\/img.kiosko.net\/2025\/09\/13\/ar\/ar_tribuno.jpg\" \/><\/p>\n<p><img decoding=\"async\" src=\"https:\/\/img.kiosko.net\/2025\/09\/13\/ar\/lea.jpg\" \/><\/p>\n<p><img decoding=\"async\" src=\"https:\/\/img.kiosko.net\/2025\/09\/13\/ar\/ar_nuevo_diario.jpg\" \/><\/p>\n<p><img decoding=\"async\" src=\"https:\/\/img.kiosko.net\/2025\/09\/13\/ar\/ar_diario_cuyo.jpg\" \/><\/p>\n<p><img decoding=\"async\" src=\"https:\/\/img.kiosko.net\/2025\/09\/13\/ar\/huarpe.jpg\" \/><\/p>\n<p><img decoding=\"async\" src=\"https:\/\/img.kiosko.net\/2025\/09\/13\/ar\/ar_diario_republica.jpg\" \/><\/p>\n<p><img decoding=\"async\" src=\"https:\/\/img.kiosko.net\/2025\/09\/13\/ar\/ar_litoral_sfe.jpg\" \/><\/p>\n<p><img decoding=\"async\" src=\"https:\/\/img.kiosko.net\/2025\/09\/13\/ar\/ciudadano.jpg\" \/><\/p>\n<p><img decoding=\"async\" src=\"https:\/\/img.kiosko.net\/2025\/09\/13\/ar\/ar_mirador_provincial.jpg\" \/><\/p>\n<p><img decoding=\"async\" src=\"https:\/\/img.kiosko.net\/2025\/09\/13\/ar\/ar_gaceta.jpg\" \/><\/p>\n<p><img decoding=\"async\" src=\"https:\/\/img.kiosko.net\/2025\/09\/13\/ar\/ar_cronica.jpg\" \/><\/p>\n<p><img decoding=\"async\" loading=\"lazy\" class=\"aligncenter size-full wp-image-694576\" src=\"https:\/\/www.diario5.com.ar\/wp-content\/uploads\/2025\/09\/ar_clarin20250913.jpg\" width=\"700\" height=\"977\" srcset=\"https:\/\/www.diario5.com.ar\/wp-content\/uploads\/2025\/09\/ar_clarin20250913.jpg 700w, https:\/\/www.diario5.com.ar\/wp-content\/uploads\/2025\/09\/ar_clarin20250913-215x300.jpg 215w\" sizes=\"(max-width: 700px) 100vw, 700px\" \/><\/p>\n<p><img decoding=\"async\" loading=\"lazy\" class=\"aligncenter size-full wp-image-694577\" src=\"https:\/\/www.diario5.com.ar\/wp-content\/uploads\/2025\/09\/nacion20250913.jpg\" width=\"700\" height=\"1059\" srcset=\"https:\/\/www.diario5.com.ar\/wp-content\/uploads\/2025\/09\/nacion20250913.jpg 700w, https:\/\/www.diario5.com.ar\/wp-content\/uploads\/2025\/09\/nacion20250913-198x300.jpg 198w, https:\/\/www.diario5.com.ar\/wp-content\/uploads\/2025\/09\/nacion20250913-677x1024.jpg 677w\" sizes=\"(max-width: 700px) 100vw, 700px\" \/><\/p>\n<p><img decoding=\"async\" src=\"https:\/\/img.kiosko.net\/2025\/09\/13\/ar\/ar_eco.jpg\" \/><\/p>\n<p><img decoding=\"async\" src=\"https:\/\/img.kiosko.net\/2025\/09\/13\/ar\/nuevo_diario.jpg\" \/><\/p>\n<p><img decoding=\"async\" src=\"https:\/\/img.kiosko.net\/2025\/09\/13\/ar\/sureno.jpg\" \/><\/p>\n<p><img decoding=\"async\" loading=\"lazy\" class=\"aligncenter size-full wp-image-694571\" src=\"https:\/\/www.diario5.com.ar\/wp-content\/uploads\/2025\/09\/ar_ancasti20250913.jpg\" width=\"700\" height=\"949\" srcset=\"https:\/\/www.diario5.com.ar\/wp-content\/uploads\/2025\/09\/ar_ancasti20250913.jpg 700w, https:\/\/www.diario5.com.ar\/wp-content\/uploads\/2025\/09\/ar_ancasti20250913-221x300.jpg 221w\" sizes=\"(max-width: 700px) 100vw, 700px\" \/><\/p>\n<p><img decoding=\"async\" src=\"https:\/\/img.kiosko.net\/2025\/09\/13\/ar\/tiempo_sur.jpg\" \/><\/p>\n<p><img decoding=\"async\" src=\"https:\/\/img.kiosko.net\/2025\/09\/13\/uy\/ar\/tiempo_argentino.jpg\" \/><\/p>\n<p><img decoding=\"async\" src=\"https:\/\/img.kiosko.net\/2025\/09\/13\/ar\/ar_epoca.jpg\" \/><\/p>\n<p><img decoding=\"async\" src=\"https:\/\/img.kiosko.net\/2025\/09\/13\/ar\/ar_elsol.jpg\" \/><\/p>\n<p><img decoding=\"async\" src=\"https:\/\/img.kiosko.net\/2025\/09\/13\/ar\/ar_01.jpg\" \/><\/p>\n<p><img decoding=\"async\" src=\"https:\/\/img.kiosko.net\/2025\/09\/13\/ar\/ar_02.jpg\" \/><\/p>\n<p><img decoding=\"async\" src=\"https:\/\/img.kiosko.net\/2025\/09\/13\/ar\/ar_03.jpg\" \/><\/p>\n<p><img decoding=\"async\" src=\"https:\/\/img.kiosko.net\/2025\/09\/13\/ar\/ar_04.jpg\" \/><\/p>\n<p><img decoding=\"async\" src=\"https:\/\/img.kiosko.net\/2025\/09\/13\/ar\/ar_05.jpg\" \/><\/p>\n<p>&nbsp;<\/p>","protected":false},"excerpt":{"rendered":"<p>El veto, un s\u00edmbolo de ruptura. El mensaje que circula desde el Comit\u00e9 Ejecutivo del CIN supera la instancia de convocatoria para convertirse en un cuadro descriptivo. Ya es un s\u00edntoma. Va quedando cada vez m\u00e1s n\u00edtida la imagen de que la Marcha Federal del 17 de septiembre, que unir\u00e1 a las universidades p\u00fablicas con [&hellip;]<\/p>","protected":false},"author":9,"featured_media":694566,"comment_status":"open","ping_status":"open","sticky":false,"template":"","format":"standard","meta":[],"categories":[75,45,56],"tags":[3464,126,1866,4117,4115,4116,4110,4114,430,4123,4122,2880,3573,27,4120,1370,3802,4090,4124,4106,2794,4108,3435,2117,1860,4109,4118,3534,3427,4112,4113,4125,4119,3387,4121,1685,4111,4107],"series":[],"_links":{"self":[{"href":"https:\/\/www.diario5.com.ar\/es\/wp-json\/wp\/v2\/posts\/692366"}],"collection":[{"href":"https:\/\/www.diario5.com.ar\/es\/wp-json\/wp\/v2\/posts"}],"about":[{"href":"https:\/\/www.diario5.com.ar\/es\/wp-json\/wp\/v2\/types\/post"}],"author":[{"embeddable":true,"href":"https:\/\/www.diario5.com.ar\/es\/wp-json\/wp\/v2\/users\/9"}],"replies":[{"embeddable":true,"href":"https:\/\/www.diario5.com.ar\/es\/wp-json\/wp\/v2\/comments?post=692366"}],"version-history":[{"count":3,"href":"https:\/\/www.diario5.com.ar\/es\/wp-json\/wp\/v2\/posts\/692366\/revisions"}],"predecessor-version":[{"id":694567,"href":"https:\/\/www.diario5.com.ar\/es\/wp-json\/wp\/v2\/posts\/692366\/revisions\/694567"}],"wp:featuredmedia":[{"embeddable":true,"href":"https:\/\/www.diario5.com.ar\/es\/wp-json\/wp\/v2\/media\/694566"}],"wp:attachment":[{"href":"https:\/\/www.diario5.com.ar\/es\/wp-json\/wp\/v2\/media?parent=692366"}],"wp:term":[{"taxonomy":"category","embeddable":true,"href":"https:\/\/www.diario5.com.ar\/es\/wp-json\/wp\/v2\/categories?post=692366"},{"taxonomy":"post_tag","embeddable":true,"href":"https:\/\/www.diario5.com.ar\/es\/wp-json\/wp\/v2\/tags?post=692366"},{"taxonomy":"series","embeddable":true,"href":"https:\/\/www.diario5.com.ar\/es\/wp-json\/wp\/v2\/series?post=692366"}],"curies":[{"name":"wp","href":"https:\/\/api.w.org\/{rel}","templated":true}]}}