{"id":692364,"date":"2025-09-11T06:00:00","date_gmt":"2025-09-11T09:00:00","guid":{"rendered":"http:\/\/diario5.com.ar\/?p=692364"},"modified":"2025-09-11T10:44:07","modified_gmt":"2025-09-11T13:44:07","slug":"692364","status":"publish","type":"post","link":"https:\/\/www.diario5.com.ar\/es\/692364\/","title":{"rendered":"La gran prueba"},"content":{"rendered":"<h2 class=\"sub-title-primary\"><\/h2> <p>&nbsp;<\/p>\n<p><img decoding=\"async\" loading=\"lazy\" class=\"\" src=\"https:\/\/www.diario5.com.ar\/imgtapas\/docente1.jpg\" width=\"1028\" height=\"685\" \/><\/p>\n<p>El conocimiento pleno que tenemos acerca de la silenciosa divisi\u00f3n entre quienes construyen a diario la dignidad docente y los que levantan la chapa de \u00abla lucha\u00bb para mostrarse dignos, no nos lo quita nadie. La lucha fue, es y ser\u00e1 -tambi\u00e9n- de los miles que se resisten a la compra-venta del humo sindical. Porque no les compran ese pecho hinchado con el que presentan, a puro discurso \u00e9pico: \u00abnuestros logros, compa\u00f1eros!\u00bb y porque se averg\u00fcenzan de verlos pretendiendo venderle a la sociedad como actos de hero\u00edsmo, tantos de necedad.<\/p>\n<p>Sobran pruebas.<\/p>\n<p>Entre quienes hoy celebran el D\u00eda del Maestro se encuentran aquellos amantes de esa profesi\u00f3n encantadora, fascinante y solidaria, cargada de se\u00f1ales de est\u00edmulo y aliento para los inocentes argentinos que se entregan a que se les ense\u00f1e lo que corresponde. Tambi\u00e9n se insertan en el grupo los que tecnificaron la actividad hasta l\u00edmites que exceden el margen humano.\u00a0 Pero nadie puede llamarse a enga\u00f1o respecto de los que por vociferar que defienden la dignidad laboral de los involucrados en el proceso educativo de los hijos de otros, se volcaron a naturalizar que el manejo de los trabajadores agrupados gremialmente, implica darles a sus simpat\u00edas pol\u00edticas el primer lugar de las prioridades.<\/p>\n<p>En el devenir de la politizaci\u00f3n de la actividad m\u00e1s noble que ten\u00eda la educaci\u00f3n de una naci\u00f3n, pasamos a ver que ya no parece ser que se ense\u00f1e lo que corresponde sino lo que algunos suponen que est\u00e1 bien.<\/p>\n<p>De ah\u00ed a la decadencia, s\u00f3lo hab\u00eda que seguir la ruta ya iniciada. Y se lleg\u00f3 a destino, con gran facilidad, casi sin despeinarse y, encima, minti\u00e9ndoles a los futuros decadentes, que se les estuvo defendiendo la dignidad y se les est\u00e1 asegurando una formaci\u00f3n libre de \u00abtilinguer\u00edas cipayas como las que se ense\u00f1an escuelas privadas\u00bb, de influencias nocivas\u00a0 que dejan lugar a posibles \u00abinclinaciones al neoliberalismo individualista\u00bb o de deformaciones en la que \u00abel odio gorila\u00bb ataca los valores del \u00abser nacional\u00bb promovidos por Per\u00f3n y Evita.<\/p>\n<p>Feliz D\u00eda del Maestro a los maestros.<\/p>\n<p>Los devenidos en due\u00f1os del 11 de septiembre pueden irse.<\/p>\n<p>S\u00ed, por supuesto. Ah\u00ed.<\/p>\n<p><!--googleoff: index--><\/p>\n<p><img decoding=\"async\" loading=\"lazy\" class=\"aligncenter size-full wp-image-694545\" src=\"https:\/\/www.diario5.com.ar\/wp-content\/uploads\/2025\/09\/ar_ancasti20250911.jpg\" width=\"700\" height=\"929\" srcset=\"https:\/\/www.diario5.com.ar\/wp-content\/uploads\/2025\/09\/ar_ancasti20250911.jpg 700w, https:\/\/www.diario5.com.ar\/wp-content\/uploads\/2025\/09\/ar_ancasti20250911-226x300.jpg 226w\" sizes=\"(max-width: 700px) 100vw, 700px\" \/><\/p>\n<p><img decoding=\"async\" loading=\"lazy\" class=\"aligncenter size-full wp-image-694546\" src=\"https:\/\/www.diario5.com.ar\/wp-content\/uploads\/2025\/09\/voz_chaco20250911.jpg\" width=\"700\" height=\"816\" srcset=\"https:\/\/www.diario5.com.ar\/wp-content\/uploads\/2025\/09\/voz_chaco20250911.jpg 700w, https:\/\/www.diario5.com.ar\/wp-content\/uploads\/2025\/09\/voz_chaco20250911-257x300.jpg 257w\" sizes=\"(max-width: 700px) 100vw, 700px\" \/><\/p>\n<p><img decoding=\"async\" loading=\"lazy\" class=\"aligncenter size-full wp-image-694547\" src=\"https:\/\/www.diario5.com.ar\/wp-content\/uploads\/2025\/09\/ar_cronista20250911.jpg\" width=\"700\" height=\"1010\" srcset=\"https:\/\/www.diario5.com.ar\/wp-content\/uploads\/2025\/09\/ar_cronista20250911.jpg 700w, https:\/\/www.diario5.com.ar\/wp-content\/uploads\/2025\/09\/ar_cronista20250911-208x300.jpg 208w\" sizes=\"(max-width: 700px) 100vw, 700px\" \/><\/p>\n<p><img decoding=\"async\" loading=\"lazy\" class=\"aligncenter size-full wp-image-694553\" src=\"https:\/\/www.diario5.com.ar\/wp-content\/uploads\/2025\/09\/ar_eldia20250911.jpg\" width=\"700\" height=\"1009\" srcset=\"https:\/\/www.diario5.com.ar\/wp-content\/uploads\/2025\/09\/ar_eldia20250911.jpg 700w, https:\/\/www.diario5.com.ar\/wp-content\/uploads\/2025\/09\/ar_eldia20250911-208x300.jpg 208w\" sizes=\"(max-width: 700px) 100vw, 700px\" \/><\/p>\n<p><img decoding=\"async\" loading=\"lazy\" class=\"aligncenter size-full wp-image-694548\" src=\"https:\/\/www.diario5.com.ar\/wp-content\/uploads\/2025\/09\/ar_hoy20250911.jpg\" width=\"700\" height=\"920\" srcset=\"https:\/\/www.diario5.com.ar\/wp-content\/uploads\/2025\/09\/ar_hoy20250911.jpg 700w, https:\/\/www.diario5.com.ar\/wp-content\/uploads\/2025\/09\/ar_hoy20250911-228x300.jpg 228w\" sizes=\"(max-width: 700px) 100vw, 700px\" \/><\/p>\n<p><img decoding=\"async\" loading=\"lazy\" class=\"aligncenter size-full wp-image-694549\" src=\"https:\/\/www.diario5.com.ar\/wp-content\/uploads\/2025\/09\/ar_chubut20250911.jpg\" width=\"700\" height=\"903\" srcset=\"https:\/\/www.diario5.com.ar\/wp-content\/uploads\/2025\/09\/ar_chubut20250911.jpg 700w, https:\/\/www.diario5.com.ar\/wp-content\/uploads\/2025\/09\/ar_chubut20250911-233x300.jpg 233w\" sizes=\"(max-width: 700px) 100vw, 700px\" \/><\/p>\n<p><img decoding=\"async\" loading=\"lazy\" class=\"aligncenter size-full wp-image-694550\" src=\"https:\/\/www.diario5.com.ar\/wp-content\/uploads\/2025\/09\/ar_clarin20250911.jpg\" width=\"700\" height=\"977\" srcset=\"https:\/\/www.diario5.com.ar\/wp-content\/uploads\/2025\/09\/ar_clarin20250911.jpg 700w, https:\/\/www.diario5.com.ar\/wp-content\/uploads\/2025\/09\/ar_clarin20250911-215x300.jpg 215w\" sizes=\"(max-width: 700px) 100vw, 700px\" \/><\/p>\n<p><img decoding=\"async\" loading=\"lazy\" class=\"aligncenter size-full wp-image-694551\" src=\"https:\/\/www.diario5.com.ar\/wp-content\/uploads\/2025\/09\/nacion20250911.jpg\" width=\"700\" height=\"1059\" srcset=\"https:\/\/www.diario5.com.ar\/wp-content\/uploads\/2025\/09\/nacion20250911.jpg 700w, https:\/\/www.diario5.com.ar\/wp-content\/uploads\/2025\/09\/nacion20250911-198x300.jpg 198w, https:\/\/www.diario5.com.ar\/wp-content\/uploads\/2025\/09\/nacion20250911-677x1024.jpg 677w\" sizes=\"(max-width: 700px) 100vw, 700px\" \/><\/p>\n<p><img decoding=\"async\" loading=\"lazy\" class=\"aligncenter size-full wp-image-694545\" src=\"https:\/\/www.diario5.com.ar\/wp-content\/uploads\/2025\/09\/ar_ancasti20250911.jpg\" width=\"700\" height=\"929\" srcset=\"https:\/\/www.diario5.com.ar\/wp-content\/uploads\/2025\/09\/ar_ancasti20250911.jpg 700w, https:\/\/www.diario5.com.ar\/wp-content\/uploads\/2025\/09\/ar_ancasti20250911-226x300.jpg 226w\" sizes=\"(max-width: 700px) 100vw, 700px\" \/><\/p>\n<p>&nbsp;<\/p>\n<p>&nbsp;<\/p>","protected":false},"excerpt":{"rendered":"<p>&nbsp; El conocimiento pleno que tenemos acerca de la silenciosa divisi\u00f3n entre quienes construyen a diario la dignidad docente y los que levantan la chapa de \u00abla lucha\u00bb para mostrarse dignos, no nos lo quita nadie. La lucha fue, es y ser\u00e1 -tambi\u00e9n- de los miles que se resisten a la compra-venta del humo sindical. [&hellip;]<\/p>","protected":false},"author":4,"featured_media":694538,"comment_status":"open","ping_status":"open","sticky":false,"template":"","format":"standard","meta":[],"categories":[75,26,45,56],"tags":[4088,4074,4089,4076,4071,4072,2880,4077,4087,27,3251,4083,4078,2114,3566,4082,4086,4081,4079,1873,4080,1033,4085,4075,4073,4084],"series":[],"_links":{"self":[{"href":"https:\/\/www.diario5.com.ar\/es\/wp-json\/wp\/v2\/posts\/692364"}],"collection":[{"href":"https:\/\/www.diario5.com.ar\/es\/wp-json\/wp\/v2\/posts"}],"about":[{"href":"https:\/\/www.diario5.com.ar\/es\/wp-json\/wp\/v2\/types\/post"}],"author":[{"embeddable":true,"href":"https:\/\/www.diario5.com.ar\/es\/wp-json\/wp\/v2\/users\/4"}],"replies":[{"embeddable":true,"href":"https:\/\/www.diario5.com.ar\/es\/wp-json\/wp\/v2\/comments?post=692364"}],"version-history":[{"count":5,"href":"https:\/\/www.diario5.com.ar\/es\/wp-json\/wp\/v2\/posts\/692364\/revisions"}],"predecessor-version":[{"id":694554,"href":"https:\/\/www.diario5.com.ar\/es\/wp-json\/wp\/v2\/posts\/692364\/revisions\/694554"}],"wp:featuredmedia":[{"embeddable":true,"href":"https:\/\/www.diario5.com.ar\/es\/wp-json\/wp\/v2\/media\/694538"}],"wp:attachment":[{"href":"https:\/\/www.diario5.com.ar\/es\/wp-json\/wp\/v2\/media?parent=692364"}],"wp:term":[{"taxonomy":"category","embeddable":true,"href":"https:\/\/www.diario5.com.ar\/es\/wp-json\/wp\/v2\/categories?post=692364"},{"taxonomy":"post_tag","embeddable":true,"href":"https:\/\/www.diario5.com.ar\/es\/wp-json\/wp\/v2\/tags?post=692364"},{"taxonomy":"series","embeddable":true,"href":"https:\/\/www.diario5.com.ar\/es\/wp-json\/wp\/v2\/series?post=692364"}],"curies":[{"name":"wp","href":"https:\/\/api.w.org\/{rel}","templated":true}]}}