{"id":692359,"date":"2025-09-06T06:00:00","date_gmt":"2025-09-06T09:00:00","guid":{"rendered":"http:\/\/diario5.com.ar\/?p=692359"},"modified":"2025-09-07T00:25:53","modified_gmt":"2025-09-07T03:25:53","slug":"692359","status":"publish","type":"post","link":"https:\/\/www.diario5.com.ar\/es\/692359\/","title":{"rendered":"Recuperaci\u00f3n de frentes"},"content":{"rendered":"<h2 class=\"sub-title-primary\">C\u00f3mo pedir la limpieza de grafitis y pegatinas. <\/h2> <p><img decoding=\"async\" src=\"https:\/\/www.diario5.com.ar\/imgtapas\/limpia_pintadas.jpg\" \/><\/p>\n<p>En lo que va del a\u00f1o, m\u00e1s de 12.000 fachadas afectadas por pintadas, pegatinas y vandalismo visual fueron intervenidas en distintos barrios porte\u00f1os. La cifra incluye viviendas, comercios e instituciones que solicitaron el servicio de limpieza a trav\u00e9s de canales digitales como la app BA Colaborativa, el asistente virtual Boti o el sitio web oficial.<\/p>\n<p>El procedimiento es relativamente simple: el vecino debe iniciar sesi\u00f3n con clave MiBA, completar un formulario y adjuntar fotos del frente afectado. Luego, puede elegir entre dos tipos de intervenci\u00f3n: hidrolavado o pintura. El pedido queda registrado y se incorpora a la planificaci\u00f3n de cuadrillas comunales que ejecutan las tareas.<\/p>\n<p>Seg\u00fan datos oficiales, se realizaron 12.048 intervenciones: 9.762 con pintura y 2.286 con hidrolavado. El servicio apunta a mejorar el entorno urbano, pero tambi\u00e9n responde a una demanda creciente de vecinos que ven afectada la est\u00e9tica y funcionalidad de sus frentes por acciones vand\u00e1licas.<\/p>\n<p>La recuperaci\u00f3n de fachadas vandalizadas responde a un problema cotidiano. Todos amamos el embellecimiento urbano. Cualquier ciudad lo tomar\u00eda como como objetivo est\u00e9tico. Aqu\u00ed, en cambio, se trata de volver a las condiciones m\u00ednimas de habitabilidad y respeto por el espacio compartido. En la inmensa mayor\u00eda de los casos, las pintadas no son ni m\u00ednimamente expresiones art\u00edsticas. Son, sin discusi\u00f3n, marcas invasivas que afectan viviendas, locales y escuelas.<\/p>\n<p>Y estamos ante un sistema que le permite a vecinos participar activamente en la gesti\u00f3n del espacio p\u00fablico. Ahora bien, la eficacia del servicio no deber\u00eda medirse en cantidad de intervenciones, sino en la rapidez de respuesta. Podr\u00edamos agregar la equidad territorial y la continuidad del mantenimiento.<\/p>\n<p>\u00bfDe qu\u00e9 podr\u00eda servir limpiar fachadas si el entorno sigue siendo vulnerable?<\/p>\n<p>El frente del inmueble en el que se edita Diario 5 se vio beneficiado en la etapa anterior en la que se realiz\u00f3 esta campa\u00f1a de trabajo de higiene de frentes.<\/p>\n<p><img decoding=\"async\" loading=\"lazy\" class=\"aligncenter size-full wp-image-694482\" src=\"https:\/\/www.diario5.com.ar\/wp-content\/uploads\/2025\/09\/ar_nueva_provincia20250906.jpg\" width=\"700\" height=\"973\" srcset=\"https:\/\/www.diario5.com.ar\/wp-content\/uploads\/2025\/09\/ar_nueva_provincia20250906.jpg 700w, https:\/\/www.diario5.com.ar\/wp-content\/uploads\/2025\/09\/ar_nueva_provincia20250906-216x300.jpg 216w\" sizes=\"(max-width: 700px) 100vw, 700px\" \/><\/p>\n<p><img decoding=\"async\" loading=\"lazy\" class=\"aligncenter size-full wp-image-694483\" src=\"https:\/\/www.diario5.com.ar\/wp-content\/uploads\/2025\/09\/ar_ancasti20250906.jpg\" width=\"700\" height=\"938\" srcset=\"https:\/\/www.diario5.com.ar\/wp-content\/uploads\/2025\/09\/ar_ancasti20250906.jpg 700w, https:\/\/www.diario5.com.ar\/wp-content\/uploads\/2025\/09\/ar_ancasti20250906-224x300.jpg 224w\" sizes=\"(max-width: 700px) 100vw, 700px\" \/><\/p>\n<p><img decoding=\"async\" loading=\"lazy\" class=\"aligncenter size-full wp-image-694484\" src=\"https:\/\/www.diario5.com.ar\/wp-content\/uploads\/2025\/09\/voz_chaco20250906.jpg\" width=\"700\" height=\"816\" srcset=\"https:\/\/www.diario5.com.ar\/wp-content\/uploads\/2025\/09\/voz_chaco20250906.jpg 700w, https:\/\/www.diario5.com.ar\/wp-content\/uploads\/2025\/09\/voz_chaco20250906-257x300.jpg 257w\" sizes=\"(max-width: 700px) 100vw, 700px\" \/><\/p>\n<p><img decoding=\"async\" loading=\"lazy\" class=\"aligncenter size-full wp-image-694485\" src=\"https:\/\/www.diario5.com.ar\/wp-content\/uploads\/2025\/09\/ar_chubut20250906.jpg\" width=\"700\" height=\"903\" srcset=\"https:\/\/www.diario5.com.ar\/wp-content\/uploads\/2025\/09\/ar_chubut20250906.jpg 700w, https:\/\/www.diario5.com.ar\/wp-content\/uploads\/2025\/09\/ar_chubut20250906-233x300.jpg 233w\" sizes=\"(max-width: 700px) 100vw, 700px\" \/><\/p>\n<p><img decoding=\"async\" loading=\"lazy\" class=\"aligncenter size-full wp-image-694486\" src=\"https:\/\/www.diario5.com.ar\/wp-content\/uploads\/2025\/09\/ar_clarin20250906.jpg\" width=\"700\" height=\"977\" srcset=\"https:\/\/www.diario5.com.ar\/wp-content\/uploads\/2025\/09\/ar_clarin20250906.jpg 700w, https:\/\/www.diario5.com.ar\/wp-content\/uploads\/2025\/09\/ar_clarin20250906-215x300.jpg 215w\" sizes=\"(max-width: 700px) 100vw, 700px\" \/><\/p>\n<p><img decoding=\"async\" loading=\"lazy\" class=\"aligncenter size-full wp-image-694487\" src=\"https:\/\/www.diario5.com.ar\/wp-content\/uploads\/2025\/09\/nacion20250906.jpg\" width=\"700\" height=\"1056\" srcset=\"https:\/\/www.diario5.com.ar\/wp-content\/uploads\/2025\/09\/nacion20250906.jpg 700w, https:\/\/www.diario5.com.ar\/wp-content\/uploads\/2025\/09\/nacion20250906-199x300.jpg 199w, https:\/\/www.diario5.com.ar\/wp-content\/uploads\/2025\/09\/nacion20250906-679x1024.jpg 679w\" sizes=\"(max-width: 700px) 100vw, 700px\" \/><\/p>\n<p><img decoding=\"async\" loading=\"lazy\" class=\"aligncenter size-full wp-image-694483\" src=\"https:\/\/www.diario5.com.ar\/wp-content\/uploads\/2025\/09\/ar_ancasti20250906.jpg\" width=\"700\" height=\"938\" srcset=\"https:\/\/www.diario5.com.ar\/wp-content\/uploads\/2025\/09\/ar_ancasti20250906.jpg 700w, https:\/\/www.diario5.com.ar\/wp-content\/uploads\/2025\/09\/ar_ancasti20250906-224x300.jpg 224w\" sizes=\"(max-width: 700px) 100vw, 700px\" \/><\/p>","protected":false},"excerpt":{"rendered":"<p>C\u00f3mo pedir la limpieza de grafitis y pegatinas. En lo que va del a\u00f1o, m\u00e1s de 12.000 fachadas afectadas por pintadas, pegatinas y vandalismo visual fueron intervenidas en distintos barrios porte\u00f1os. La cifra incluye viviendas, comercios e instituciones que solicitaron el servicio de limpieza a trav\u00e9s de canales digitales como la app BA Colaborativa, el [&hellip;]<\/p>","protected":false},"author":5,"featured_media":694481,"comment_status":"open","ping_status":"open","sticky":false,"template":"","format":"standard","meta":[],"categories":[2674,482,56],"tags":[3320,3963,3970,3090,630,3964,3344,1283,3602,2114,3599,3971,3959,3975,3966,3961,3968,2188,3967,3965,3969,3974,860,3962,3960,3973,3972,1685,3976,2112],"series":[],"_links":{"self":[{"href":"https:\/\/www.diario5.com.ar\/es\/wp-json\/wp\/v2\/posts\/692359"}],"collection":[{"href":"https:\/\/www.diario5.com.ar\/es\/wp-json\/wp\/v2\/posts"}],"about":[{"href":"https:\/\/www.diario5.com.ar\/es\/wp-json\/wp\/v2\/types\/post"}],"author":[{"embeddable":true,"href":"https:\/\/www.diario5.com.ar\/es\/wp-json\/wp\/v2\/users\/5"}],"replies":[{"embeddable":true,"href":"https:\/\/www.diario5.com.ar\/es\/wp-json\/wp\/v2\/comments?post=692359"}],"version-history":[{"count":4,"href":"https:\/\/www.diario5.com.ar\/es\/wp-json\/wp\/v2\/posts\/692359\/revisions"}],"predecessor-version":[{"id":694490,"href":"https:\/\/www.diario5.com.ar\/es\/wp-json\/wp\/v2\/posts\/692359\/revisions\/694490"}],"wp:featuredmedia":[{"embeddable":true,"href":"https:\/\/www.diario5.com.ar\/es\/wp-json\/wp\/v2\/media\/694481"}],"wp:attachment":[{"href":"https:\/\/www.diario5.com.ar\/es\/wp-json\/wp\/v2\/media?parent=692359"}],"wp:term":[{"taxonomy":"category","embeddable":true,"href":"https:\/\/www.diario5.com.ar\/es\/wp-json\/wp\/v2\/categories?post=692359"},{"taxonomy":"post_tag","embeddable":true,"href":"https:\/\/www.diario5.com.ar\/es\/wp-json\/wp\/v2\/tags?post=692359"},{"taxonomy":"series","embeddable":true,"href":"https:\/\/www.diario5.com.ar\/es\/wp-json\/wp\/v2\/series?post=692359"}],"curies":[{"name":"wp","href":"https:\/\/api.w.org\/{rel}","templated":true}]}}