{"id":692349,"date":"2025-08-27T06:11:00","date_gmt":"2025-08-27T09:11:00","guid":{"rendered":"http:\/\/diario5.com.ar\/?p=692349"},"modified":"2025-08-27T23:41:54","modified_gmt":"2025-08-28T02:41:54","slug":"692349","status":"publish","type":"post","link":"https:\/\/www.diario5.com.ar\/es\/692349\/","title":{"rendered":"Equilibrio para desconectar correctamente"},"content":{"rendered":"<h2 class=\"sub-title-primary\"><\/h2> <p><img decoding=\"async\" loading=\"lazy\" class=\"aligncenter size-full wp-image-694355\" src=\"https:\/\/www.diario5.com.ar\/wp-content\/uploads\/2025\/08\/MAT09983-120250827.jpg\" alt=\"Hacelo corto\" width=\"700\" height=\"400\" srcset=\"https:\/\/www.diario5.com.ar\/wp-content\/uploads\/2025\/08\/MAT09983-120250827.jpg 700w, https:\/\/www.diario5.com.ar\/wp-content\/uploads\/2025\/08\/MAT09983-120250827-300x171.jpg 300w\" sizes=\"(max-width: 700px) 100vw, 700px\" \/><\/p>\n<p>Est\u00e1 bien desconectar. Es sano, necesario y cada vez m\u00e1s urgente. Pero tambi\u00e9n es cierto que no podemos remar contra la corriente tecnol\u00f3gica como si fuera un enemigo. La iniciativa \u201cAprend\u00e9 a desconectar\u201d dentro del concurso <a href=\"https:\/\/buenosaires.gob.ar\/noticias\/la-ciudad-lanza-el-premio-aprende-desconectar-en-hacelo-corto\" target=\"_blank\" rel=\"noopener\">Hacelo Corto<\/a> acierta al plantear el problema desde la creatividad y el pensamiento cr\u00edtico, sin caer en el moralismo f\u00e1cil.<\/p>\n<p>El uso excesivo de pantallas tiene consecuencias reales, sobre todo en chicos y adolescentes. Pero eso no significa que la tecnolog\u00eda sea el problema en s\u00ed. Lo que falta muchas veces es criterio, pausa, conciencia. No se trata de apagar todo, sino de aprender a encender lo que vale la pena. Porque si bien desconectar es necesario, tambi\u00e9n lo es saber conectar con lo que nos potencia, nos informa y nos vincula.<\/p>\n<p>Ning\u00fan extremo sirve. Ni el rechazo total ni la dependencia ciega. Lo que necesitamos es educaci\u00f3n digital, espacios de reflexi\u00f3n y\u00a0 -quiz\u00e1s- propuestas como \u00e9sta, que abren caminos. Nunca fue f\u00e1cil pensar algo en funci\u00f3n de todos sin se\u00f1alar. Si nos zambullimos a crear, hay que evitar la ostentaci\u00f3n y la soberbia pol\u00edtica del \u00abs\u00f3lo con nosotros se puede lograr\u00bb<\/p>\n<p>Hay muchos \u00abprimeros pasos\u00bb cuando se est\u00e1 decidido a dar millones de ellos. Y no es un mal arranque entender que la tecnolog\u00eda no es el fin sino una herramienta. El gran paso al futuro ser\u00e1 definir c\u00f3mo la usamos.<\/p>\n<p><!--googleoff: index--><\/p>\n<p><img decoding=\"async\" loading=\"lazy\" class=\"aligncenter size-full wp-image-694356\" src=\"https:\/\/www.diario5.com.ar\/wp-content\/uploads\/2025\/08\/ar_ancasti20250827.jpg\" width=\"700\" height=\"949\" srcset=\"https:\/\/www.diario5.com.ar\/wp-content\/uploads\/2025\/08\/ar_ancasti20250827.jpg 700w, https:\/\/www.diario5.com.ar\/wp-content\/uploads\/2025\/08\/ar_ancasti20250827-221x300.jpg 221w\" sizes=\"(max-width: 700px) 100vw, 700px\" \/><\/p>\n<p><img decoding=\"async\" loading=\"lazy\" class=\"aligncenter size-full wp-image-694357\" src=\"https:\/\/www.diario5.com.ar\/wp-content\/uploads\/2025\/08\/voz_chaco20250827.jpg\" width=\"700\" height=\"816\" srcset=\"https:\/\/www.diario5.com.ar\/wp-content\/uploads\/2025\/08\/voz_chaco20250827.jpg 700w, https:\/\/www.diario5.com.ar\/wp-content\/uploads\/2025\/08\/voz_chaco20250827-257x300.jpg 257w\" sizes=\"(max-width: 700px) 100vw, 700px\" \/><\/p>\n<p><img decoding=\"async\" loading=\"lazy\" class=\"aligncenter size-full wp-image-694358\" src=\"https:\/\/www.diario5.com.ar\/wp-content\/uploads\/2025\/08\/ar_cronista20250827.jpg\" width=\"700\" height=\"1008\" srcset=\"https:\/\/www.diario5.com.ar\/wp-content\/uploads\/2025\/08\/ar_cronista20250827.jpg 700w, https:\/\/www.diario5.com.ar\/wp-content\/uploads\/2025\/08\/ar_cronista20250827-208x300.jpg 208w\" sizes=\"(max-width: 700px) 100vw, 700px\" \/><\/p>\n<p><img decoding=\"async\" loading=\"lazy\" class=\"aligncenter size-full wp-image-694363\" src=\"https:\/\/www.diario5.com.ar\/wp-content\/uploads\/2025\/08\/ar_eldia20250827.jpg\" width=\"700\" height=\"1005\" srcset=\"https:\/\/www.diario5.com.ar\/wp-content\/uploads\/2025\/08\/ar_eldia20250827.jpg 700w, https:\/\/www.diario5.com.ar\/wp-content\/uploads\/2025\/08\/ar_eldia20250827-209x300.jpg 209w\" sizes=\"(max-width: 700px) 100vw, 700px\" \/><\/p>\n<p><img decoding=\"async\" loading=\"lazy\" class=\"aligncenter size-full wp-image-694359\" src=\"https:\/\/www.diario5.com.ar\/wp-content\/uploads\/2025\/08\/ar_chubut20250827.jpg\" width=\"700\" height=\"896\" srcset=\"https:\/\/www.diario5.com.ar\/wp-content\/uploads\/2025\/08\/ar_chubut20250827.jpg 700w, https:\/\/www.diario5.com.ar\/wp-content\/uploads\/2025\/08\/ar_chubut20250827-234x300.jpg 234w\" sizes=\"(max-width: 700px) 100vw, 700px\" \/><\/p>\n<p><img decoding=\"async\" loading=\"lazy\" class=\"aligncenter size-full wp-image-694360\" src=\"https:\/\/www.diario5.com.ar\/wp-content\/uploads\/2025\/08\/ar_clarin20250827.jpg\" width=\"700\" height=\"977\" srcset=\"https:\/\/www.diario5.com.ar\/wp-content\/uploads\/2025\/08\/ar_clarin20250827.jpg 700w, https:\/\/www.diario5.com.ar\/wp-content\/uploads\/2025\/08\/ar_clarin20250827-215x300.jpg 215w\" sizes=\"(max-width: 700px) 100vw, 700px\" \/><\/p>\n<p><img decoding=\"async\" loading=\"lazy\" class=\"aligncenter size-full wp-image-694361\" src=\"https:\/\/www.diario5.com.ar\/wp-content\/uploads\/2025\/08\/nacion20250827.jpg\" width=\"700\" height=\"1056\" srcset=\"https:\/\/www.diario5.com.ar\/wp-content\/uploads\/2025\/08\/nacion20250827.jpg 700w, https:\/\/www.diario5.com.ar\/wp-content\/uploads\/2025\/08\/nacion20250827-199x300.jpg 199w, https:\/\/www.diario5.com.ar\/wp-content\/uploads\/2025\/08\/nacion20250827-679x1024.jpg 679w\" sizes=\"(max-width: 700px) 100vw, 700px\" \/><\/p>\n<p><img decoding=\"async\" loading=\"lazy\" class=\"aligncenter size-full wp-image-694356\" src=\"https:\/\/www.diario5.com.ar\/wp-content\/uploads\/2025\/08\/ar_ancasti20250827.jpg\" width=\"700\" height=\"949\" srcset=\"https:\/\/www.diario5.com.ar\/wp-content\/uploads\/2025\/08\/ar_ancasti20250827.jpg 700w, https:\/\/www.diario5.com.ar\/wp-content\/uploads\/2025\/08\/ar_ancasti20250827-221x300.jpg 221w\" sizes=\"(max-width: 700px) 100vw, 700px\" \/><\/p>\n<p>&nbsp;<\/p>","protected":false},"excerpt":{"rendered":"<p>Est\u00e1 bien desconectar. Es sano, necesario y cada vez m\u00e1s urgente. Pero tambi\u00e9n es cierto que no podemos remar contra la corriente tecnol\u00f3gica como si fuera un enemigo. La iniciativa \u201cAprend\u00e9 a desconectar\u201d dentro del concurso Hacelo Corto acierta al plantear el problema desde la creatividad y el pensamiento cr\u00edtico, sin caer en el moralismo [&hellip;]<\/p>","protected":false},"author":5,"featured_media":694355,"comment_status":"open","ping_status":"open","sticky":false,"template":"","format":"standard","meta":[],"categories":[26,2093,56,98],"tags":[3821,630,3825,3817,3814,3819,3824,3811,27,3415,3822,3812,3818,3813,3820,3816,2269,3810,3663,3468,3823,3653,3565,3815],"series":[],"_links":{"self":[{"href":"https:\/\/www.diario5.com.ar\/es\/wp-json\/wp\/v2\/posts\/692349"}],"collection":[{"href":"https:\/\/www.diario5.com.ar\/es\/wp-json\/wp\/v2\/posts"}],"about":[{"href":"https:\/\/www.diario5.com.ar\/es\/wp-json\/wp\/v2\/types\/post"}],"author":[{"embeddable":true,"href":"https:\/\/www.diario5.com.ar\/es\/wp-json\/wp\/v2\/users\/5"}],"replies":[{"embeddable":true,"href":"https:\/\/www.diario5.com.ar\/es\/wp-json\/wp\/v2\/comments?post=692349"}],"version-history":[{"count":3,"href":"https:\/\/www.diario5.com.ar\/es\/wp-json\/wp\/v2\/posts\/692349\/revisions"}],"predecessor-version":[{"id":694364,"href":"https:\/\/www.diario5.com.ar\/es\/wp-json\/wp\/v2\/posts\/692349\/revisions\/694364"}],"wp:featuredmedia":[{"embeddable":true,"href":"https:\/\/www.diario5.com.ar\/es\/wp-json\/wp\/v2\/media\/694355"}],"wp:attachment":[{"href":"https:\/\/www.diario5.com.ar\/es\/wp-json\/wp\/v2\/media?parent=692349"}],"wp:term":[{"taxonomy":"category","embeddable":true,"href":"https:\/\/www.diario5.com.ar\/es\/wp-json\/wp\/v2\/categories?post=692349"},{"taxonomy":"post_tag","embeddable":true,"href":"https:\/\/www.diario5.com.ar\/es\/wp-json\/wp\/v2\/tags?post=692349"},{"taxonomy":"series","embeddable":true,"href":"https:\/\/www.diario5.com.ar\/es\/wp-json\/wp\/v2\/series?post=692349"}],"curies":[{"name":"wp","href":"https:\/\/api.w.org\/{rel}","templated":true}]}}