{"id":692345,"date":"2025-08-23T06:00:00","date_gmt":"2025-08-23T09:00:00","guid":{"rendered":"http:\/\/diario5.com.ar\/?p=692345"},"modified":"2025-08-23T11:57:00","modified_gmt":"2025-08-23T14:57:00","slug":"692345","status":"publish","type":"post","link":"https:\/\/www.diario5.com.ar\/es\/692345\/","title":{"rendered":"Desde todo el mundo"},"content":{"rendered":"<h2 class=\"sub-title-primary\"><\/h2> <p><img decoding=\"async\" src=\"https:\/\/www.diario5.com.ar\/imgtapas\/tango1.jpg\" \/><\/p>\n<p>&nbsp;<\/p>\n<p>Hay muchas cosas interesantes sobre el Mundial de Tango, especialmente las ciudades donde se organizaron las preliminares:<\/p>\n<p>Almaty, Kazajist\u00e1n &#8211;<br \/>\nSan Jos\u00e9 (California), Estados Unidos &#8211;<br \/>\nSan Pablo, Brasil &#8211;<br \/>\nAntalya, Turqu\u00eda &#8211;<br \/>\nBudapest, Hungr\u00eda &#8211;<br \/>\nJesolo y Bellaria Igea Marina, Italia &#8211;<br \/>\nManila, Filipinas &#8211;<br \/>\nSe\u00fal, Corea del Sur &#8211;<br \/>\nBali, Indonesia &#8211;<br \/>\nVarsovia, Polonia &#8211;<br \/>\nShanghai, China &#8211;<br \/>\nTokio, Jap\u00f3n &#8211;<br \/>\nMontreal, Canad\u00e1 &#8211;<br \/>\nChill\u00e1n, Chile &#8211;<br \/>\ny Paysand\u00fa, Uruguay.<\/p>\n<p>Cada una de estas ciudades aport\u00f3 competidores al campeonato.<br \/>\nEl tango sigue conectando culturas.<\/p>\n<p>Participan N\u00e9stor Marconi, Vitale &#8211; Baglietto, Mederos, Jairo, Lidia Borda, la Varela, la Orquesta del Tango de la Ciudad, el Tata Cedr\u00f3n, Guillermo Fern\u00e1ndez, Leo Masl\u00edah, Ariel Ardit y muchos artistas de generaciones j\u00f3venes<\/p>\n<p>Las finales del Festival\/Mundial de tango ser\u00e1n el 7 de septiembre.<\/p>\n<p><!--googleoff: index--><\/p>\n<p><img decoding=\"async\" loading=\"lazy\" class=\"aligncenter size-full wp-image-694307\" src=\"https:\/\/www.diario5.com.ar\/wp-content\/uploads\/2025\/08\/ar_nueva_provincia20250823.jpg\" width=\"700\" height=\"970\" srcset=\"https:\/\/www.diario5.com.ar\/wp-content\/uploads\/2025\/08\/ar_nueva_provincia20250823.jpg 700w, https:\/\/www.diario5.com.ar\/wp-content\/uploads\/2025\/08\/ar_nueva_provincia20250823-216x300.jpg 216w\" sizes=\"(max-width: 700px) 100vw, 700px\" \/><\/p>\n<p><img decoding=\"async\" loading=\"lazy\" class=\"aligncenter size-full wp-image-694308\" src=\"https:\/\/www.diario5.com.ar\/wp-content\/uploads\/2025\/08\/ar_ancasti20250823.jpg\" width=\"700\" height=\"949\" srcset=\"https:\/\/www.diario5.com.ar\/wp-content\/uploads\/2025\/08\/ar_ancasti20250823.jpg 700w, https:\/\/www.diario5.com.ar\/wp-content\/uploads\/2025\/08\/ar_ancasti20250823-221x300.jpg 221w\" sizes=\"(max-width: 700px) 100vw, 700px\" \/><\/p>\n<p><img decoding=\"async\" loading=\"lazy\" class=\"aligncenter size-full wp-image-694309\" src=\"https:\/\/www.diario5.com.ar\/wp-content\/uploads\/2025\/08\/voz_chaco20250823.jpg\" width=\"700\" height=\"816\" srcset=\"https:\/\/www.diario5.com.ar\/wp-content\/uploads\/2025\/08\/voz_chaco20250823.jpg 700w, https:\/\/www.diario5.com.ar\/wp-content\/uploads\/2025\/08\/voz_chaco20250823-257x300.jpg 257w\" sizes=\"(max-width: 700px) 100vw, 700px\" \/><\/p>\n<p><img decoding=\"async\" loading=\"lazy\" class=\"aligncenter size-full wp-image-694310\" src=\"https:\/\/www.diario5.com.ar\/wp-content\/uploads\/2025\/08\/ar_eldia20250823.jpg\" width=\"700\" height=\"1004\" srcset=\"https:\/\/www.diario5.com.ar\/wp-content\/uploads\/2025\/08\/ar_eldia20250823.jpg 700w, https:\/\/www.diario5.com.ar\/wp-content\/uploads\/2025\/08\/ar_eldia20250823-209x300.jpg 209w\" sizes=\"(max-width: 700px) 100vw, 700px\" \/><\/p>\n<p><img decoding=\"async\" loading=\"lazy\" class=\"aligncenter size-full wp-image-694311\" src=\"https:\/\/www.diario5.com.ar\/wp-content\/uploads\/2025\/08\/ar_chubut20250823.jpg\" width=\"700\" height=\"896\" srcset=\"https:\/\/www.diario5.com.ar\/wp-content\/uploads\/2025\/08\/ar_chubut20250823.jpg 700w, https:\/\/www.diario5.com.ar\/wp-content\/uploads\/2025\/08\/ar_chubut20250823-234x300.jpg 234w\" sizes=\"(max-width: 700px) 100vw, 700px\" \/><\/p>\n<p><img decoding=\"async\" loading=\"lazy\" class=\"aligncenter size-full wp-image-694312\" src=\"https:\/\/www.diario5.com.ar\/wp-content\/uploads\/2025\/08\/ar_clarin20250823.jpg\" width=\"700\" height=\"977\" srcset=\"https:\/\/www.diario5.com.ar\/wp-content\/uploads\/2025\/08\/ar_clarin20250823.jpg 700w, https:\/\/www.diario5.com.ar\/wp-content\/uploads\/2025\/08\/ar_clarin20250823-215x300.jpg 215w\" sizes=\"(max-width: 700px) 100vw, 700px\" \/><\/p>\n<p><img decoding=\"async\" loading=\"lazy\" class=\"aligncenter size-full wp-image-694313\" src=\"https:\/\/www.diario5.com.ar\/wp-content\/uploads\/2025\/08\/nacion20250823.jpg\" width=\"700\" height=\"1059\" srcset=\"https:\/\/www.diario5.com.ar\/wp-content\/uploads\/2025\/08\/nacion20250823.jpg 700w, https:\/\/www.diario5.com.ar\/wp-content\/uploads\/2025\/08\/nacion20250823-198x300.jpg 198w, https:\/\/www.diario5.com.ar\/wp-content\/uploads\/2025\/08\/nacion20250823-677x1024.jpg 677w\" sizes=\"(max-width: 700px) 100vw, 700px\" \/><\/p>\n<p><img decoding=\"async\" loading=\"lazy\" class=\"aligncenter size-full wp-image-694308\" src=\"https:\/\/www.diario5.com.ar\/wp-content\/uploads\/2025\/08\/ar_ancasti20250823.jpg\" width=\"700\" height=\"949\" srcset=\"https:\/\/www.diario5.com.ar\/wp-content\/uploads\/2025\/08\/ar_ancasti20250823.jpg 700w, https:\/\/www.diario5.com.ar\/wp-content\/uploads\/2025\/08\/ar_ancasti20250823-221x300.jpg 221w\" sizes=\"(max-width: 700px) 100vw, 700px\" \/><\/p>\n<p>&nbsp;<\/p>","protected":false},"excerpt":{"rendered":"<p>&nbsp; Hay muchas cosas interesantes sobre el Mundial de Tango, especialmente las ciudades donde se organizaron las preliminares: Almaty, Kazajist\u00e1n &#8211; San Jos\u00e9 (California), Estados Unidos &#8211; San Pablo, Brasil &#8211; Antalya, Turqu\u00eda &#8211; Budapest, Hungr\u00eda &#8211; Jesolo y Bellaria Igea Marina, Italia &#8211; Manila, Filipinas &#8211; Se\u00fal, Corea del Sur &#8211; Bali, Indonesia &#8211; [&hellip;]<\/p>","protected":false},"author":12,"featured_media":694305,"comment_status":"open","ping_status":"open","sticky":false,"template":"","format":"standard","meta":[],"categories":[5,16,1785,56],"tags":[442,1891,2714,994,3431,324,323,1942,3395,2042,3151],"series":[],"_links":{"self":[{"href":"https:\/\/www.diario5.com.ar\/es\/wp-json\/wp\/v2\/posts\/692345"}],"collection":[{"href":"https:\/\/www.diario5.com.ar\/es\/wp-json\/wp\/v2\/posts"}],"about":[{"href":"https:\/\/www.diario5.com.ar\/es\/wp-json\/wp\/v2\/types\/post"}],"author":[{"embeddable":true,"href":"https:\/\/www.diario5.com.ar\/es\/wp-json\/wp\/v2\/users\/12"}],"replies":[{"embeddable":true,"href":"https:\/\/www.diario5.com.ar\/es\/wp-json\/wp\/v2\/comments?post=692345"}],"version-history":[{"count":4,"href":"https:\/\/www.diario5.com.ar\/es\/wp-json\/wp\/v2\/posts\/692345\/revisions"}],"predecessor-version":[{"id":694315,"href":"https:\/\/www.diario5.com.ar\/es\/wp-json\/wp\/v2\/posts\/692345\/revisions\/694315"}],"wp:featuredmedia":[{"embeddable":true,"href":"https:\/\/www.diario5.com.ar\/es\/wp-json\/wp\/v2\/media\/694305"}],"wp:attachment":[{"href":"https:\/\/www.diario5.com.ar\/es\/wp-json\/wp\/v2\/media?parent=692345"}],"wp:term":[{"taxonomy":"category","embeddable":true,"href":"https:\/\/www.diario5.com.ar\/es\/wp-json\/wp\/v2\/categories?post=692345"},{"taxonomy":"post_tag","embeddable":true,"href":"https:\/\/www.diario5.com.ar\/es\/wp-json\/wp\/v2\/tags?post=692345"},{"taxonomy":"series","embeddable":true,"href":"https:\/\/www.diario5.com.ar\/es\/wp-json\/wp\/v2\/series?post=692345"}],"curies":[{"name":"wp","href":"https:\/\/api.w.org\/{rel}","templated":true}]}}