{"id":692338,"date":"2025-08-16T06:00:00","date_gmt":"2025-08-16T09:00:00","guid":{"rendered":"http:\/\/diario5.com.ar\/?p=692338"},"modified":"2025-08-16T06:03:03","modified_gmt":"2025-08-16T09:03:03","slug":"692338","status":"publish","type":"post","link":"https:\/\/www.diario5.com.ar\/es\/692338\/","title":{"rendered":"Dej\u00e1 las rueditas"},"content":{"rendered":"<h2 class=\"sub-title-primary\">El acto de quitarle a la bicicleta los brazo met\u00e1licos con ruedas que aseguran el equilibrio, es una met\u00e1fora del crecimiento, de la independencia y de animarse a avanzar sin apoyos. Para muchos, sin saberlo, puede ser su primer sablazo contra la sobreprotecci\u00f3n. Gigantesca oportunidad para estimular el coraje de los m\u00e1s chicos, siempre con el acompa\u00f1amiento amoroso de quienes los rodean.<\/h2> <p><img decoding=\"async\" loading=\"lazy\" class=\"aligncenter size-full wp-image-694211\" src=\"https:\/\/www.diario5.com.ar\/wp-content\/uploads\/2025\/08\/WhatsApp-Image-2025-08-13-at-14.43.2320250816.jpeg\" width=\"700\" height=\"466\" alt=\"agenda\" srcset=\"https:\/\/www.diario5.com.ar\/wp-content\/uploads\/2025\/08\/WhatsApp-Image-2025-08-13-at-14.43.2320250816.jpeg 700w, https:\/\/www.diario5.com.ar\/wp-content\/uploads\/2025\/08\/WhatsApp-Image-2025-08-13-at-14.43.2320250816-300x200.jpeg 300w\" sizes=\"(max-width: 700px) 100vw, 700px\" \/><\/p>\n<p>Este D\u00eda del Ni\u00f1o (de las Infancias, como se dice ahora) se arm\u00f3 esa habitual agenda con buenas propuestas y para todos los gustos. Es l\u00f3gico: va a haber espect\u00e1culos intergal\u00e1cticos en el Planetario, rock con bandone\u00f3n en el Polo, t\u00edteres con talleres de arte en Museos, reciclaje, teatro en miniatura y magia mentalista.<\/p>\n<p>Pero hay una que muchos habr\u00edamos querido tener a los 5; 6 \u00f3 7 a\u00f1os, por ese impacto emocional de la \u00abautonom\u00eda\u00bb: Comenzar a andar en la bici \u00abde verdad\u00bb.<\/p>\n<p>Todo un s\u00edmbolo.<\/p>\n<p>Est\u00e1 pensado para chicos de 2 a 12 a\u00f1os. Habr\u00e1 instructores para acompa\u00f1ar el momento en que los chicos aprenden a andar en bicicleta sin ayuda. Muchos recuerdan ese instante en que se suelta el miedo, se consigue el equilibrio y se gana confianza.<\/p>\n<p>\u201cDej\u00e1 las rueditas\u201d se va a hacer ma\u00f1ana en el Parque Los Andes, de Av Corrientes y Jorge Newbery, ah\u00ed, a pasos de la estaci\u00f3n Chacarita desde las 12 hasta las 5 de la tarde.<\/p>\n<p>Los chicos pueden llevar su propia bici o usar una de las que estar\u00e1n disponibles, siempre con zapatillas puestas y acompa\u00f1ados por sus familias.<\/p>\n<p>&nbsp;<\/p>\n<p><!--googleoff: index--><br \/>\n<!--googleon: index--><br \/>\n<img decoding=\"async\" src=\"https:\/\/img.kiosko.net\/2025\/08\/16\/ar\/dia_gualeguaychu.jpg\" \/><\/p>\n<p><img decoding=\"async\" loading=\"lazy\" class=\"aligncenter size-full wp-image-694212\" src=\"https:\/\/www.diario5.com.ar\/wp-content\/uploads\/2025\/08\/ar_nueva_provincia20250816.jpg\" width=\"700\" height=\"974\" srcset=\"https:\/\/www.diario5.com.ar\/wp-content\/uploads\/2025\/08\/ar_nueva_provincia20250816.jpg 700w, https:\/\/www.diario5.com.ar\/wp-content\/uploads\/2025\/08\/ar_nueva_provincia20250816-216x300.jpg 216w\" sizes=\"(max-width: 700px) 100vw, 700px\" \/><\/p>\n<p><img decoding=\"async\" src=\"https:\/\/img.kiosko.net\/2025\/08\/16\/ar\/ar_ancasti.jpg\" \/><\/p>\n<p><img decoding=\"async\" src=\"https:\/\/img.kiosko.net\/2025\/08\/16\/ar\/ar_esquiu.jpg\" \/><\/p>\n<p><img decoding=\"async\" src=\"https:\/\/img.kiosko.net\/2025\/08\/16\/ar\/ar_diario_norte.jpg\" \/><\/p>\n<p><img decoding=\"async\" loading=\"lazy\" class=\"aligncenter size-full wp-image-694213\" src=\"https:\/\/www.diario5.com.ar\/wp-content\/uploads\/2025\/08\/voz_chaco20250816.jpg\" width=\"700\" height=\"816\" srcset=\"https:\/\/www.diario5.com.ar\/wp-content\/uploads\/2025\/08\/voz_chaco20250816.jpg 700w, https:\/\/www.diario5.com.ar\/wp-content\/uploads\/2025\/08\/voz_chaco20250816-257x300.jpg 257w\" sizes=\"(max-width: 700px) 100vw, 700px\" \/><\/p>\n<p><img decoding=\"async\" src=\"https:\/\/img.kiosko.net\/2025\/08\/16\/ar\/ar_diario_madryn.jpg\" \/><\/p>\n<p><img decoding=\"async\" src=\"https:\/\/img.kiosko.net\/2025\/08\/16\/ar\/ar_laprensa.jpg\" \/><\/p>\n<p><img decoding=\"async\" src=\"https:\/\/img.kiosko.net\/2025\/08\/16\/ar\/ar_cronista.jpg\" \/><\/p>\n<p><img decoding=\"async\" src=\"https:\/\/img.kiosko.net\/2025\/08\/16\/ar\/buenosaires_economico.jpg\" \/><\/p>\n<p><img decoding=\"async\" src=\"https:\/\/img.kiosko.net\/2025\/08\/16\/ar\/ar_perfil.jpg\" \/><\/p>\n<p><img decoding=\"async\" loading=\"lazy\" class=\"aligncenter size-full wp-image-694214\" src=\"https:\/\/www.diario5.com.ar\/wp-content\/uploads\/2025\/08\/ar_eldia20250816.jpg\" width=\"700\" height=\"1008\" srcset=\"https:\/\/www.diario5.com.ar\/wp-content\/uploads\/2025\/08\/ar_eldia20250816.jpg 700w, https:\/\/www.diario5.com.ar\/wp-content\/uploads\/2025\/08\/ar_eldia20250816-208x300.jpg 208w\" sizes=\"(max-width: 700px) 100vw, 700px\" \/><\/p>\n<p><img decoding=\"async\" src=\"https:\/\/img.kiosko.net\/2025\/08\/16\/ar\/ar_hoy.jpg\" \/><\/p>\n<p><img decoding=\"async\" src=\"https:\/\/img.kiosko.net\/2025\/08\/16\/ar\/ar_democracia.jpg\" \/><\/p>\n<p><img decoding=\"async\" loading=\"lazy\" class=\"aligncenter size-full wp-image-694215\" src=\"https:\/\/www.diario5.com.ar\/wp-content\/uploads\/2025\/08\/ar_chubut20250816.jpg\" width=\"700\" height=\"903\" srcset=\"https:\/\/www.diario5.com.ar\/wp-content\/uploads\/2025\/08\/ar_chubut20250816.jpg 700w, https:\/\/www.diario5.com.ar\/wp-content\/uploads\/2025\/08\/ar_chubut20250816-233x300.jpg 233w\" sizes=\"(max-width: 700px) 100vw, 700px\" \/><\/p>\n<p><img decoding=\"async\" src=\"https:\/\/img.kiosko.net\/2025\/08\/16\/ar\/ar_epoca.jpg\" \/><\/p>\n<p><img decoding=\"async\" src=\"https:\/\/img.kiosko.net\/2025\/08\/16\/ar\/ar_litoral.jpg\" \/><\/p>\n<p><img decoding=\"async\" src=\"https:\/\/img.kiosko.net\/2025\/08\/16\/ar\/ar_heraldo.jpg\" \/><\/p>\n<p><img decoding=\"async\" src=\"https:\/\/img.kiosko.net\/2025\/08\/16\/ar\/ar_manana_formosa.jpg\" \/><\/p>\n<p><img decoding=\"async\" src=\"https:\/\/img.kiosko.net\/2025\/08\/16\/ar\/ar_diario_pampa.jpg\" \/><\/p>\n<p><img decoding=\"async\" src=\"https:\/\/img.kiosko.net\/2025\/08\/16\/ar\/ar_pagina12.jpg\" \/><\/p>\n<p><img decoding=\"async\" src=\"https:\/\/img.kiosko.net\/2025\/08\/16\/ar\/ar_arena.jpg\" \/><\/p>\n<p><img decoding=\"async\" src=\"https:\/\/img.kiosko.net\/2025\/08\/16\/ar\/independiente.jpg\" \/><\/p>\n<p><img decoding=\"async\" src=\"https:\/\/img.kiosko.net\/2025\/08\/16\/ar\/nueva_rioja.jpg\" \/><\/p>\n<p><img decoding=\"async\" src=\"https:\/\/img.kiosko.net\/2025\/08\/16\/ar\/ar_losandes.jpg\" \/><\/p>\n<p><img decoding=\"async\" src=\"https:\/\/img.kiosko.net\/2025\/08\/16\/ar\/ar_tribuno.jpg\" \/><\/p>\n<p><img decoding=\"async\" src=\"https:\/\/img.kiosko.net\/2025\/08\/16\/ar\/lea.jpg\" \/><\/p>\n<p><img decoding=\"async\" src=\"https:\/\/img.kiosko.net\/2025\/08\/16\/ar\/ar_nuevo_diario.jpg\" \/><\/p>\n<p><img decoding=\"async\" src=\"https:\/\/img.kiosko.net\/2025\/08\/16\/ar\/ar_diario_cuyo.jpg\" \/><\/p>\n<p><img decoding=\"async\" src=\"https:\/\/img.kiosko.net\/2025\/08\/16\/ar\/huarpe.jpg\" \/><\/p>\n<p><img decoding=\"async\" src=\"https:\/\/img.kiosko.net\/2025\/08\/16\/ar\/ar_diario_republica.jpg\" \/><\/p>\n<p><img decoding=\"async\" src=\"https:\/\/img.kiosko.net\/2025\/08\/16\/ar\/ar_litoral_sfe.jpg\" \/><\/p>\n<p><img decoding=\"async\" src=\"https:\/\/img.kiosko.net\/2025\/08\/16\/ar\/ciudadano.jpg\" \/><\/p>\n<p><img decoding=\"async\" src=\"https:\/\/img.kiosko.net\/2025\/08\/16\/ar\/ar_mirador_provincial.jpg\" \/><\/p>\n<p><img decoding=\"async\" src=\"https:\/\/img.kiosko.net\/2025\/08\/16\/ar\/ar_gaceta.jpg\" \/><\/p>\n<p><img decoding=\"async\" src=\"https:\/\/img.kiosko.net\/2025\/08\/16\/ar\/ar_cronica.jpg\" \/><\/p>\n<p><img decoding=\"async\" loading=\"lazy\" class=\"aligncenter size-full wp-image-694216\" src=\"https:\/\/www.diario5.com.ar\/wp-content\/uploads\/2025\/08\/ar_clarin20250816.jpg\" width=\"700\" height=\"977\" srcset=\"https:\/\/www.diario5.com.ar\/wp-content\/uploads\/2025\/08\/ar_clarin20250816.jpg 700w, https:\/\/www.diario5.com.ar\/wp-content\/uploads\/2025\/08\/ar_clarin20250816-215x300.jpg 215w\" sizes=\"(max-width: 700px) 100vw, 700px\" \/><\/p>\n<p><img decoding=\"async\" loading=\"lazy\" class=\"aligncenter size-full wp-image-694217\" src=\"https:\/\/www.diario5.com.ar\/wp-content\/uploads\/2025\/08\/nacion20250816.jpg\" width=\"700\" height=\"1056\" srcset=\"https:\/\/www.diario5.com.ar\/wp-content\/uploads\/2025\/08\/nacion20250816.jpg 700w, https:\/\/www.diario5.com.ar\/wp-content\/uploads\/2025\/08\/nacion20250816-199x300.jpg 199w, https:\/\/www.diario5.com.ar\/wp-content\/uploads\/2025\/08\/nacion20250816-679x1024.jpg 679w\" sizes=\"(max-width: 700px) 100vw, 700px\" \/><\/p>\n<p><img decoding=\"async\" src=\"https:\/\/img.kiosko.net\/2025\/08\/16\/ar\/ar_eco.jpg\" \/><\/p>\n<p><img decoding=\"async\" src=\"https:\/\/img.kiosko.net\/2025\/08\/16\/ar\/nuevo_diario.jpg\" \/><\/p>\n<p><img decoding=\"async\" src=\"https:\/\/img.kiosko.net\/2025\/08\/16\/ar\/sureno.jpg\" \/><\/p>\n<p><img decoding=\"async\" src=\"https:\/\/img.kiosko.net\/2025\/08\/16\/ar\/ar_ancasti.jpg\" \/><\/p>\n<p><img decoding=\"async\" src=\"https:\/\/img.kiosko.net\/2025\/08\/16\/ar\/tiempo_sur.jpg\" \/><\/p>\n<p><img decoding=\"async\" src=\"https:\/\/img.kiosko.net\/2025\/08\/16\/uy\/ar\/tiempo_argentino.jpg\" \/><\/p>\n<p><img decoding=\"async\" src=\"https:\/\/img.kiosko.net\/2025\/08\/16\/ar\/ar_epoca.jpg\" \/><\/p>\n<p><img decoding=\"async\" src=\"https:\/\/img.kiosko.net\/2025\/08\/16\/ar\/ar_elsol.jpg\" \/><\/p>\n<p><img decoding=\"async\" src=\"https:\/\/img.kiosko.net\/2025\/08\/16\/ar\/ar_01.jpg\" \/><\/p>\n<p><img decoding=\"async\" src=\"https:\/\/img.kiosko.net\/2025\/08\/16\/ar\/ar_02.jpg\" \/><\/p>\n<p><img decoding=\"async\" src=\"https:\/\/img.kiosko.net\/2025\/08\/16\/ar\/ar_03.jpg\" \/><\/p>\n<p><img decoding=\"async\" src=\"https:\/\/img.kiosko.net\/2025\/08\/16\/ar\/ar_04.jpg\" \/><\/p>\n<p><img decoding=\"async\" src=\"https:\/\/img.kiosko.net\/2025\/08\/16\/ar\/ar_05.jpg\" \/><\/p>\n<p>&nbsp;<\/p>","protected":false},"excerpt":{"rendered":"<p>El acto de quitarle a la bicicleta los brazo met\u00e1licos con ruedas que aseguran el equilibrio, es una met\u00e1fora del crecimiento, de la independencia y de animarse a avanzar sin apoyos. Para muchos, sin saberlo, puede ser su primer sablazo contra la sobreprotecci\u00f3n. Gigantesca oportunidad para estimular el coraje de los m\u00e1s chicos, siempre con [&hellip;]<\/p>","protected":false},"author":1,"featured_media":694211,"comment_status":"open","ping_status":"open","sticky":false,"template":"","format":"standard","meta":[],"categories":[2090,52,56],"tags":[3682,3673,3675,3672,1777,3674,3680,1363,935,3683,3671,3669,3668,3681,2014,3523,3679,3678,2060,1236,3670,1226,2021,3677,3676,1859],"series":[],"_links":{"self":[{"href":"https:\/\/www.diario5.com.ar\/es\/wp-json\/wp\/v2\/posts\/692338"}],"collection":[{"href":"https:\/\/www.diario5.com.ar\/es\/wp-json\/wp\/v2\/posts"}],"about":[{"href":"https:\/\/www.diario5.com.ar\/es\/wp-json\/wp\/v2\/types\/post"}],"author":[{"embeddable":true,"href":"https:\/\/www.diario5.com.ar\/es\/wp-json\/wp\/v2\/users\/1"}],"replies":[{"embeddable":true,"href":"https:\/\/www.diario5.com.ar\/es\/wp-json\/wp\/v2\/comments?post=692338"}],"version-history":[{"count":2,"href":"https:\/\/www.diario5.com.ar\/es\/wp-json\/wp\/v2\/posts\/692338\/revisions"}],"predecessor-version":[{"id":694200,"href":"https:\/\/www.diario5.com.ar\/es\/wp-json\/wp\/v2\/posts\/692338\/revisions\/694200"}],"wp:featuredmedia":[{"embeddable":true,"href":"https:\/\/www.diario5.com.ar\/es\/wp-json\/wp\/v2\/media\/694211"}],"wp:attachment":[{"href":"https:\/\/www.diario5.com.ar\/es\/wp-json\/wp\/v2\/media?parent=692338"}],"wp:term":[{"taxonomy":"category","embeddable":true,"href":"https:\/\/www.diario5.com.ar\/es\/wp-json\/wp\/v2\/categories?post=692338"},{"taxonomy":"post_tag","embeddable":true,"href":"https:\/\/www.diario5.com.ar\/es\/wp-json\/wp\/v2\/tags?post=692338"},{"taxonomy":"series","embeddable":true,"href":"https:\/\/www.diario5.com.ar\/es\/wp-json\/wp\/v2\/series?post=692338"}],"curies":[{"name":"wp","href":"https:\/\/api.w.org\/{rel}","templated":true}]}}