{"id":692334,"date":"2025-08-12T06:00:00","date_gmt":"2025-08-12T09:00:00","guid":{"rendered":"http:\/\/diario5.com.ar\/?p=692334"},"modified":"2025-08-12T20:23:28","modified_gmt":"2025-08-12T23:23:28","slug":"692334","status":"publish","type":"post","link":"https:\/\/www.diario5.com.ar\/es\/692334\/","title":{"rendered":"Consti: Conflicto y mudanza"},"content":{"rendered":"<h2 class=\"sub-title-primary\">Antes de arrancar la nota de hoy, le sellamos un Gracias a Diario 5, que nos banca con un lugar privilegiado para contar la movida de policial en la Ciudad de la Furia.<\/h2> <p><img decoding=\"async\" loading=\"lazy\" class=\"aligncenter size-full wp-image-694127\" src=\"https:\/\/www.diario5.com.ar\/wp-content\/uploads\/2025\/08\/WhatsApp-Image-2025-08-05-at-10.13.09-AM-120250812.jpeg\" alt=\"La Polic\u00eda de la Ciudad desaloj\u00f3 un hotel clausurado hace 9 a\u00f1os que fue tomado en Constituci\u00f3n\" width=\"700\" height=\"465\" srcset=\"https:\/\/www.diario5.com.ar\/wp-content\/uploads\/2025\/08\/WhatsApp-Image-2025-08-05-at-10.13.09-AM-120250812.jpeg 700w, https:\/\/www.diario5.com.ar\/wp-content\/uploads\/2025\/08\/WhatsApp-Image-2025-08-05-at-10.13.09-AM-120250812-300x199.jpeg 300w\" sizes=\"(max-width: 700px) 100vw, 700px\" \/><\/p>\n<p>En Constituci\u00f3n, la Polic\u00eda le puso candado y sello final a un tugurio que llevaba nueve a\u00f1os haciendo la gran \u201cfantasma hotelera\u201d: clausurado en 2016 por estar m\u00e1s sucio que baldosa de ba\u00f1o p\u00fablico y m\u00e1s inseguro que parrilla con nafta, pero igual abierto para el rebusque de los vivos de siempre.<\/p>\n<p>El antro estaba a dos cuadras del Roca, lugar donde el tr\u00e1nsito de almas perdidas es alto y la paciencia de los vecinos, recortada y vencida. Esta vez, la Justicia se aviv\u00f3 y dio luz verde al desalojo. Lleg\u00f3 la Poli con el team de Espacio P\u00fablico y equipos de otros ministerios, para que, en cuesti\u00f3n de horas el edificio pas\u00f3 de pensi\u00f3n trucha a pieza vac\u00eda.<\/p>\n<p>No fue el \u00fanico: tambi\u00e9n limpiaron \u201cLa Lecher\u00eda\u201d en Villa del Parque, que ten\u00eda nombre de almac\u00e9n de barrio pero funcionaba como aguantadero de carros, cachivaches y proyectos peligrosos. El permiso para usarlo se hab\u00eda vencido en 2022, pero los ocupas le hicieron la gran \u201cme hago el sota\u201d hasta que les cay\u00f3 la estatal.<\/p>\n<p>Buenos Aires\u00a0 va achicando el mapa para vivir de prestado, con mugre ajena y sin papeles. Porque al final, como dec\u00eda Arist\u00f3nteles Pal\u00edndromo, como llam\u00e1bamos a Armando Montero, el fil\u00f3sofo m\u00e1s celebrado del Bar La Paz: \u201cfalso inquilino, se muda sin flete\u201d.<\/p>\n<p>&nbsp;<\/p>\n<p><img decoding=\"async\" loading=\"lazy\" class=\"aligncenter size-full wp-image-694128\" src=\"https:\/\/www.diario5.com.ar\/wp-content\/uploads\/2025\/08\/voz_chaco20250812.jpg\" width=\"700\" height=\"809\" srcset=\"https:\/\/www.diario5.com.ar\/wp-content\/uploads\/2025\/08\/voz_chaco20250812.jpg 700w, https:\/\/www.diario5.com.ar\/wp-content\/uploads\/2025\/08\/voz_chaco20250812-260x300.jpg 260w\" sizes=\"(max-width: 700px) 100vw, 700px\" \/><\/p>\n<p><img decoding=\"async\" loading=\"lazy\" class=\"aligncenter size-full wp-image-694129\" src=\"https:\/\/www.diario5.com.ar\/wp-content\/uploads\/2025\/08\/ar_cronista20250812.jpg\" width=\"700\" height=\"1017\" srcset=\"https:\/\/www.diario5.com.ar\/wp-content\/uploads\/2025\/08\/ar_cronista20250812.jpg 700w, https:\/\/www.diario5.com.ar\/wp-content\/uploads\/2025\/08\/ar_cronista20250812-206x300.jpg 206w\" sizes=\"(max-width: 700px) 100vw, 700px\" \/><\/p>\n<p><img decoding=\"async\" loading=\"lazy\" class=\"aligncenter size-full wp-image-694130\" src=\"https:\/\/www.diario5.com.ar\/wp-content\/uploads\/2025\/08\/ar_eldia20250812.jpg\" width=\"700\" height=\"1008\" srcset=\"https:\/\/www.diario5.com.ar\/wp-content\/uploads\/2025\/08\/ar_eldia20250812.jpg 700w, https:\/\/www.diario5.com.ar\/wp-content\/uploads\/2025\/08\/ar_eldia20250812-208x300.jpg 208w\" sizes=\"(max-width: 700px) 100vw, 700px\" \/><\/p>\n<p><img decoding=\"async\" loading=\"lazy\" class=\"aligncenter size-full wp-image-694131\" src=\"https:\/\/www.diario5.com.ar\/wp-content\/uploads\/2025\/08\/ar_chubut20250812.jpg\" width=\"700\" height=\"896\" srcset=\"https:\/\/www.diario5.com.ar\/wp-content\/uploads\/2025\/08\/ar_chubut20250812.jpg 700w, https:\/\/www.diario5.com.ar\/wp-content\/uploads\/2025\/08\/ar_chubut20250812-234x300.jpg 234w\" sizes=\"(max-width: 700px) 100vw, 700px\" \/><\/p>\n<p><img decoding=\"async\" loading=\"lazy\" class=\"aligncenter size-full wp-image-694134\" src=\"https:\/\/www.diario5.com.ar\/wp-content\/uploads\/2025\/08\/ar_litoral_sfe20250812.jpg\" width=\"700\" height=\"923\" srcset=\"https:\/\/www.diario5.com.ar\/wp-content\/uploads\/2025\/08\/ar_litoral_sfe20250812.jpg 700w, https:\/\/www.diario5.com.ar\/wp-content\/uploads\/2025\/08\/ar_litoral_sfe20250812-228x300.jpg 228w\" sizes=\"(max-width: 700px) 100vw, 700px\" \/><\/p>\n<p><img decoding=\"async\" loading=\"lazy\" class=\"aligncenter size-full wp-image-694135\" src=\"https:\/\/www.diario5.com.ar\/wp-content\/uploads\/2025\/08\/ar_mirador_provincial20250812.jpg\" width=\"700\" height=\"940\" srcset=\"https:\/\/www.diario5.com.ar\/wp-content\/uploads\/2025\/08\/ar_mirador_provincial20250812.jpg 700w, https:\/\/www.diario5.com.ar\/wp-content\/uploads\/2025\/08\/ar_mirador_provincial20250812-223x300.jpg 223w\" sizes=\"(max-width: 700px) 100vw, 700px\" \/><\/p>\n<p><img decoding=\"async\" loading=\"lazy\" class=\"aligncenter size-full wp-image-694132\" src=\"https:\/\/www.diario5.com.ar\/wp-content\/uploads\/2025\/08\/ar_clarin20250812.jpg\" width=\"700\" height=\"977\" srcset=\"https:\/\/www.diario5.com.ar\/wp-content\/uploads\/2025\/08\/ar_clarin20250812.jpg 700w, https:\/\/www.diario5.com.ar\/wp-content\/uploads\/2025\/08\/ar_clarin20250812-215x300.jpg 215w\" sizes=\"(max-width: 700px) 100vw, 700px\" \/><\/p>\n<p><img decoding=\"async\" loading=\"lazy\" class=\"aligncenter size-full wp-image-694133\" src=\"https:\/\/www.diario5.com.ar\/wp-content\/uploads\/2025\/08\/nacion20250812.jpg\" width=\"700\" height=\"1051\" srcset=\"https:\/\/www.diario5.com.ar\/wp-content\/uploads\/2025\/08\/nacion20250812.jpg 700w, https:\/\/www.diario5.com.ar\/wp-content\/uploads\/2025\/08\/nacion20250812-200x300.jpg 200w, https:\/\/www.diario5.com.ar\/wp-content\/uploads\/2025\/08\/nacion20250812-682x1024.jpg 682w\" sizes=\"(max-width: 700px) 100vw, 700px\" \/><\/p>","protected":false},"excerpt":{"rendered":"<p>Antes de arrancar la nota de hoy, le sellamos un Gracias a Diario 5, que nos banca con un lugar privilegiado para contar la movida de policial en la Ciudad de la Furia. En Constituci\u00f3n, la Polic\u00eda le puso candado y sello final a un tugurio que llevaba nueve a\u00f1os haciendo la gran \u201cfantasma hotelera\u201d: [&hellip;]<\/p>","protected":false},"author":22,"featured_media":694127,"comment_status":"open","ping_status":"open","sticky":false,"template":"","format":"standard","meta":[],"categories":[673,28,56],"tags":[297,474,958,3599,3279,1459],"series":[],"_links":{"self":[{"href":"https:\/\/www.diario5.com.ar\/es\/wp-json\/wp\/v2\/posts\/692334"}],"collection":[{"href":"https:\/\/www.diario5.com.ar\/es\/wp-json\/wp\/v2\/posts"}],"about":[{"href":"https:\/\/www.diario5.com.ar\/es\/wp-json\/wp\/v2\/types\/post"}],"author":[{"embeddable":true,"href":"https:\/\/www.diario5.com.ar\/es\/wp-json\/wp\/v2\/users\/22"}],"replies":[{"embeddable":true,"href":"https:\/\/www.diario5.com.ar\/es\/wp-json\/wp\/v2\/comments?post=692334"}],"version-history":[{"count":5,"href":"https:\/\/www.diario5.com.ar\/es\/wp-json\/wp\/v2\/posts\/692334\/revisions"}],"predecessor-version":[{"id":694137,"href":"https:\/\/www.diario5.com.ar\/es\/wp-json\/wp\/v2\/posts\/692334\/revisions\/694137"}],"wp:featuredmedia":[{"embeddable":true,"href":"https:\/\/www.diario5.com.ar\/es\/wp-json\/wp\/v2\/media\/694127"}],"wp:attachment":[{"href":"https:\/\/www.diario5.com.ar\/es\/wp-json\/wp\/v2\/media?parent=692334"}],"wp:term":[{"taxonomy":"category","embeddable":true,"href":"https:\/\/www.diario5.com.ar\/es\/wp-json\/wp\/v2\/categories?post=692334"},{"taxonomy":"post_tag","embeddable":true,"href":"https:\/\/www.diario5.com.ar\/es\/wp-json\/wp\/v2\/tags?post=692334"},{"taxonomy":"series","embeddable":true,"href":"https:\/\/www.diario5.com.ar\/es\/wp-json\/wp\/v2\/series?post=692334"}],"curies":[{"name":"wp","href":"https:\/\/api.w.org\/{rel}","templated":true}]}}