{"id":692332,"date":"2025-08-10T06:11:00","date_gmt":"2025-08-10T09:11:00","guid":{"rendered":"http:\/\/diario5.com.ar\/?p=692332"},"modified":"2025-08-11T03:25:44","modified_gmt":"2025-08-11T06:25:44","slug":"692332","status":"publish","type":"post","link":"https:\/\/www.diario5.com.ar\/es\/692332\/","title":{"rendered":"Keinemusik promueve su show"},"content":{"rendered":"<h2 class=\"sub-title-primary\"><\/h2> <p><img decoding=\"async\" loading=\"lazy\" class=\"aligncenter size-full wp-image-694107\" src=\"https:\/\/www.diario5.com.ar\/wp-content\/uploads\/2025\/08\/PUENTE-DE-LA-MUJER-220250811.jpg\" width=\"700\" height=\"400\" alt=\"keine mujer\" srcset=\"https:\/\/www.diario5.com.ar\/wp-content\/uploads\/2025\/08\/PUENTE-DE-LA-MUJER-220250811.jpg 700w, https:\/\/www.diario5.com.ar\/wp-content\/uploads\/2025\/08\/PUENTE-DE-LA-MUJER-220250811-300x171.jpg 300w\" sizes=\"(max-width: 700px) 100vw, 700px\" \/><\/p>\n<p>En la noche del jueves, el grupo art\u00edstico alem\u00e1n Keinemusik logr\u00f3 que Buenos Aires hablara de ellos. Con proyecciones lum\u00ednicas sobre las fachadas de edificios porte\u00f1os notables, anunciaron su presentaci\u00f3n del pr\u00f3ximo 8 de noviembre en el Parque de la Ciudad<\/p>\n<p>Sin anuncios propios en redes, sin publicidad en radio, TV y diarios y sin afiches pegados, estos berlineses intervinieron fachadas y monumentos con una campa\u00f1a silenciosa, tres meses antes del encuentro.<\/p>\n<p>Ya lo hab\u00edan hecho en Nueva York y Londres. Nunca explican demasiado. La expectativa hace el resto.<\/p>\n<p>Las proyecciones se vieron en la Confiter\u00eda La Ideal, el Puente de la Mujer, el Monumento a los Espa\u00f1oles y la Torre del Parque de la Ciudad, escenario del show.<\/p>\n<p>A Keinemusik lo integran una artista visual m\u00e1s cuatro DJs y productores musicales. Todos de Berl\u00edn.<\/p>\n<p>A sus espect\u00e1culos se los considera \u00abinmersivos\u00bb y Tienen j\u00f3venes fan\u00e1ticos en todo el mundo.<\/p>\n<p>La estrategia promocional result\u00f3 un fen\u00f3meno cultural en s\u00ed mismo. Aplicaron un m\u00e9todo de publicidad que se propaga solo: miles de personas filmaron y fotografiaron. La ciudad fue un anticipo del show.<\/p>","protected":false},"excerpt":{"rendered":"<p>En la noche del jueves, el grupo art\u00edstico alem\u00e1n Keinemusik logr\u00f3 que Buenos Aires hablara de ellos. Con proyecciones lum\u00ednicas sobre las fachadas de edificios porte\u00f1os notables, anunciaron su presentaci\u00f3n del pr\u00f3ximo 8 de noviembre en el Parque de la Ciudad Sin anuncios propios en redes, sin publicidad en radio, TV y diarios y sin [&hellip;]<\/p>","protected":false},"author":5,"featured_media":694107,"comment_status":"open","ping_status":"open","sticky":false,"template":"","format":"standard","meta":[],"categories":[478,5,16],"tags":[1397,474,1491,1803,708,1462,1625,993,707],"series":[],"_links":{"self":[{"href":"https:\/\/www.diario5.com.ar\/es\/wp-json\/wp\/v2\/posts\/692332"}],"collection":[{"href":"https:\/\/www.diario5.com.ar\/es\/wp-json\/wp\/v2\/posts"}],"about":[{"href":"https:\/\/www.diario5.com.ar\/es\/wp-json\/wp\/v2\/types\/post"}],"author":[{"embeddable":true,"href":"https:\/\/www.diario5.com.ar\/es\/wp-json\/wp\/v2\/users\/5"}],"replies":[{"embeddable":true,"href":"https:\/\/www.diario5.com.ar\/es\/wp-json\/wp\/v2\/comments?post=692332"}],"version-history":[{"count":3,"href":"https:\/\/www.diario5.com.ar\/es\/wp-json\/wp\/v2\/posts\/692332\/revisions"}],"predecessor-version":[{"id":694108,"href":"https:\/\/www.diario5.com.ar\/es\/wp-json\/wp\/v2\/posts\/692332\/revisions\/694108"}],"wp:featuredmedia":[{"embeddable":true,"href":"https:\/\/www.diario5.com.ar\/es\/wp-json\/wp\/v2\/media\/694107"}],"wp:attachment":[{"href":"https:\/\/www.diario5.com.ar\/es\/wp-json\/wp\/v2\/media?parent=692332"}],"wp:term":[{"taxonomy":"category","embeddable":true,"href":"https:\/\/www.diario5.com.ar\/es\/wp-json\/wp\/v2\/categories?post=692332"},{"taxonomy":"post_tag","embeddable":true,"href":"https:\/\/www.diario5.com.ar\/es\/wp-json\/wp\/v2\/tags?post=692332"},{"taxonomy":"series","embeddable":true,"href":"https:\/\/www.diario5.com.ar\/es\/wp-json\/wp\/v2\/series?post=692332"}],"curies":[{"name":"wp","href":"https:\/\/api.w.org\/{rel}","templated":true}]}}