{"id":692331,"date":"2025-08-09T06:00:00","date_gmt":"2025-08-09T09:00:00","guid":{"rendered":"http:\/\/diario5.com.ar\/?p=692331"},"modified":"2025-08-09T06:02:06","modified_gmt":"2025-08-09T09:02:06","slug":"692331","status":"publish","type":"post","link":"https:\/\/www.diario5.com.ar\/es\/692331\/","title":{"rendered":"Subte: Estaciones suspendidas"},"content":{"rendered":"<h2 class=\"sub-title-primary\"><\/h2> <p><img decoding=\"async\" src=\"https:\/\/www.diario5.com.ar\/wp-content\/uploads\/2023\/01\/WhatsApp-Image-2023-01-10-at-23.38.15-1024x472.jpeg\" \/><\/p>\n<p>El pr\u00f3ximo lunes 11 de agosto comenzar\u00e1n las obras de renovaci\u00f3n integral en la estaci\u00f3n Plaza Italia de la L\u00ednea D, que permanecer\u00e1 cerrada por aproximadamente tres meses. Es parte del <em>Plan de Renovaci\u00f3n Integral de Estaciones<\/em> por parte de Subterr\u00e1neos de Buenos Aires (SBASE)<\/p>\n<p>Se busca mejorar la infraestructura y -expres\u00e1ndolo de una manera muy actual- la \u00abexperiencia de viaje\u00bb de los pasajeros.<\/p>\n<p>Een Plaza Italia har\u00e1n pintura, impermeabilizaci\u00f3n, recambio de pisos y revestimientos gran\u00edticos en escaleras, instalaci\u00f3n de luces LED y nuevo mobiliario en los andenes. Adem\u00e1s, all\u00ed hay que renovar la se\u00f1al\u00e9tica. Nunca hay que dejar de tomar en cuenta la se\u00f1alizaci\u00f3n braille en pasamanos y p\u00f3rticos para facilitar el acceso a personas con discapacidad visual.<\/p>\n<p>Anticipan que se restaurar\u00e1n ocho murales y las may\u00f3licas hist\u00f3ricas, preservando el patrimonio art\u00edstico de la estaci\u00f3n.\u00a0La intervenci\u00f3n abarcar\u00e1 los accesos, galer\u00edas, vest\u00edbulos y andenes, con el objetivo de mejorar la circulaci\u00f3n y la iluminaci\u00f3n en toda la estaci\u00f3n.<\/p>\n<p>Nada se dijo sobre los baldosones que reproducen las dos extraordinarias pinturas de Benito Quinquela Mart\u00edn. Probablemente integren los trabajos de restauraci\u00f3n. Diario 5 se ocup\u00f3 de ellos en detalle.<\/p>\n<blockquote class=\"wp-embedded-content\" data-secret=\"gILz2mjaQw\"><p><a href=\"https:\/\/www.diario5.com.ar\/es\/636486\/\">Los Quinquela del Subte<\/a><\/p><\/blockquote>\n<p><iframe class=\"wp-embedded-content\" sandbox=\"allow-scripts\" security=\"restricted\" style=\"position: absolute; clip: rect(1px, 1px, 1px, 1px);\" title=\"\u00abLos Quinquela del Subte\u00bb \u2014 Diario 5\" src=\"https:\/\/www.diario5.com.ar\/636486\/embed\/#?secret=uElfEoDf1l#?secret=gILz2mjaQw\" data-secret=\"gILz2mjaQw\" width=\"600\" height=\"338\" frameborder=\"0\" marginwidth=\"0\" marginheight=\"0\" scrolling=\"no\"><\/iframe><\/p>\n<p><strong>Qu\u00e9 pasa con otras estaciones<\/strong><\/p>\n<p>Esta obra se suma a las ya realizadas en varias estaciones de la red, como Bulnes, Facultad de Medicina, Scalabrini Ortiz y Palermo en la L\u00ednea D, y otras en distintas l\u00edneas y paradores del Premetro.<\/p>\n<p>Pr\u00f3ximamente, las renovaciones continuar\u00e1n en estaciones como Loria, R\u00edo de Janeiro y Congreso (L\u00ednea A); Uruguay, Carlos Gardel y Malabia (L\u00ednea B); y Tribunales y Ag\u00fcero (L\u00ednea D). Y est\u00e1n en marcha licitaciones para trabajos en Medrano, \u00c1ngel Gallardo, Lavalle, Independencia, General Urquiza y Entre R\u00edos.<\/p>\n<p>Naturalmente, este cierre temporal de estaciones obligar\u00e1 a los usuarios a buscar alternativas durante los trabajos. A prop\u00f3sito, alguien deber\u00eda hacerse cargo de anunciar oficialmente el factor error en sus predicciones de llegada de l\u00edneas a paradas y el paup\u00e9rrimo porcentual de efectividad que las aplicaciones de espera de colectivos ofrecen a los usuarios. La p\u00e9rdida de tiempo es muy grande. Y tomando en cuenta a las personas que usan celulares con tarifa prepaga, tambi\u00e9n se trata de perdida de dinero, ya que el uso de ancho de banda para hacer funcionar esas apps es importante y redunda en la merma de disponible en GB de uso para el resto de la jornada.<\/p>\n<p>&nbsp;<\/p>\n<p>&nbsp;<\/p>\n<p><img decoding=\"async\" loading=\"lazy\" class=\"aligncenter size-full wp-image-694097\" src=\"https:\/\/www.diario5.com.ar\/wp-content\/uploads\/2025\/08\/dia_gualeguaychu20250809.jpg\" width=\"700\" height=\"932\" srcset=\"https:\/\/www.diario5.com.ar\/wp-content\/uploads\/2025\/08\/dia_gualeguaychu20250809.jpg 700w, https:\/\/www.diario5.com.ar\/wp-content\/uploads\/2025\/08\/dia_gualeguaychu20250809-225x300.jpg 225w\" sizes=\"(max-width: 700px) 100vw, 700px\" \/><\/p>\n<p><img decoding=\"async\" loading=\"lazy\" class=\"aligncenter size-full wp-image-694098\" src=\"https:\/\/www.diario5.com.ar\/wp-content\/uploads\/2025\/08\/ar_nueva_provincia20250809.jpg\" width=\"700\" height=\"973\" srcset=\"https:\/\/www.diario5.com.ar\/wp-content\/uploads\/2025\/08\/ar_nueva_provincia20250809.jpg 700w, https:\/\/www.diario5.com.ar\/wp-content\/uploads\/2025\/08\/ar_nueva_provincia20250809-216x300.jpg 216w\" sizes=\"(max-width: 700px) 100vw, 700px\" \/><\/p>\n<p><img decoding=\"async\" src=\"https:\/\/img.kiosko.net\/2025\/08\/09\/ar\/ar_ancasti.jpg\" \/><\/p>\n<p><img decoding=\"async\" src=\"https:\/\/img.kiosko.net\/2025\/08\/09\/ar\/ar_esquiu.jpg\" \/><\/p>\n<p><img decoding=\"async\" src=\"https:\/\/img.kiosko.net\/2025\/08\/09\/ar\/ar_diario_norte.jpg\" \/><\/p>\n<p><img decoding=\"async\" loading=\"lazy\" class=\"aligncenter size-full wp-image-694099\" src=\"https:\/\/www.diario5.com.ar\/wp-content\/uploads\/2025\/08\/voz_chaco20250809.jpg\" width=\"700\" height=\"816\" srcset=\"https:\/\/www.diario5.com.ar\/wp-content\/uploads\/2025\/08\/voz_chaco20250809.jpg 700w, https:\/\/www.diario5.com.ar\/wp-content\/uploads\/2025\/08\/voz_chaco20250809-257x300.jpg 257w\" sizes=\"(max-width: 700px) 100vw, 700px\" \/><\/p>\n<p><img decoding=\"async\" src=\"https:\/\/img.kiosko.net\/2025\/08\/09\/ar\/ar_diario_madryn.jpg\" \/><\/p>\n<p><img decoding=\"async\" src=\"https:\/\/img.kiosko.net\/2025\/08\/09\/ar\/ar_laprensa.jpg\" \/><\/p>\n<p><img decoding=\"async\" src=\"https:\/\/img.kiosko.net\/2025\/08\/09\/ar\/ar_cronista.jpg\" \/><\/p>\n<p><img decoding=\"async\" src=\"https:\/\/img.kiosko.net\/2025\/08\/09\/ar\/buenosaires_economico.jpg\" \/><\/p>\n<p><img decoding=\"async\" src=\"https:\/\/img.kiosko.net\/2025\/08\/09\/ar\/ar_perfil.jpg\" \/><\/p>\n<p><img decoding=\"async\" loading=\"lazy\" class=\"aligncenter size-full wp-image-694100\" src=\"https:\/\/www.diario5.com.ar\/wp-content\/uploads\/2025\/08\/ar_eldia20250809.jpg\" width=\"700\" height=\"1004\" srcset=\"https:\/\/www.diario5.com.ar\/wp-content\/uploads\/2025\/08\/ar_eldia20250809.jpg 700w, https:\/\/www.diario5.com.ar\/wp-content\/uploads\/2025\/08\/ar_eldia20250809-209x300.jpg 209w\" sizes=\"(max-width: 700px) 100vw, 700px\" \/><\/p>\n<p><img decoding=\"async\" src=\"https:\/\/img.kiosko.net\/2025\/08\/09\/ar\/ar_hoy.jpg\" \/><\/p>\n<p><img decoding=\"async\" src=\"https:\/\/img.kiosko.net\/2025\/08\/09\/ar\/ar_democracia.jpg\" \/><\/p>\n<p><img decoding=\"async\" loading=\"lazy\" class=\"aligncenter size-full wp-image-694101\" src=\"https:\/\/www.diario5.com.ar\/wp-content\/uploads\/2025\/08\/ar_chubut20250809.jpg\" width=\"700\" height=\"902\" srcset=\"https:\/\/www.diario5.com.ar\/wp-content\/uploads\/2025\/08\/ar_chubut20250809.jpg 700w, https:\/\/www.diario5.com.ar\/wp-content\/uploads\/2025\/08\/ar_chubut20250809-233x300.jpg 233w\" sizes=\"(max-width: 700px) 100vw, 700px\" \/><\/p>\n<p><img decoding=\"async\" src=\"https:\/\/img.kiosko.net\/2025\/08\/09\/ar\/ar_epoca.jpg\" \/><\/p>\n<p><img decoding=\"async\" src=\"https:\/\/img.kiosko.net\/2025\/08\/09\/ar\/ar_litoral.jpg\" \/><\/p>\n<p><img decoding=\"async\" src=\"https:\/\/img.kiosko.net\/2025\/08\/09\/ar\/ar_heraldo.jpg\" \/><\/p>\n<p><img decoding=\"async\" src=\"https:\/\/img.kiosko.net\/2025\/08\/09\/ar\/ar_manana_formosa.jpg\" \/><\/p>\n<p><img decoding=\"async\" src=\"https:\/\/img.kiosko.net\/2025\/08\/09\/ar\/ar_diario_pampa.jpg\" \/><\/p>\n<p><img decoding=\"async\" src=\"https:\/\/img.kiosko.net\/2025\/08\/09\/ar\/ar_pagina12.jpg\" \/><\/p>\n<p><img decoding=\"async\" src=\"https:\/\/img.kiosko.net\/2025\/08\/09\/ar\/ar_arena.jpg\" \/><\/p>\n<p><img decoding=\"async\" src=\"https:\/\/img.kiosko.net\/2025\/08\/09\/ar\/independiente.jpg\" \/><\/p>\n<p><img decoding=\"async\" src=\"https:\/\/img.kiosko.net\/2025\/08\/09\/ar\/nueva_rioja.jpg\" \/><\/p>\n<p><img decoding=\"async\" src=\"https:\/\/img.kiosko.net\/2025\/08\/09\/ar\/ar_losandes.jpg\" \/><\/p>\n<p><img decoding=\"async\" src=\"https:\/\/img.kiosko.net\/2025\/08\/09\/ar\/ar_tribuno.jpg\" \/><\/p>\n<p><img decoding=\"async\" src=\"https:\/\/img.kiosko.net\/2025\/08\/09\/ar\/lea.jpg\" \/><\/p>\n<p><img decoding=\"async\" src=\"https:\/\/img.kiosko.net\/2025\/08\/09\/ar\/ar_nuevo_diario.jpg\" \/><\/p>\n<p><img decoding=\"async\" src=\"https:\/\/img.kiosko.net\/2025\/08\/09\/ar\/ar_diario_cuyo.jpg\" \/><\/p>\n<p><img decoding=\"async\" src=\"https:\/\/img.kiosko.net\/2025\/08\/09\/ar\/huarpe.jpg\" \/><\/p>\n<p><img decoding=\"async\" src=\"https:\/\/img.kiosko.net\/2025\/08\/09\/ar\/ar_diario_republica.jpg\" \/><\/p>\n<p><img decoding=\"async\" src=\"https:\/\/img.kiosko.net\/2025\/08\/09\/ar\/ar_litoral_sfe.jpg\" \/><\/p>\n<p><img decoding=\"async\" src=\"https:\/\/img.kiosko.net\/2025\/08\/09\/ar\/ciudadano.jpg\" \/><\/p>\n<p><img decoding=\"async\" src=\"https:\/\/img.kiosko.net\/2025\/08\/09\/ar\/ar_mirador_provincial.jpg\" \/><\/p>\n<p><img decoding=\"async\" src=\"https:\/\/img.kiosko.net\/2025\/08\/09\/ar\/ar_gaceta.jpg\" \/><\/p>\n<p><img decoding=\"async\" src=\"https:\/\/img.kiosko.net\/2025\/08\/09\/ar\/ar_cronica.jpg\" \/><\/p>\n<p><img decoding=\"async\" loading=\"lazy\" class=\"aligncenter size-full wp-image-694102\" src=\"https:\/\/www.diario5.com.ar\/wp-content\/uploads\/2025\/08\/ar_clarin20250809.jpg\" width=\"700\" height=\"977\" srcset=\"https:\/\/www.diario5.com.ar\/wp-content\/uploads\/2025\/08\/ar_clarin20250809.jpg 700w, https:\/\/www.diario5.com.ar\/wp-content\/uploads\/2025\/08\/ar_clarin20250809-215x300.jpg 215w\" sizes=\"(max-width: 700px) 100vw, 700px\" \/><\/p>\n<p><img decoding=\"async\" loading=\"lazy\" class=\"aligncenter size-full wp-image-694103\" src=\"https:\/\/www.diario5.com.ar\/wp-content\/uploads\/2025\/08\/nacion20250809.jpg\" width=\"700\" height=\"1056\" srcset=\"https:\/\/www.diario5.com.ar\/wp-content\/uploads\/2025\/08\/nacion20250809.jpg 700w, https:\/\/www.diario5.com.ar\/wp-content\/uploads\/2025\/08\/nacion20250809-199x300.jpg 199w, https:\/\/www.diario5.com.ar\/wp-content\/uploads\/2025\/08\/nacion20250809-679x1024.jpg 679w\" sizes=\"(max-width: 700px) 100vw, 700px\" \/><\/p>\n<p><img decoding=\"async\" src=\"https:\/\/img.kiosko.net\/2025\/08\/09\/ar\/ar_eco.jpg\" \/><\/p>\n<p><img decoding=\"async\" src=\"https:\/\/img.kiosko.net\/2025\/08\/09\/ar\/nuevo_diario.jpg\" \/><\/p>\n<p><img decoding=\"async\" src=\"https:\/\/img.kiosko.net\/2025\/08\/09\/ar\/sureno.jpg\" \/><\/p>\n<p><img decoding=\"async\" src=\"https:\/\/img.kiosko.net\/2025\/08\/09\/ar\/ar_ancasti.jpg\" \/><\/p>\n<p><img decoding=\"async\" src=\"https:\/\/img.kiosko.net\/2025\/08\/09\/ar\/tiempo_sur.jpg\" \/><\/p>\n<p><img decoding=\"async\" src=\"https:\/\/img.kiosko.net\/2025\/08\/09\/uy\/ar\/tiempo_argentino.jpg\" \/><\/p>\n<p><img decoding=\"async\" src=\"https:\/\/img.kiosko.net\/2025\/08\/09\/ar\/ar_epoca.jpg\" \/><\/p>\n<p><img decoding=\"async\" src=\"https:\/\/img.kiosko.net\/2025\/08\/09\/ar\/ar_elsol.jpg\" \/><\/p>\n<p><img decoding=\"async\" src=\"https:\/\/img.kiosko.net\/2025\/08\/09\/ar\/ar_01.jpg\" \/><\/p>\n<p><img decoding=\"async\" src=\"https:\/\/img.kiosko.net\/2025\/08\/09\/ar\/ar_02.jpg\" \/><\/p>\n<p><img decoding=\"async\" src=\"https:\/\/img.kiosko.net\/2025\/08\/09\/ar\/ar_03.jpg\" \/><\/p>\n<p><img decoding=\"async\" src=\"https:\/\/img.kiosko.net\/2025\/08\/09\/ar\/ar_04.jpg\" \/><\/p>\n<p><img decoding=\"async\" src=\"https:\/\/img.kiosko.net\/2025\/08\/09\/ar\/ar_05.jpg\" \/><\/p>\n<p>&nbsp;<\/p>","protected":false},"excerpt":{"rendered":"<p>El pr\u00f3ximo lunes 11 de agosto comenzar\u00e1n las obras de renovaci\u00f3n integral en la estaci\u00f3n Plaza Italia de la L\u00ednea D, que permanecer\u00e1 cerrada por aproximadamente tres meses. Es parte del Plan de Renovaci\u00f3n Integral de Estaciones por parte de Subterr\u00e1neos de Buenos Aires (SBASE) Se busca mejorar la infraestructura y -expres\u00e1ndolo de una manera [&hellip;]<\/p>","protected":false},"author":5,"featured_media":663870,"comment_status":"open","ping_status":"open","sticky":false,"template":"","format":"standard","meta":[],"categories":[2395,56,25],"tags":[3630,3464,2272,474,2375,3621,87,2839,1283,3315,2036,331,2387,2094,1910,2704,1355,3623,3626,3631,3622,1362,2719,3155,3323,3629,1172,925,3620,3627,2106,3625,3624,3634,3633,3628,786,3632],"series":[],"_links":{"self":[{"href":"https:\/\/www.diario5.com.ar\/es\/wp-json\/wp\/v2\/posts\/692331"}],"collection":[{"href":"https:\/\/www.diario5.com.ar\/es\/wp-json\/wp\/v2\/posts"}],"about":[{"href":"https:\/\/www.diario5.com.ar\/es\/wp-json\/wp\/v2\/types\/post"}],"author":[{"embeddable":true,"href":"https:\/\/www.diario5.com.ar\/es\/wp-json\/wp\/v2\/users\/5"}],"replies":[{"embeddable":true,"href":"https:\/\/www.diario5.com.ar\/es\/wp-json\/wp\/v2\/comments?post=692331"}],"version-history":[{"count":2,"href":"https:\/\/www.diario5.com.ar\/es\/wp-json\/wp\/v2\/posts\/692331\/revisions"}],"predecessor-version":[{"id":694094,"href":"https:\/\/www.diario5.com.ar\/es\/wp-json\/wp\/v2\/posts\/692331\/revisions\/694094"}],"wp:featuredmedia":[{"embeddable":true,"href":"https:\/\/www.diario5.com.ar\/es\/wp-json\/wp\/v2\/media\/663870"}],"wp:attachment":[{"href":"https:\/\/www.diario5.com.ar\/es\/wp-json\/wp\/v2\/media?parent=692331"}],"wp:term":[{"taxonomy":"category","embeddable":true,"href":"https:\/\/www.diario5.com.ar\/es\/wp-json\/wp\/v2\/categories?post=692331"},{"taxonomy":"post_tag","embeddable":true,"href":"https:\/\/www.diario5.com.ar\/es\/wp-json\/wp\/v2\/tags?post=692331"},{"taxonomy":"series","embeddable":true,"href":"https:\/\/www.diario5.com.ar\/es\/wp-json\/wp\/v2\/series?post=692331"}],"curies":[{"name":"wp","href":"https:\/\/api.w.org\/{rel}","templated":true}]}}