{"id":692322,"date":"2025-07-31T06:00:00","date_gmt":"2025-07-31T09:00:00","guid":{"rendered":"http:\/\/diario5.com.ar\/?p=692322"},"modified":"2025-07-31T19:50:09","modified_gmt":"2025-07-31T22:50:09","slug":"692322","status":"publish","type":"post","link":"https:\/\/www.diario5.com.ar\/es\/692322\/","title":{"rendered":"Peque\u00f1a parada"},"content":{"rendered":"<h2 class=\"sub-title-primary\">Gran operativo de control vehicular en Independencia y Entre R\u00edos: fiscalizaci\u00f3n integral en el macrocentro porte\u00f1o. <\/h2> <p><img decoding=\"async\" loading=\"lazy\" class=\"alignnone size-full wp-image-693969\" src=\"https:\/\/www.diario5.com.ar\/wp-content\/uploads\/2025\/07\/control_transito_1.jpg\" alt=\"\" width=\"1280\" height=\"768\" srcset=\"https:\/\/www.diario5.com.ar\/wp-content\/uploads\/2025\/07\/control_transito_1.jpg 1280w, https:\/\/www.diario5.com.ar\/wp-content\/uploads\/2025\/07\/control_transito_1-300x180.jpg 300w, https:\/\/www.diario5.com.ar\/wp-content\/uploads\/2025\/07\/control_transito_1-1024x614.jpg 1024w, https:\/\/www.diario5.com.ar\/wp-content\/uploads\/2025\/07\/control_transito_1-768x461.jpg 768w\" sizes=\"(max-width: 1280px) 100vw, 1280px\" \/><\/p>\n<p>En la tarde del martes 30 de julio, un importante operativo de control de tr\u00e1nsito se despleg\u00f3 sobre la Avenida Independencia, entre Entre R\u00edos y Combate de los Pozos. Agentes de tr\u00e1nsito realizaron controles integrales a autom\u00f3viles, motocicletas y veh\u00edculos de transporte, en una jornada enmarcada dentro del esquema habitual de fiscalizaci\u00f3n de la Secretar\u00eda de Transporte y Obras P\u00fablicas.<\/p>\n<p>Los procedimientos incluyeron verificaciones de documentaci\u00f3n obligatoria, control de uso de casco en motociclistas, revisi\u00f3n del cumplimiento de la Verificaci\u00f3n T\u00e9cnica Vehicular (VTV), uso de cintur\u00f3n de seguridad, control de alcoholemia y an\u00e1lisis preliminares para la detecci\u00f3n de sustancias. A su vez, se fiscaliz\u00f3 el respeto por la se\u00f1alizaci\u00f3n vial y se verificaron condiciones t\u00e9cnicas de los rodados.<\/p>\n<p>Este tipo de operativos se realizan de forma rotativa en distintos puntos cr\u00edticos del mapa porte\u00f1o y forman parte de una pol\u00edtica sostenida de vigilancia vial. Complementan el funcionamiento del Anillo Digital \u2014sistema que cubre accesos a la Ciudad mediante c\u00e1maras lectoras de patentes\u2014 y del Sistema P\u00fablico Integral de Videovigilancia, que monitorea la circulaci\u00f3n urbana desde los centros de control.<\/p>\n<p><img decoding=\"async\" loading=\"lazy\" class=\"alignnone size-full wp-image-693971\" src=\"https:\/\/www.diario5.com.ar\/wp-content\/uploads\/2025\/07\/control_transito_2.jpg\" alt=\"\" width=\"1280\" height=\"768\" srcset=\"https:\/\/www.diario5.com.ar\/wp-content\/uploads\/2025\/07\/control_transito_2.jpg 1280w, https:\/\/www.diario5.com.ar\/wp-content\/uploads\/2025\/07\/control_transito_2-300x180.jpg 300w, https:\/\/www.diario5.com.ar\/wp-content\/uploads\/2025\/07\/control_transito_2-1024x614.jpg 1024w, https:\/\/www.diario5.com.ar\/wp-content\/uploads\/2025\/07\/control_transito_2-768x461.jpg 768w\" sizes=\"(max-width: 1280px) 100vw, 1280px\" \/><\/p>\n<p>La arteria elegida registra un alto caudal vehicular y con poco transporte p\u00fablico, lo que transforma a Independencia en una avenida con posibilidades de tentarse a acelerar m\u00e1s de la cuenta.\u00a0 Adem\u00e1s, la altura de la avenida en la que se instal\u00f3 el operativo es un punto disparador desde el centro porte\u00f1o hacia los barrios del sur. En este contexto, podr\u00eda asumirse que la presencia de los agentes busca reforzar la prevenci\u00f3n de siniestros, desalentar infracciones y asegurar el cumplimiento de las normas de tr\u00e1nsito.<\/p>\n<p>Dondequiera que pueda, el Gobierno porte\u00f1o suele anunciar que estos controles no solamente buscan detectar infractores, sino que promover una cultura vial m\u00e1s consciente y responsable. Se nos perdonar\u00e1 esbozar de mueca esc\u00e9ptica a quienes solemos observar con lupa las acciones de las autoridades cuando urge recaudar.<\/p>\n<p>&nbsp;<\/p>\n<p><img decoding=\"async\" loading=\"lazy\" class=\"aligncenter size-full wp-image-693973\" src=\"https:\/\/www.diario5.com.ar\/wp-content\/uploads\/2025\/07\/ar_ancasti20250731.jpg\" width=\"700\" height=\"941\" srcset=\"https:\/\/www.diario5.com.ar\/wp-content\/uploads\/2025\/07\/ar_ancasti20250731.jpg 700w, https:\/\/www.diario5.com.ar\/wp-content\/uploads\/2025\/07\/ar_ancasti20250731-223x300.jpg 223w\" sizes=\"(max-width: 700px) 100vw, 700px\" \/><\/p>\n<p><img decoding=\"async\" loading=\"lazy\" class=\"aligncenter size-full wp-image-693974\" src=\"https:\/\/www.diario5.com.ar\/wp-content\/uploads\/2025\/07\/voz_chaco20250731.jpg\" width=\"700\" height=\"816\" srcset=\"https:\/\/www.diario5.com.ar\/wp-content\/uploads\/2025\/07\/voz_chaco20250731.jpg 700w, https:\/\/www.diario5.com.ar\/wp-content\/uploads\/2025\/07\/voz_chaco20250731-257x300.jpg 257w\" sizes=\"(max-width: 700px) 100vw, 700px\" \/><\/p>\n<p><img decoding=\"async\" loading=\"lazy\" class=\"aligncenter size-full wp-image-693975\" src=\"https:\/\/www.diario5.com.ar\/wp-content\/uploads\/2025\/07\/ar_cronista20250731.jpg\" width=\"700\" height=\"1008\" srcset=\"https:\/\/www.diario5.com.ar\/wp-content\/uploads\/2025\/07\/ar_cronista20250731.jpg 700w, https:\/\/www.diario5.com.ar\/wp-content\/uploads\/2025\/07\/ar_cronista20250731-208x300.jpg 208w\" sizes=\"(max-width: 700px) 100vw, 700px\" \/><\/p>\n<p><img decoding=\"async\" loading=\"lazy\" class=\"aligncenter size-full wp-image-693976\" src=\"https:\/\/www.diario5.com.ar\/wp-content\/uploads\/2025\/07\/ar_eldia20250731.jpg\" width=\"700\" height=\"1004\" srcset=\"https:\/\/www.diario5.com.ar\/wp-content\/uploads\/2025\/07\/ar_eldia20250731.jpg 700w, https:\/\/www.diario5.com.ar\/wp-content\/uploads\/2025\/07\/ar_eldia20250731-209x300.jpg 209w\" sizes=\"(max-width: 700px) 100vw, 700px\" \/><\/p>\n<p><img decoding=\"async\" loading=\"lazy\" class=\"aligncenter size-full wp-image-693977\" src=\"https:\/\/www.diario5.com.ar\/wp-content\/uploads\/2025\/07\/ar_hoy20250731.jpg\" width=\"700\" height=\"920\" srcset=\"https:\/\/www.diario5.com.ar\/wp-content\/uploads\/2025\/07\/ar_hoy20250731.jpg 700w, https:\/\/www.diario5.com.ar\/wp-content\/uploads\/2025\/07\/ar_hoy20250731-228x300.jpg 228w\" sizes=\"(max-width: 700px) 100vw, 700px\" \/><\/p>\n<p><img decoding=\"async\" loading=\"lazy\" class=\"aligncenter size-full wp-image-693978\" src=\"https:\/\/www.diario5.com.ar\/wp-content\/uploads\/2025\/07\/ar_chubut20250731.jpg\" width=\"700\" height=\"880\" srcset=\"https:\/\/www.diario5.com.ar\/wp-content\/uploads\/2025\/07\/ar_chubut20250731.jpg 700w, https:\/\/www.diario5.com.ar\/wp-content\/uploads\/2025\/07\/ar_chubut20250731-239x300.jpg 239w\" sizes=\"(max-width: 700px) 100vw, 700px\" \/><\/p>\n<p><img decoding=\"async\" loading=\"lazy\" class=\"aligncenter size-full wp-image-693982\" src=\"https:\/\/www.diario5.com.ar\/wp-content\/uploads\/2025\/07\/ar_litoral_sfe20250731.jpg\" width=\"700\" height=\"923\" srcset=\"https:\/\/www.diario5.com.ar\/wp-content\/uploads\/2025\/07\/ar_litoral_sfe20250731.jpg 700w, https:\/\/www.diario5.com.ar\/wp-content\/uploads\/2025\/07\/ar_litoral_sfe20250731-228x300.jpg 228w\" sizes=\"(max-width: 700px) 100vw, 700px\" \/><\/p>\n<p><img decoding=\"async\" loading=\"lazy\" class=\"aligncenter size-full wp-image-693983\" src=\"https:\/\/www.diario5.com.ar\/wp-content\/uploads\/2025\/07\/ar_mirador_provincial20250731.jpg\" width=\"700\" height=\"940\" srcset=\"https:\/\/www.diario5.com.ar\/wp-content\/uploads\/2025\/07\/ar_mirador_provincial20250731.jpg 700w, https:\/\/www.diario5.com.ar\/wp-content\/uploads\/2025\/07\/ar_mirador_provincial20250731-223x300.jpg 223w\" sizes=\"(max-width: 700px) 100vw, 700px\" \/><\/p>\n<p><img decoding=\"async\" loading=\"lazy\" class=\"aligncenter size-full wp-image-693979\" src=\"https:\/\/www.diario5.com.ar\/wp-content\/uploads\/2025\/07\/ar_clarin20250731.jpg\" width=\"700\" height=\"977\" srcset=\"https:\/\/www.diario5.com.ar\/wp-content\/uploads\/2025\/07\/ar_clarin20250731.jpg 700w, https:\/\/www.diario5.com.ar\/wp-content\/uploads\/2025\/07\/ar_clarin20250731-215x300.jpg 215w\" sizes=\"(max-width: 700px) 100vw, 700px\" \/><\/p>\n<p><img decoding=\"async\" loading=\"lazy\" class=\"aligncenter size-full wp-image-693980\" src=\"https:\/\/www.diario5.com.ar\/wp-content\/uploads\/2025\/07\/nacion20250731.jpg\" width=\"700\" height=\"1059\" srcset=\"https:\/\/www.diario5.com.ar\/wp-content\/uploads\/2025\/07\/nacion20250731.jpg 700w, https:\/\/www.diario5.com.ar\/wp-content\/uploads\/2025\/07\/nacion20250731-198x300.jpg 198w, https:\/\/www.diario5.com.ar\/wp-content\/uploads\/2025\/07\/nacion20250731-677x1024.jpg 677w\" sizes=\"(max-width: 700px) 100vw, 700px\" \/><\/p>\n<p><img decoding=\"async\" loading=\"lazy\" class=\"aligncenter size-full wp-image-693973\" src=\"https:\/\/www.diario5.com.ar\/wp-content\/uploads\/2025\/07\/ar_ancasti20250731.jpg\" width=\"700\" height=\"941\" srcset=\"https:\/\/www.diario5.com.ar\/wp-content\/uploads\/2025\/07\/ar_ancasti20250731.jpg 700w, https:\/\/www.diario5.com.ar\/wp-content\/uploads\/2025\/07\/ar_ancasti20250731-223x300.jpg 223w\" sizes=\"(max-width: 700px) 100vw, 700px\" \/><\/p>","protected":false},"excerpt":{"rendered":"<p>Gran operativo de control vehicular en Independencia y Entre R\u00edos: fiscalizaci\u00f3n integral en el macrocentro porte\u00f1o. En la tarde del martes 30 de julio, un importante operativo de control de tr\u00e1nsito se despleg\u00f3 sobre la Avenida Independencia, entre Entre R\u00edos y Combate de los Pozos. Agentes de tr\u00e1nsito realizaron controles integrales a autom\u00f3viles, motocicletas y [&hellip;]<\/p>","protected":false},"author":27,"featured_media":693969,"comment_status":"open","ping_status":"open","sticky":false,"template":"","format":"standard","meta":[],"categories":[28,56,202],"tags":[3546,3547,3551,3545,2065,2019,3544,3535,2036,2922,2794,2094,205,3549,3552,3543,537,3095,3550,3279,3356,929,1792,3102,3548],"series":[],"_links":{"self":[{"href":"https:\/\/www.diario5.com.ar\/es\/wp-json\/wp\/v2\/posts\/692322"}],"collection":[{"href":"https:\/\/www.diario5.com.ar\/es\/wp-json\/wp\/v2\/posts"}],"about":[{"href":"https:\/\/www.diario5.com.ar\/es\/wp-json\/wp\/v2\/types\/post"}],"author":[{"embeddable":true,"href":"https:\/\/www.diario5.com.ar\/es\/wp-json\/wp\/v2\/users\/27"}],"replies":[{"embeddable":true,"href":"https:\/\/www.diario5.com.ar\/es\/wp-json\/wp\/v2\/comments?post=692322"}],"version-history":[{"count":3,"href":"https:\/\/www.diario5.com.ar\/es\/wp-json\/wp\/v2\/posts\/692322\/revisions"}],"predecessor-version":[{"id":693984,"href":"https:\/\/www.diario5.com.ar\/es\/wp-json\/wp\/v2\/posts\/692322\/revisions\/693984"}],"wp:featuredmedia":[{"embeddable":true,"href":"https:\/\/www.diario5.com.ar\/es\/wp-json\/wp\/v2\/media\/693969"}],"wp:attachment":[{"href":"https:\/\/www.diario5.com.ar\/es\/wp-json\/wp\/v2\/media?parent=692322"}],"wp:term":[{"taxonomy":"category","embeddable":true,"href":"https:\/\/www.diario5.com.ar\/es\/wp-json\/wp\/v2\/categories?post=692322"},{"taxonomy":"post_tag","embeddable":true,"href":"https:\/\/www.diario5.com.ar\/es\/wp-json\/wp\/v2\/tags?post=692322"},{"taxonomy":"series","embeddable":true,"href":"https:\/\/www.diario5.com.ar\/es\/wp-json\/wp\/v2\/series?post=692322"}],"curies":[{"name":"wp","href":"https:\/\/api.w.org\/{rel}","templated":true}]}}