{"id":692319,"date":"2025-07-28T06:00:00","date_gmt":"2025-07-28T09:00:00","guid":{"rendered":"http:\/\/diario5.com.ar\/?p=692319"},"modified":"2025-07-28T15:15:58","modified_gmt":"2025-07-28T18:15:58","slug":"692319","status":"publish","type":"post","link":"https:\/\/www.diario5.com.ar\/es\/692319\/","title":{"rendered":"Las estrellas de las vacaciones"},"content":{"rendered":"<h2 class=\"sub-title-primary\"><\/h2> <p><img decoding=\"async\" loading=\"lazy\" class=\"aligncenter size-full wp-image-693921\" src=\"https:\/\/www.diario5.com.ar\/wp-content\/uploads\/2025\/07\/K9-Perros-de-rescate-3-nuevos20250728-1.jpeg\" width=\"700\" height=\"400\" alt=\"k9 rescatate\" srcset=\"https:\/\/www.diario5.com.ar\/wp-content\/uploads\/2025\/07\/K9-Perros-de-rescate-3-nuevos20250728-1.jpeg 700w, https:\/\/www.diario5.com.ar\/wp-content\/uploads\/2025\/07\/K9-Perros-de-rescate-3-nuevos20250728-1-300x171.jpeg 300w\" sizes=\"(max-width: 700px) 100vw, 700px\" \/><\/p>\n<p>Perros de rescate, h\u00e9roes de carne, hueso y hocico: la Unidad K9 del GER, ahora tambi\u00e9n protagonista en las vacaciones de invierno<br \/>\nDurante estas vacaciones de invierno, en el marco de las actividades para chicos organizadas por el Gobierno porte\u00f1o, hubo una presencia que llam\u00f3 especialmente la atenci\u00f3n: la de los perros de rescate de la Unidad Canina del Grupo Especial de Rescate (GER). Saltaron, buscaron, encontraron y jugaron ante el aplauso y la fascinaci\u00f3n del p\u00fablico m\u00e1s joven, que los vio como lo que son: h\u00e9roes de cuatro patas.<\/p>\n<p>Pero detr\u00e1s de esa demostraci\u00f3n l\u00fadica y visible hay un trabajo cotidiano, silencioso y de una exigencia notable. La Unidad Canina \u2014creada formalmente en 2020 tras la tragedia de Villa Crespo\u2014 forma parte del Cuerpo de Bomberos de la Ciudad y trabaja en contextos de extrema complejidad: derrumbes, estructuras colapsadas, incendios y b\u00fasquedas de personas vivas en situaciones l\u00edmite.<\/p>\n<p>Los perros no son simples mascotas. Son parte activa de un binomio inseparable que se entrena todos los d\u00edas. \u201cEntrenar a un perro de rescate lleva tiempo, paciencia y mucho v\u00ednculo afectivo\u201d, explic\u00f3 alguna vez Mariano Graffigna, uno de los bomberos gu\u00eda con m\u00e1s experiencia en la Unidad K9. Los perros viven con sus gu\u00edas. Tienen certificaci\u00f3n internacional y acompa\u00f1an a os miembros de la brigada en cada jornada en el cuartel y, en caso necesario, intervienen en b\u00fasquedas reales.<\/p>\n<p>Pueden zambullirse entre los escombros simulados de una pista de entrenamiento. Para el p\u00fablico, es un juego. Para ellos, es la preparaci\u00f3n para salvar una vida.<\/p>\n<p>La Unidad Canina cuenta con perros ya operativos y otros en distintas fases de entrenamiento. El proceso comienza desde muy temprano: los cachorros son estimulados desde el primer mes de vida para reconocer texturas, sonidos y situaciones que luego encontrar\u00e1n en condiciones reales.<\/p>\n<p>\u201cEl perro tiene que asociar cada misi\u00f3n con algo positivo. Por eso el entrenamiento se parece tanto a un juego\u201d, explica Mart\u00edn Cappellari, quien fue guiando a su border collie Tina en todo el proceso, hasta que recibi\u00f3 su certificaci\u00f3n internacional.<\/p>\n<p>Durante las vacaciones de invierno, estas demostraciones \u2014realizadas en diferentes espacios p\u00fablicos de la Ciudad como parte del programa \u201cVacaciones BA\u201d\u2014 sirvieron no solo para mostrar el trabajo invisible de la Unidad, sino tambi\u00e9n para transmitir valores clave: solidaridad, cooperaci\u00f3n, coraje y amor por los animales. A los chicos les fascina ver c\u00f3mo los perros detectan personas escondidas o recorren circuitos de obst\u00e1culos; a los adultos, ver la dedicaci\u00f3n de los bomberos que los acompa\u00f1an.<\/p>\n<p>La Unidad K9 tambi\u00e9n cuenta con el respaldo veterinario del Gobierno porte\u00f1o. Cada can recibe atenci\u00f3n peri\u00f3dica, vacunas, desparasitaci\u00f3n y chequeos generales. Adem\u00e1s, llevan chips identificatorios y registros individuales. Su salud y bienestar son una prioridad, tanto dentro como fuera del cuartel.<\/p>\n<p>Pero nada de esto ser\u00eda posible sin el lazo emocional que gu\u00eda y perro construyen. \u201cNuestro estado de \u00e1nimo les afecta directamente. Si estamos mal, lo sienten. Por eso tambi\u00e9n tenemos que trabajar en nosotros mismos\u201d, confiesa Agust\u00edn Pennello, gu\u00eda de Kaia, una pastor belga malinois.<\/p>\n<p>Desde 2020 hasta hoy, los perros de la Unidad Canina ya han participado en decenas de servicios reales. Y mientras siguen entrenando para las emergencias, tambi\u00e9n se abren a nuevos escenarios: como ahora, compartiendo chicos y familias en vacaciones, el trabajo que hacen. No es para nada una p\u00e9rdida de tiempo hacer que los chicos conozcan este grupo sorprendente. Hablamos de sumar m\u00e9todos de educar en la empat\u00eda (algo de lo que tantos se llenan la boca), reconocer a quienes salvan vidas y celebrar esa alianza extraordinaria, cargada de hermosos y fascinantes misterios entre humanos y animales que, en el caso de la K9 del GER, parece no conocer l\u00edmites.<\/p>\n<p>&nbsp;<\/p>\n<p><img decoding=\"async\" loading=\"lazy\" class=\"aligncenter size-full wp-image-693923\" src=\"https:\/\/www.diario5.com.ar\/wp-content\/uploads\/2025\/07\/ar_ancasti20250728-1.jpg\" width=\"700\" height=\"949\" srcset=\"https:\/\/www.diario5.com.ar\/wp-content\/uploads\/2025\/07\/ar_ancasti20250728-1.jpg 700w, https:\/\/www.diario5.com.ar\/wp-content\/uploads\/2025\/07\/ar_ancasti20250728-1-221x300.jpg 221w\" sizes=\"(max-width: 700px) 100vw, 700px\" \/><\/p>\n<p><img decoding=\"async\" loading=\"lazy\" class=\"aligncenter size-full wp-image-693925\" src=\"https:\/\/www.diario5.com.ar\/wp-content\/uploads\/2025\/07\/voz_chaco20250728-1.jpg\" width=\"700\" height=\"816\" srcset=\"https:\/\/www.diario5.com.ar\/wp-content\/uploads\/2025\/07\/voz_chaco20250728-1.jpg 700w, https:\/\/www.diario5.com.ar\/wp-content\/uploads\/2025\/07\/voz_chaco20250728-1-257x300.jpg 257w\" sizes=\"(max-width: 700px) 100vw, 700px\" \/><\/p>\n<p><img decoding=\"async\" loading=\"lazy\" class=\"aligncenter size-full wp-image-693927\" src=\"https:\/\/www.diario5.com.ar\/wp-content\/uploads\/2025\/07\/ar_cronista20250728-1.jpg\" width=\"700\" height=\"1007\" srcset=\"https:\/\/www.diario5.com.ar\/wp-content\/uploads\/2025\/07\/ar_cronista20250728-1.jpg 700w, https:\/\/www.diario5.com.ar\/wp-content\/uploads\/2025\/07\/ar_cronista20250728-1-209x300.jpg 209w\" sizes=\"(max-width: 700px) 100vw, 700px\" \/><\/p>\n<p><img decoding=\"async\" loading=\"lazy\" class=\"aligncenter size-full wp-image-693929\" src=\"https:\/\/www.diario5.com.ar\/wp-content\/uploads\/2025\/07\/ar_eldia20250728-1.jpg\" width=\"700\" height=\"1008\" srcset=\"https:\/\/www.diario5.com.ar\/wp-content\/uploads\/2025\/07\/ar_eldia20250728-1.jpg 700w, https:\/\/www.diario5.com.ar\/wp-content\/uploads\/2025\/07\/ar_eldia20250728-1-208x300.jpg 208w\" sizes=\"(max-width: 700px) 100vw, 700px\" \/><\/p>\n<p><img decoding=\"async\" loading=\"lazy\" class=\"aligncenter size-full wp-image-693931\" src=\"https:\/\/www.diario5.com.ar\/wp-content\/uploads\/2025\/07\/ar_chubut20250728-1.jpg\" width=\"700\" height=\"885\" srcset=\"https:\/\/www.diario5.com.ar\/wp-content\/uploads\/2025\/07\/ar_chubut20250728-1.jpg 700w, https:\/\/www.diario5.com.ar\/wp-content\/uploads\/2025\/07\/ar_chubut20250728-1-237x300.jpg 237w\" sizes=\"(max-width: 700px) 100vw, 700px\" \/><\/p>\n<p><img decoding=\"async\" loading=\"lazy\" class=\"aligncenter size-full wp-image-693933\" src=\"https:\/\/www.diario5.com.ar\/wp-content\/uploads\/2025\/07\/ar_litoral_sfe20250728-1.jpg\" width=\"700\" height=\"923\" srcset=\"https:\/\/www.diario5.com.ar\/wp-content\/uploads\/2025\/07\/ar_litoral_sfe20250728-1.jpg 700w, https:\/\/www.diario5.com.ar\/wp-content\/uploads\/2025\/07\/ar_litoral_sfe20250728-1-228x300.jpg 228w\" sizes=\"(max-width: 700px) 100vw, 700px\" \/><\/p>\n<p><img decoding=\"async\" loading=\"lazy\" class=\"aligncenter size-full wp-image-693935\" src=\"https:\/\/www.diario5.com.ar\/wp-content\/uploads\/2025\/07\/ar_mirador_provincial20250728-1.jpg\" width=\"700\" height=\"940\" srcset=\"https:\/\/www.diario5.com.ar\/wp-content\/uploads\/2025\/07\/ar_mirador_provincial20250728-1.jpg 700w, https:\/\/www.diario5.com.ar\/wp-content\/uploads\/2025\/07\/ar_mirador_provincial20250728-1-223x300.jpg 223w\" sizes=\"(max-width: 700px) 100vw, 700px\" \/><\/p>\n<p><img decoding=\"async\" loading=\"lazy\" class=\"aligncenter size-full wp-image-693937\" src=\"https:\/\/www.diario5.com.ar\/wp-content\/uploads\/2025\/07\/ar_clarin20250728-1.jpg\" width=\"700\" height=\"975\" srcset=\"https:\/\/www.diario5.com.ar\/wp-content\/uploads\/2025\/07\/ar_clarin20250728-1.jpg 700w, https:\/\/www.diario5.com.ar\/wp-content\/uploads\/2025\/07\/ar_clarin20250728-1-215x300.jpg 215w\" sizes=\"(max-width: 700px) 100vw, 700px\" \/><\/p>\n<p><img decoding=\"async\" loading=\"lazy\" class=\"aligncenter size-full wp-image-693939\" src=\"https:\/\/www.diario5.com.ar\/wp-content\/uploads\/2025\/07\/nacion20250728-1.jpg\" width=\"700\" height=\"1059\" srcset=\"https:\/\/www.diario5.com.ar\/wp-content\/uploads\/2025\/07\/nacion20250728-1.jpg 700w, https:\/\/www.diario5.com.ar\/wp-content\/uploads\/2025\/07\/nacion20250728-1-198x300.jpg 198w, https:\/\/www.diario5.com.ar\/wp-content\/uploads\/2025\/07\/nacion20250728-1-677x1024.jpg 677w\" sizes=\"(max-width: 700px) 100vw, 700px\" \/><\/p>\n<p><img decoding=\"async\" loading=\"lazy\" class=\"aligncenter size-full wp-image-693923\" src=\"https:\/\/www.diario5.com.ar\/wp-content\/uploads\/2025\/07\/ar_ancasti20250728-1.jpg\" width=\"700\" height=\"949\" srcset=\"https:\/\/www.diario5.com.ar\/wp-content\/uploads\/2025\/07\/ar_ancasti20250728-1.jpg 700w, https:\/\/www.diario5.com.ar\/wp-content\/uploads\/2025\/07\/ar_ancasti20250728-1-221x300.jpg 221w\" sizes=\"(max-width: 700px) 100vw, 700px\" \/><\/p>\n<p>&nbsp;<\/p>","protected":false},"excerpt":{"rendered":"<p>Perros de rescate, h\u00e9roes de carne, hueso y hocico: la Unidad K9 del GER, ahora tambi\u00e9n protagonista en las vacaciones de invierno Durante estas vacaciones de invierno, en el marco de las actividades para chicos organizadas por el Gobierno porte\u00f1o, hubo una presencia que llam\u00f3 especialmente la atenci\u00f3n: la de los perros de rescate de [&hellip;]<\/p>","protected":false},"author":5,"featured_media":693921,"comment_status":"open","ping_status":"open","sticky":false,"template":"","format":"standard","meta":[],"categories":[702,673,28,56],"tags":[3521,1992,2214,2215,2074,672,2794,1952,362,2217,1685,3379,1772],"series":[],"_links":{"self":[{"href":"https:\/\/www.diario5.com.ar\/es\/wp-json\/wp\/v2\/posts\/692319"}],"collection":[{"href":"https:\/\/www.diario5.com.ar\/es\/wp-json\/wp\/v2\/posts"}],"about":[{"href":"https:\/\/www.diario5.com.ar\/es\/wp-json\/wp\/v2\/types\/post"}],"author":[{"embeddable":true,"href":"https:\/\/www.diario5.com.ar\/es\/wp-json\/wp\/v2\/users\/5"}],"replies":[{"embeddable":true,"href":"https:\/\/www.diario5.com.ar\/es\/wp-json\/wp\/v2\/comments?post=692319"}],"version-history":[{"count":4,"href":"https:\/\/www.diario5.com.ar\/es\/wp-json\/wp\/v2\/posts\/692319\/revisions"}],"predecessor-version":[{"id":693943,"href":"https:\/\/www.diario5.com.ar\/es\/wp-json\/wp\/v2\/posts\/692319\/revisions\/693943"}],"wp:featuredmedia":[{"embeddable":true,"href":"https:\/\/www.diario5.com.ar\/es\/wp-json\/wp\/v2\/media\/693921"}],"wp:attachment":[{"href":"https:\/\/www.diario5.com.ar\/es\/wp-json\/wp\/v2\/media?parent=692319"}],"wp:term":[{"taxonomy":"category","embeddable":true,"href":"https:\/\/www.diario5.com.ar\/es\/wp-json\/wp\/v2\/categories?post=692319"},{"taxonomy":"post_tag","embeddable":true,"href":"https:\/\/www.diario5.com.ar\/es\/wp-json\/wp\/v2\/tags?post=692319"},{"taxonomy":"series","embeddable":true,"href":"https:\/\/www.diario5.com.ar\/es\/wp-json\/wp\/v2\/series?post=692319"}],"curies":[{"name":"wp","href":"https:\/\/api.w.org\/{rel}","templated":true}]}}