{"id":692314,"date":"2025-07-23T06:00:00","date_gmt":"2025-07-23T09:00:00","guid":{"rendered":"http:\/\/diario5.com.ar\/?p=692314"},"modified":"2025-07-23T06:02:18","modified_gmt":"2025-07-23T09:02:18","slug":"692314","status":"publish","type":"post","link":"https:\/\/www.diario5.com.ar\/es\/692314\/","title":{"rendered":"Tomemos un caf\u00e9"},"content":{"rendered":"<h2 class=\"sub-title-primary\"><\/h2> <p><img decoding=\"async\" loading=\"lazy\" class=\"aligncenter size-full wp-image-693855\" src=\"https:\/\/www.diario5.com.ar\/wp-content\/uploads\/2025\/07\/Cafecito-BA20250723.jpg\" width=\"700\" height=\"400\" alt=\"cafecitoBA\" srcset=\"https:\/\/www.diario5.com.ar\/wp-content\/uploads\/2025\/07\/Cafecito-BA20250723.jpg 700w, https:\/\/www.diario5.com.ar\/wp-content\/uploads\/2025\/07\/Cafecito-BA20250723-300x171.jpg 300w\" sizes=\"(max-width: 700px) 100vw, 700px\" \/><\/p>\n<p>La tercera edici\u00f3n de Cafecito\u202fBA se realizar\u00e1 este s\u00e1bado 26 y domingo 27 de julio en el Parque Rivadavia. El coraz\u00f3n de Caballito tiene,. esta vez, la oportunidad de recibir al evento que convoca a amantes del caf\u00e9. Habitualmente, cuenta con unos 18 puestos de especialidades cafeteras \u2014con precios que arrancan en $3.000\u2014 una biblioteca abierta al aire libre, cine con sillones y mantas, juegos familiares, m\u00fasica en vivo y algo que no encontramos en cualquier bar: lectura de la borra!<\/p>\n<p>Sumemos: cultura, gastronom\u00eda, uso del espacio p\u00fablico, actividades para toda la familia y un formato pet\u2011friendly. La primera edici\u00f3n fue en mayo en Plaza de las Naciones Unidas (La\u202fBoca). Arranc\u00f3 con la participaci\u00f3n de 22 cafeter\u00edas. Hubo DJ, cine y de todo para chicos. En el mismo lugar y a fines de junio, fue la segunda edici\u00f3n, Fueron 20 stands. Tambi\u00e9n, con shows en vivo.<\/p>\n<p>Los organizadores, en este caso el Ministerio de Desarrollo Econ\u00f3mico de la Ciudad (a trav\u00e9s de la Direcci\u00f3n de Desarrollo Gastron\u00f3mico), destacan que se trata de una experiencia para \u201cvivir la identidad porte\u00f1a\u201d en torno al caf\u00e9, incorporando charlas, catas y pr\u00e1cticas culturales que acompa\u00f1an el ritual de esta infusi\u00f3n.<\/p>\n<p>Habr\u00e1 que ver si crece. Desde un punto de vista te\u00f3rico y aplicando abstracci\u00f3n del hecho de que es una feria y el obvio esp\u00edritu comercial, no deja de haber un im\u00e1n entre todo lo relacionado con el caf\u00e9 y la propia historia de Buenos Aires. Es identidad rec\u00edproca pura.<\/p>\n<p>Ya hay muchas personas atentas a c\u00f3mo ser\u00e1 esta tercera entrega, en las tradicionales seis hect\u00e1reas bordeadas por la Av Rivadavia, la calle Rosario, la cortada Plaza y el pared\u00f3n del Normal 4. El Parque Rivadavia es, sin dudas, el espacio p\u00fablicos con m\u00e1s historia de ferias culturales, recreativas, comerciales y de intercambio.<\/p>\n<p>&nbsp;<\/p>\n<p><img decoding=\"async\" src=\"https:\/\/img.kiosko.net\/2025\/07\/23\/ar\/dia_gualeguaychu.jpg\" \/><\/p>\n<p><img decoding=\"async\" src=\"https:\/\/img.kiosko.net\/2025\/07\/23\/ar\/ar_nueva_provincia.jpg\" \/><\/p>\n<p><img decoding=\"async\" loading=\"lazy\" class=\"aligncenter size-full wp-image-693856\" src=\"https:\/\/www.diario5.com.ar\/wp-content\/uploads\/2025\/07\/ar_ancasti20250723.jpg\" width=\"700\" height=\"949\" srcset=\"https:\/\/www.diario5.com.ar\/wp-content\/uploads\/2025\/07\/ar_ancasti20250723.jpg 700w, https:\/\/www.diario5.com.ar\/wp-content\/uploads\/2025\/07\/ar_ancasti20250723-221x300.jpg 221w\" sizes=\"(max-width: 700px) 100vw, 700px\" \/><\/p>\n<p><img decoding=\"async\" src=\"https:\/\/img.kiosko.net\/2025\/07\/23\/ar\/ar_esquiu.jpg\" \/><\/p>\n<p><img decoding=\"async\" src=\"https:\/\/img.kiosko.net\/2025\/07\/23\/ar\/ar_diario_norte.jpg\" \/><\/p>\n<p><img decoding=\"async\" loading=\"lazy\" class=\"aligncenter size-full wp-image-693857\" src=\"https:\/\/www.diario5.com.ar\/wp-content\/uploads\/2025\/07\/voz_chaco20250723.jpg\" width=\"700\" height=\"816\" srcset=\"https:\/\/www.diario5.com.ar\/wp-content\/uploads\/2025\/07\/voz_chaco20250723.jpg 700w, https:\/\/www.diario5.com.ar\/wp-content\/uploads\/2025\/07\/voz_chaco20250723-257x300.jpg 257w\" sizes=\"(max-width: 700px) 100vw, 700px\" \/><\/p>\n<p><img decoding=\"async\" src=\"https:\/\/img.kiosko.net\/2025\/07\/23\/ar\/ar_diario_madryn.jpg\" \/><\/p>\n<p><img decoding=\"async\" src=\"https:\/\/img.kiosko.net\/2025\/07\/23\/ar\/ar_laprensa.jpg\" \/><\/p>\n<p><img decoding=\"async\" loading=\"lazy\" class=\"aligncenter size-full wp-image-693858\" src=\"https:\/\/www.diario5.com.ar\/wp-content\/uploads\/2025\/07\/ar_cronista20250723.jpg\" width=\"700\" height=\"1005\" srcset=\"https:\/\/www.diario5.com.ar\/wp-content\/uploads\/2025\/07\/ar_cronista20250723.jpg 700w, https:\/\/www.diario5.com.ar\/wp-content\/uploads\/2025\/07\/ar_cronista20250723-209x300.jpg 209w\" sizes=\"(max-width: 700px) 100vw, 700px\" \/><\/p>\n<p><img decoding=\"async\" src=\"https:\/\/img.kiosko.net\/2025\/07\/23\/ar\/buenosaires_economico.jpg\" \/><\/p>\n<p><img decoding=\"async\" src=\"https:\/\/img.kiosko.net\/2025\/07\/23\/ar\/ar_perfil.jpg\" \/><\/p>\n<p><img decoding=\"async\" loading=\"lazy\" class=\"aligncenter size-full wp-image-693859\" src=\"https:\/\/www.diario5.com.ar\/wp-content\/uploads\/2025\/07\/ar_eldia20250723.jpg\" width=\"700\" height=\"1004\" srcset=\"https:\/\/www.diario5.com.ar\/wp-content\/uploads\/2025\/07\/ar_eldia20250723.jpg 700w, https:\/\/www.diario5.com.ar\/wp-content\/uploads\/2025\/07\/ar_eldia20250723-209x300.jpg 209w\" sizes=\"(max-width: 700px) 100vw, 700px\" \/><\/p>\n<p><img decoding=\"async\" src=\"https:\/\/img.kiosko.net\/2025\/07\/23\/ar\/ar_hoy.jpg\" \/><\/p>\n<p><img decoding=\"async\" src=\"https:\/\/img.kiosko.net\/2025\/07\/23\/ar\/ar_democracia.jpg\" \/><\/p>\n<p><img decoding=\"async\" loading=\"lazy\" class=\"aligncenter size-full wp-image-693860\" src=\"https:\/\/www.diario5.com.ar\/wp-content\/uploads\/2025\/07\/ar_chubut20250723.jpg\" width=\"700\" height=\"896\" srcset=\"https:\/\/www.diario5.com.ar\/wp-content\/uploads\/2025\/07\/ar_chubut20250723.jpg 700w, https:\/\/www.diario5.com.ar\/wp-content\/uploads\/2025\/07\/ar_chubut20250723-234x300.jpg 234w\" sizes=\"(max-width: 700px) 100vw, 700px\" \/><\/p>\n<p><img decoding=\"async\" src=\"https:\/\/img.kiosko.net\/2025\/07\/23\/ar\/ar_epoca.jpg\" \/><\/p>\n<p><img decoding=\"async\" src=\"https:\/\/img.kiosko.net\/2025\/07\/23\/ar\/ar_litoral.jpg\" \/><\/p>\n<p><img decoding=\"async\" src=\"https:\/\/img.kiosko.net\/2025\/07\/23\/ar\/ar_heraldo.jpg\" \/><\/p>\n<p><img decoding=\"async\" src=\"https:\/\/img.kiosko.net\/2025\/07\/23\/ar\/ar_manana_formosa.jpg\" \/><\/p>\n<p><img decoding=\"async\" src=\"https:\/\/img.kiosko.net\/2025\/07\/23\/ar\/ar_diario_pampa.jpg\" \/><\/p>\n<p><img decoding=\"async\" src=\"https:\/\/img.kiosko.net\/2025\/07\/23\/ar\/ar_pagina12.jpg\" \/><\/p>\n<p><img decoding=\"async\" src=\"https:\/\/img.kiosko.net\/2025\/07\/23\/ar\/ar_arena.jpg\" \/><\/p>\n<p><img decoding=\"async\" src=\"https:\/\/img.kiosko.net\/2025\/07\/23\/ar\/independiente.jpg\" \/><\/p>\n<p><img decoding=\"async\" src=\"https:\/\/img.kiosko.net\/2025\/07\/23\/ar\/nueva_rioja.jpg\" \/><\/p>\n<p><img decoding=\"async\" src=\"https:\/\/img.kiosko.net\/2025\/07\/23\/ar\/ar_losandes.jpg\" \/><\/p>\n<p><img decoding=\"async\" src=\"https:\/\/img.kiosko.net\/2025\/07\/23\/ar\/ar_tribuno.jpg\" \/><\/p>\n<p><img decoding=\"async\" src=\"https:\/\/img.kiosko.net\/2025\/07\/23\/ar\/lea.jpg\" \/><\/p>\n<p><img decoding=\"async\" src=\"https:\/\/img.kiosko.net\/2025\/07\/23\/ar\/ar_nuevo_diario.jpg\" \/><\/p>\n<p><img decoding=\"async\" src=\"https:\/\/img.kiosko.net\/2025\/07\/23\/ar\/ar_diario_cuyo.jpg\" \/><\/p>\n<p><img decoding=\"async\" src=\"https:\/\/img.kiosko.net\/2025\/07\/23\/ar\/huarpe.jpg\" \/><\/p>\n<p><img decoding=\"async\" src=\"https:\/\/img.kiosko.net\/2025\/07\/23\/ar\/ar_diario_republica.jpg\" \/><\/p>\n<p><img decoding=\"async\" src=\"https:\/\/img.kiosko.net\/2025\/07\/23\/ar\/ar_litoral_sfe.jpg\" \/><\/p>\n<p><img decoding=\"async\" src=\"https:\/\/img.kiosko.net\/2025\/07\/23\/ar\/ciudadano.jpg\" \/><\/p>\n<p><img decoding=\"async\" src=\"https:\/\/img.kiosko.net\/2025\/07\/23\/ar\/ar_mirador_provincial.jpg\" \/><\/p>\n<p><img decoding=\"async\" src=\"https:\/\/img.kiosko.net\/2025\/07\/23\/ar\/ar_gaceta.jpg\" \/><\/p>\n<p><img decoding=\"async\" src=\"https:\/\/img.kiosko.net\/2025\/07\/23\/ar\/ar_cronica.jpg\" \/><\/p>\n<p><img decoding=\"async\" loading=\"lazy\" class=\"aligncenter size-full wp-image-693861\" src=\"https:\/\/www.diario5.com.ar\/wp-content\/uploads\/2025\/07\/ar_clarin20250723.jpg\" width=\"700\" height=\"977\" srcset=\"https:\/\/www.diario5.com.ar\/wp-content\/uploads\/2025\/07\/ar_clarin20250723.jpg 700w, https:\/\/www.diario5.com.ar\/wp-content\/uploads\/2025\/07\/ar_clarin20250723-215x300.jpg 215w\" sizes=\"(max-width: 700px) 100vw, 700px\" \/><\/p>\n<p><img decoding=\"async\" loading=\"lazy\" class=\"aligncenter size-full wp-image-693862\" src=\"https:\/\/www.diario5.com.ar\/wp-content\/uploads\/2025\/07\/nacion20250723.jpg\" width=\"700\" height=\"1059\" srcset=\"https:\/\/www.diario5.com.ar\/wp-content\/uploads\/2025\/07\/nacion20250723.jpg 700w, https:\/\/www.diario5.com.ar\/wp-content\/uploads\/2025\/07\/nacion20250723-198x300.jpg 198w, https:\/\/www.diario5.com.ar\/wp-content\/uploads\/2025\/07\/nacion20250723-677x1024.jpg 677w\" sizes=\"(max-width: 700px) 100vw, 700px\" \/><\/p>\n<p><img decoding=\"async\" src=\"https:\/\/img.kiosko.net\/2025\/07\/23\/ar\/ar_eco.jpg\" \/><\/p>\n<p><img decoding=\"async\" src=\"https:\/\/img.kiosko.net\/2025\/07\/23\/ar\/nuevo_diario.jpg\" \/><\/p>\n<p><img decoding=\"async\" src=\"https:\/\/img.kiosko.net\/2025\/07\/23\/ar\/sureno.jpg\" \/><\/p>\n<p><img decoding=\"async\" loading=\"lazy\" class=\"aligncenter size-full wp-image-693856\" src=\"https:\/\/www.diario5.com.ar\/wp-content\/uploads\/2025\/07\/ar_ancasti20250723.jpg\" width=\"700\" height=\"949\" srcset=\"https:\/\/www.diario5.com.ar\/wp-content\/uploads\/2025\/07\/ar_ancasti20250723.jpg 700w, https:\/\/www.diario5.com.ar\/wp-content\/uploads\/2025\/07\/ar_ancasti20250723-221x300.jpg 221w\" sizes=\"(max-width: 700px) 100vw, 700px\" \/><\/p>\n<p><img decoding=\"async\" src=\"https:\/\/img.kiosko.net\/2025\/07\/23\/ar\/tiempo_sur.jpg\" \/><\/p>\n<p><img decoding=\"async\" src=\"https:\/\/img.kiosko.net\/2025\/07\/23\/uy\/ar\/tiempo_argentino.jpg\" \/><\/p>\n<p><img decoding=\"async\" src=\"https:\/\/img.kiosko.net\/2025\/07\/23\/ar\/ar_epoca.jpg\" \/><\/p>\n<p><img decoding=\"async\" src=\"https:\/\/img.kiosko.net\/2025\/07\/23\/ar\/ar_elsol.jpg\" \/><\/p>\n<p><img decoding=\"async\" src=\"https:\/\/img.kiosko.net\/2025\/07\/23\/ar\/ar_01.jpg\" \/><\/p>\n<p><img decoding=\"async\" src=\"https:\/\/img.kiosko.net\/2025\/07\/23\/ar\/ar_02.jpg\" \/><\/p>\n<p><img decoding=\"async\" src=\"https:\/\/img.kiosko.net\/2025\/07\/23\/ar\/ar_03.jpg\" \/><\/p>\n<p><img decoding=\"async\" src=\"https:\/\/img.kiosko.net\/2025\/07\/23\/ar\/ar_04.jpg\" \/><\/p>\n<p><img decoding=\"async\" src=\"https:\/\/img.kiosko.net\/2025\/07\/23\/ar\/ar_05.jpg\" \/><\/p>\n<p>&nbsp;<\/p>","protected":false},"excerpt":{"rendered":"<p>La tercera edici\u00f3n de Cafecito\u202fBA se realizar\u00e1 este s\u00e1bado 26 y domingo 27 de julio en el Parque Rivadavia. El coraz\u00f3n de Caballito tiene,. esta vez, la oportunidad de recibir al evento que convoca a amantes del caf\u00e9. Habitualmente, cuenta con unos 18 puestos de especialidades cafeteras \u2014con precios que arrancan en $3.000\u2014 una biblioteca [&hellip;]<\/p>","protected":false},"author":5,"featured_media":693855,"comment_status":"open","ping_status":"open","sticky":false,"template":"","format":"standard","meta":[],"categories":[2722,482,56],"tags":[3482,474,3478,2708,3483,3474,3485,3472,3480,3177,3486,3477,3484,3473,1776,3476,3150,3488,3487,1774,3207,665,3475,3481,3479,884,941],"series":[],"_links":{"self":[{"href":"https:\/\/www.diario5.com.ar\/es\/wp-json\/wp\/v2\/posts\/692314"}],"collection":[{"href":"https:\/\/www.diario5.com.ar\/es\/wp-json\/wp\/v2\/posts"}],"about":[{"href":"https:\/\/www.diario5.com.ar\/es\/wp-json\/wp\/v2\/types\/post"}],"author":[{"embeddable":true,"href":"https:\/\/www.diario5.com.ar\/es\/wp-json\/wp\/v2\/users\/5"}],"replies":[{"embeddable":true,"href":"https:\/\/www.diario5.com.ar\/es\/wp-json\/wp\/v2\/comments?post=692314"}],"version-history":[{"count":2,"href":"https:\/\/www.diario5.com.ar\/es\/wp-json\/wp\/v2\/posts\/692314\/revisions"}],"predecessor-version":[{"id":693854,"href":"https:\/\/www.diario5.com.ar\/es\/wp-json\/wp\/v2\/posts\/692314\/revisions\/693854"}],"wp:featuredmedia":[{"embeddable":true,"href":"https:\/\/www.diario5.com.ar\/es\/wp-json\/wp\/v2\/media\/693855"}],"wp:attachment":[{"href":"https:\/\/www.diario5.com.ar\/es\/wp-json\/wp\/v2\/media?parent=692314"}],"wp:term":[{"taxonomy":"category","embeddable":true,"href":"https:\/\/www.diario5.com.ar\/es\/wp-json\/wp\/v2\/categories?post=692314"},{"taxonomy":"post_tag","embeddable":true,"href":"https:\/\/www.diario5.com.ar\/es\/wp-json\/wp\/v2\/tags?post=692314"},{"taxonomy":"series","embeddable":true,"href":"https:\/\/www.diario5.com.ar\/es\/wp-json\/wp\/v2\/series?post=692314"}],"curies":[{"name":"wp","href":"https:\/\/api.w.org\/{rel}","templated":true}]}}