{"id":692313,"date":"2025-07-22T06:00:00","date_gmt":"2025-07-22T09:00:00","guid":{"rendered":"http:\/\/diario5.com.ar\/?p=692313"},"modified":"2025-07-22T06:03:08","modified_gmt":"2025-07-22T09:03:08","slug":"692313","status":"publish","type":"post","link":"https:\/\/www.diario5.com.ar\/es\/692313\/","title":{"rendered":"El 23, a los ponchazos"},"content":{"rendered":"<h2 class=\"sub-title-primary\">Puede llegar a tardar m\u00e1s de 40 minutos en llegar la unidad siguiente a la que reci\u00e9n pas\u00f3 por una parada. Los usuarios, siempre los perjudicados. Semblanza de una actividad empresaria con decisiones salvajes sobre la poblaci\u00f3n<\/h2> <p><img decoding=\"async\" loading=\"lazy\" class=\"alignnone size-full wp-image-693843\" src=\"https:\/\/www.diario5.com.ar\/wp-content\/uploads\/2025\/07\/colectivo_23_by_115_d5.jpg\" alt=\"\" width=\"1280\" height=\"720\" srcset=\"https:\/\/www.diario5.com.ar\/wp-content\/uploads\/2025\/07\/colectivo_23_by_115_d5.jpg 1280w, https:\/\/www.diario5.com.ar\/wp-content\/uploads\/2025\/07\/colectivo_23_by_115_d5-300x169.jpg 300w, https:\/\/www.diario5.com.ar\/wp-content\/uploads\/2025\/07\/colectivo_23_by_115_d5-1024x576.jpg 1024w, https:\/\/www.diario5.com.ar\/wp-content\/uploads\/2025\/07\/colectivo_23_by_115_d5-768x432.jpg 768w\" sizes=\"(max-width: 1280px) 100vw, 1280px\" \/><\/p>\n<p>Desde hace tres semanas la l\u00ednea 23 de colectivos, que une Retiro con Villa Soldati y es operada por Transportes R\u00edo Grande (Grupo DOTA), aparece virtualmente desaparecida. Los pocos coches que circulan lo hacen a cuentagotas, y la l\u00ednea est\u00e1 \u201cagonizando\u201d seg\u00fan vecinos: \u201csolo andan\u00a05 unidades\u201d . El problema no es s\u00f3lo su baja frecuencia, sino tambi\u00e9n su inminente fusi\u00f3n con otra empresa, como admiti\u00f3 un directivo de DOTA: la 23 \u201cse unificar\u00e1 con otra\u201d<\/p>\n<p>Esta crisis se enmarca en el reciente traspaso de 31 l\u00edneas porte\u00f1as \u2014entre ellas la 23\u2014 desde Naci\u00f3n hacia la Ciudad, una jugada que implic\u00f3 el fin de los subsidios nacionales para esas rutas. Antes, Naci\u00f3n aportaba cerca del 45\u202f% del subsidio total; ahora esa carga recae 100\u202f% sobre CABA, lo que pone en riesgo la sustentabilidad del servicio<\/p>\n<p>El acuerdo de septiembre pasado estableci\u00f3 una transici\u00f3n de al menos 30 d\u00edas, con la Ciudad comprometi\u00e9ndose a no aumentar tarifas y mantener la Red SUBE intacta . Pero varias fuentes advert\u00edan que este esquema no ser\u00eda sostenible: CABA deber\u00eda subsidiar dos tercios del costo real del boleto, lo cual implica sacrificar otros fondos o elevar tarifas en el mediano plazo<\/p>\n<p>Mientras tanto, DOTA \u2014que amplific\u00f3 su control al absorber l\u00edneas como la 5, la 6, y ahora la 23\u2014 ajusta frecuencias para evitar p\u00e9rdidas: \u00aboptimizando los recorridos para que no les sean deficitarios\u00bb . Usuarios denuncian que en zonas como Boedo solo queda la 115 como alternativa, pero su trazado no reemplaza con precisi\u00f3n el de la 23<\/p>\n<p>Literales que ilustran el malestar popular:<\/p>\n<p>\u201cagoniza\u2026 quedar\u00eda dos semanas de vida a la 23\u201d<\/p>\n<p>\u201cEl tema es m\u00e1s que claro, en los pr\u00f3ximos a\u00f1os se va el subsidio que hoy cobran las empresas, y\u2026 las empresas est\u00e1n optimizando los recorridos\u201d<\/p>\n<p>\u201cseg\u00fan el ch\u00f3fer, ya no entra (con referencia a un barrio del \u00e1rea Soldati)\u2026 y dijo que el 22\/6 no existe m\u00e1s la l\u00ednea 23\u201d<\/p>\n<p>El diagn\u00f3stico: el traslado de subsidios desde Naci\u00f3n a Ciudad gener\u00f3 una presi\u00f3n financiera que oblig\u00f3 a DOTA a reducir unidades y planificar la absorci\u00f3n de la l\u00ednea por otra. El resultado es una fuerte merma del servicio en rutas hist\u00f3ricas y una creciente preocupaci\u00f3n de los usuarios.<\/p>\n<p>Eso de las \u00abrutas alternativas\u00bb s\u00f3lo le sirve a los que viven en Bieldo. El 23 pasa por San Crist\u00f3bal y los otros colectivos, no.<\/p>\n<p>El vecino no deber\u00eda quedar reh\u00e9n de los conflictos. Esa es la sensaci\u00f3n que va creciendo entre los usuarios de la l\u00ednea 23, un recorrido ultrapresente del sur y centro porte\u00f1o, que hace un mes qued\u00f3 paralizado por la retenci\u00f3n de tareas del grupo DOTA. La medida, que se replica en otras l\u00edneas, responde a la falta de pago de los subsidios nacionales al transporte.<\/p>\n<p>Desde 2024, las empresas advierten que sin fondos compensatorios no pueden sostener los servicios, y el ajuste del Estado nacional ya se est\u00e1 sintiendo: l\u00edneas completas interrumpidas y usuarios desamparados. POr supuesto que se trata de empresarios \u00abbien a la argentina\u00bb, que si no vislumbran una rentabilidad exhorbitante en poco tiempo , no consideran que \u00absea negocio\u00bb<\/p>\n<p>El Ministerio de Transporte no niega los atrasos. A cambio, sugiere que se utilicen \u201crutas alternativas\u201d, pero eso s\u00f3lo sirve para quienes tienen m\u00e1s de un colectivo cerca. En barrios como San Crist\u00f3bal, Constituci\u00f3n, Barracas o Pompeya, la l\u00ednea 23 no tiene reemplazo directo. No es capricho: es necesidad.<\/p>\n<p>Mientras el foco est\u00e1 puesto en la macroeconom\u00eda, el resultado de estas decisiones se mide en demoras, caminatas forzadas, ausentismo y desinformaci\u00f3n. Lo que el Estado llama \u00abreordenamiento\u00bb del sistema, para muchos vecinos es aislamiento.<\/p>\n<p><!--googleoff: index--><br \/>\n<!--googleon: index--><br \/>\n<img decoding=\"async\" src=\"https:\/\/img.kiosko.net\/2025\/07\/22\/ar\/dia_gualeguaychu.jpg\" \/><\/p>\n<p><img decoding=\"async\" src=\"https:\/\/img.kiosko.net\/2025\/07\/22\/ar\/ar_nueva_provincia.jpg\" \/><\/p>\n<p><img decoding=\"async\" loading=\"lazy\" class=\"aligncenter size-full wp-image-693845\" src=\"https:\/\/www.diario5.com.ar\/wp-content\/uploads\/2025\/07\/ar_ancasti20250722.jpg\" width=\"700\" height=\"949\" srcset=\"https:\/\/www.diario5.com.ar\/wp-content\/uploads\/2025\/07\/ar_ancasti20250722.jpg 700w, https:\/\/www.diario5.com.ar\/wp-content\/uploads\/2025\/07\/ar_ancasti20250722-221x300.jpg 221w\" sizes=\"(max-width: 700px) 100vw, 700px\" \/><\/p>\n<p><img decoding=\"async\" src=\"https:\/\/img.kiosko.net\/2025\/07\/22\/ar\/ar_esquiu.jpg\" \/><\/p>\n<p><img decoding=\"async\" src=\"https:\/\/img.kiosko.net\/2025\/07\/22\/ar\/ar_diario_norte.jpg\" \/><\/p>\n<p><img decoding=\"async\" loading=\"lazy\" class=\"aligncenter size-full wp-image-693846\" src=\"https:\/\/www.diario5.com.ar\/wp-content\/uploads\/2025\/07\/voz_chaco20250722.jpg\" width=\"700\" height=\"784\" srcset=\"https:\/\/www.diario5.com.ar\/wp-content\/uploads\/2025\/07\/voz_chaco20250722.jpg 700w, https:\/\/www.diario5.com.ar\/wp-content\/uploads\/2025\/07\/voz_chaco20250722-268x300.jpg 268w\" sizes=\"(max-width: 700px) 100vw, 700px\" \/><\/p>\n<p><img decoding=\"async\" src=\"https:\/\/img.kiosko.net\/2025\/07\/22\/ar\/ar_diario_madryn.jpg\" \/><\/p>\n<p><img decoding=\"async\" src=\"https:\/\/img.kiosko.net\/2025\/07\/22\/ar\/ar_laprensa.jpg\" \/><\/p>\n<p><img decoding=\"async\" loading=\"lazy\" class=\"aligncenter size-full wp-image-693847\" src=\"https:\/\/www.diario5.com.ar\/wp-content\/uploads\/2025\/07\/ar_cronista20250722.jpg\" width=\"700\" height=\"1003\" srcset=\"https:\/\/www.diario5.com.ar\/wp-content\/uploads\/2025\/07\/ar_cronista20250722.jpg 700w, https:\/\/www.diario5.com.ar\/wp-content\/uploads\/2025\/07\/ar_cronista20250722-209x300.jpg 209w\" sizes=\"(max-width: 700px) 100vw, 700px\" \/><\/p>\n<p><img decoding=\"async\" src=\"https:\/\/img.kiosko.net\/2025\/07\/22\/ar\/buenosaires_economico.jpg\" \/><\/p>\n<p><img decoding=\"async\" src=\"https:\/\/img.kiosko.net\/2025\/07\/22\/ar\/ar_perfil.jpg\" \/><\/p>\n<p><img decoding=\"async\" loading=\"lazy\" class=\"aligncenter size-full wp-image-693848\" src=\"https:\/\/www.diario5.com.ar\/wp-content\/uploads\/2025\/07\/ar_eldia20250722.jpg\" width=\"700\" height=\"1025\" srcset=\"https:\/\/www.diario5.com.ar\/wp-content\/uploads\/2025\/07\/ar_eldia20250722.jpg 700w, https:\/\/www.diario5.com.ar\/wp-content\/uploads\/2025\/07\/ar_eldia20250722-205x300.jpg 205w\" sizes=\"(max-width: 700px) 100vw, 700px\" \/><\/p>\n<p><img decoding=\"async\" src=\"https:\/\/img.kiosko.net\/2025\/07\/22\/ar\/ar_hoy.jpg\" \/><\/p>\n<p><img decoding=\"async\" src=\"https:\/\/img.kiosko.net\/2025\/07\/22\/ar\/ar_democracia.jpg\" \/><\/p>\n<p><img decoding=\"async\" loading=\"lazy\" class=\"aligncenter size-full wp-image-693849\" src=\"https:\/\/www.diario5.com.ar\/wp-content\/uploads\/2025\/07\/ar_chubut20250722.jpg\" width=\"700\" height=\"902\" srcset=\"https:\/\/www.diario5.com.ar\/wp-content\/uploads\/2025\/07\/ar_chubut20250722.jpg 700w, https:\/\/www.diario5.com.ar\/wp-content\/uploads\/2025\/07\/ar_chubut20250722-233x300.jpg 233w\" sizes=\"(max-width: 700px) 100vw, 700px\" \/><\/p>\n<p><img decoding=\"async\" src=\"https:\/\/img.kiosko.net\/2025\/07\/22\/ar\/ar_epoca.jpg\" \/><\/p>\n<p><img decoding=\"async\" src=\"https:\/\/img.kiosko.net\/2025\/07\/22\/ar\/ar_litoral.jpg\" \/><\/p>\n<p><img decoding=\"async\" src=\"https:\/\/img.kiosko.net\/2025\/07\/22\/ar\/ar_heraldo.jpg\" \/><\/p>\n<p><img decoding=\"async\" src=\"https:\/\/img.kiosko.net\/2025\/07\/22\/ar\/ar_manana_formosa.jpg\" \/><\/p>\n<p><img decoding=\"async\" src=\"https:\/\/img.kiosko.net\/2025\/07\/22\/ar\/ar_diario_pampa.jpg\" \/><\/p>\n<p><img decoding=\"async\" src=\"https:\/\/img.kiosko.net\/2025\/07\/22\/ar\/ar_pagina12.jpg\" \/><\/p>\n<p><img decoding=\"async\" src=\"https:\/\/img.kiosko.net\/2025\/07\/22\/ar\/ar_arena.jpg\" \/><\/p>\n<p><img decoding=\"async\" src=\"https:\/\/img.kiosko.net\/2025\/07\/22\/ar\/independiente.jpg\" \/><\/p>\n<p><img decoding=\"async\" src=\"https:\/\/img.kiosko.net\/2025\/07\/22\/ar\/nueva_rioja.jpg\" \/><\/p>\n<p><img decoding=\"async\" src=\"https:\/\/img.kiosko.net\/2025\/07\/22\/ar\/ar_losandes.jpg\" \/><\/p>\n<p><img decoding=\"async\" src=\"https:\/\/img.kiosko.net\/2025\/07\/22\/ar\/ar_tribuno.jpg\" \/><\/p>\n<p><img decoding=\"async\" src=\"https:\/\/img.kiosko.net\/2025\/07\/22\/ar\/lea.jpg\" \/><\/p>\n<p><img decoding=\"async\" src=\"https:\/\/img.kiosko.net\/2025\/07\/22\/ar\/ar_nuevo_diario.jpg\" \/><\/p>\n<p><img decoding=\"async\" src=\"https:\/\/img.kiosko.net\/2025\/07\/22\/ar\/ar_diario_cuyo.jpg\" \/><\/p>\n<p><img decoding=\"async\" src=\"https:\/\/img.kiosko.net\/2025\/07\/22\/ar\/huarpe.jpg\" \/><\/p>\n<p><img decoding=\"async\" src=\"https:\/\/img.kiosko.net\/2025\/07\/22\/ar\/ar_diario_republica.jpg\" \/><\/p>\n<p><img decoding=\"async\" src=\"https:\/\/img.kiosko.net\/2025\/07\/22\/ar\/ar_litoral_sfe.jpg\" \/><\/p>\n<p><img decoding=\"async\" src=\"https:\/\/img.kiosko.net\/2025\/07\/22\/ar\/ciudadano.jpg\" \/><\/p>\n<p><img decoding=\"async\" src=\"https:\/\/img.kiosko.net\/2025\/07\/22\/ar\/ar_mirador_provincial.jpg\" \/><\/p>\n<p><img decoding=\"async\" src=\"https:\/\/img.kiosko.net\/2025\/07\/22\/ar\/ar_gaceta.jpg\" \/><\/p>\n<p><img decoding=\"async\" src=\"https:\/\/img.kiosko.net\/2025\/07\/22\/ar\/ar_cronica.jpg\" \/><\/p>\n<p><img decoding=\"async\" loading=\"lazy\" class=\"aligncenter size-full wp-image-693850\" src=\"https:\/\/www.diario5.com.ar\/wp-content\/uploads\/2025\/07\/ar_clarin20250722.jpg\" width=\"700\" height=\"977\" srcset=\"https:\/\/www.diario5.com.ar\/wp-content\/uploads\/2025\/07\/ar_clarin20250722.jpg 700w, https:\/\/www.diario5.com.ar\/wp-content\/uploads\/2025\/07\/ar_clarin20250722-215x300.jpg 215w\" sizes=\"(max-width: 700px) 100vw, 700px\" \/><\/p>\n<p><img decoding=\"async\" loading=\"lazy\" class=\"aligncenter size-full wp-image-693851\" src=\"https:\/\/www.diario5.com.ar\/wp-content\/uploads\/2025\/07\/nacion20250722.jpg\" width=\"700\" height=\"1059\" srcset=\"https:\/\/www.diario5.com.ar\/wp-content\/uploads\/2025\/07\/nacion20250722.jpg 700w, https:\/\/www.diario5.com.ar\/wp-content\/uploads\/2025\/07\/nacion20250722-198x300.jpg 198w, https:\/\/www.diario5.com.ar\/wp-content\/uploads\/2025\/07\/nacion20250722-677x1024.jpg 677w\" sizes=\"(max-width: 700px) 100vw, 700px\" \/><\/p>\n<p><img decoding=\"async\" src=\"https:\/\/img.kiosko.net\/2025\/07\/22\/ar\/ar_eco.jpg\" \/><\/p>\n<p><img decoding=\"async\" src=\"https:\/\/img.kiosko.net\/2025\/07\/22\/ar\/nuevo_diario.jpg\" \/><\/p>\n<p><img decoding=\"async\" src=\"https:\/\/img.kiosko.net\/2025\/07\/22\/ar\/sureno.jpg\" \/><\/p>\n<p><img decoding=\"async\" loading=\"lazy\" class=\"aligncenter size-full wp-image-693845\" src=\"https:\/\/www.diario5.com.ar\/wp-content\/uploads\/2025\/07\/ar_ancasti20250722.jpg\" width=\"700\" height=\"949\" srcset=\"https:\/\/www.diario5.com.ar\/wp-content\/uploads\/2025\/07\/ar_ancasti20250722.jpg 700w, https:\/\/www.diario5.com.ar\/wp-content\/uploads\/2025\/07\/ar_ancasti20250722-221x300.jpg 221w\" sizes=\"(max-width: 700px) 100vw, 700px\" \/><\/p>\n<p><img decoding=\"async\" src=\"https:\/\/img.kiosko.net\/2025\/07\/22\/ar\/tiempo_sur.jpg\" \/><\/p>\n<p><img decoding=\"async\" src=\"https:\/\/img.kiosko.net\/2025\/07\/22\/uy\/ar\/tiempo_argentino.jpg\" \/><\/p>\n<p><img decoding=\"async\" src=\"https:\/\/img.kiosko.net\/2025\/07\/22\/ar\/ar_epoca.jpg\" \/><\/p>\n<p><img decoding=\"async\" src=\"https:\/\/img.kiosko.net\/2025\/07\/22\/ar\/ar_elsol.jpg\" \/><\/p>\n<p><img decoding=\"async\" src=\"https:\/\/img.kiosko.net\/2025\/07\/22\/ar\/ar_01.jpg\" \/><\/p>\n<p><img decoding=\"async\" src=\"https:\/\/img.kiosko.net\/2025\/07\/22\/ar\/ar_02.jpg\" \/><\/p>\n<p><img decoding=\"async\" src=\"https:\/\/img.kiosko.net\/2025\/07\/22\/ar\/ar_03.jpg\" \/><\/p>\n<p><img decoding=\"async\" src=\"https:\/\/img.kiosko.net\/2025\/07\/22\/ar\/ar_04.jpg\" \/><\/p>\n<p><img decoding=\"async\" src=\"https:\/\/img.kiosko.net\/2025\/07\/22\/ar\/ar_05.jpg\" \/><\/p>\n<p>&nbsp;<\/p>","protected":false},"excerpt":{"rendered":"<p>Puede llegar a tardar m\u00e1s de 40 minutos en llegar la unidad siguiente a la que reci\u00e9n pas\u00f3 por una parada. Los usuarios, siempre los perjudicados. Semblanza de una actividad empresaria con decisiones salvajes sobre la poblaci\u00f3n Desde hace tres semanas la l\u00ednea 23 de colectivos, que une Retiro con Villa Soldati y es operada [&hellip;]<\/p>","protected":false},"author":5,"featured_media":693843,"comment_status":"open","ping_status":"open","sticky":false,"template":"","format":"standard","meta":[],"categories":[2406,52,56,25],"tags":[1160,1866,1177,2836,959,325,2065,87,958,1370,1826,1908,1873,1850,2223,849,275,329,3348,3356,1430],"series":[],"_links":{"self":[{"href":"https:\/\/www.diario5.com.ar\/es\/wp-json\/wp\/v2\/posts\/692313"}],"collection":[{"href":"https:\/\/www.diario5.com.ar\/es\/wp-json\/wp\/v2\/posts"}],"about":[{"href":"https:\/\/www.diario5.com.ar\/es\/wp-json\/wp\/v2\/types\/post"}],"author":[{"embeddable":true,"href":"https:\/\/www.diario5.com.ar\/es\/wp-json\/wp\/v2\/users\/5"}],"replies":[{"embeddable":true,"href":"https:\/\/www.diario5.com.ar\/es\/wp-json\/wp\/v2\/comments?post=692313"}],"version-history":[{"count":2,"href":"https:\/\/www.diario5.com.ar\/es\/wp-json\/wp\/v2\/posts\/692313\/revisions"}],"predecessor-version":[{"id":693844,"href":"https:\/\/www.diario5.com.ar\/es\/wp-json\/wp\/v2\/posts\/692313\/revisions\/693844"}],"wp:featuredmedia":[{"embeddable":true,"href":"https:\/\/www.diario5.com.ar\/es\/wp-json\/wp\/v2\/media\/693843"}],"wp:attachment":[{"href":"https:\/\/www.diario5.com.ar\/es\/wp-json\/wp\/v2\/media?parent=692313"}],"wp:term":[{"taxonomy":"category","embeddable":true,"href":"https:\/\/www.diario5.com.ar\/es\/wp-json\/wp\/v2\/categories?post=692313"},{"taxonomy":"post_tag","embeddable":true,"href":"https:\/\/www.diario5.com.ar\/es\/wp-json\/wp\/v2\/tags?post=692313"},{"taxonomy":"series","embeddable":true,"href":"https:\/\/www.diario5.com.ar\/es\/wp-json\/wp\/v2\/series?post=692313"}],"curies":[{"name":"wp","href":"https:\/\/api.w.org\/{rel}","templated":true}]}}