{"id":692309,"date":"2025-07-18T06:11:00","date_gmt":"2025-07-18T09:11:00","guid":{"rendered":"http:\/\/diario5.com.ar\/?p=692309"},"modified":"2025-07-18T06:14:40","modified_gmt":"2025-07-18T09:14:40","slug":"692309","status":"publish","type":"post","link":"https:\/\/www.diario5.com.ar\/es\/692309\/","title":{"rendered":"Educaci\u00f3n con IA \u00bfs\u00ed o no?"},"content":{"rendered":"<h2 class=\"sub-title-primary\"><\/h2> <p><img decoding=\"async\" loading=\"lazy\" class=\"aligncenter size-full wp-image-693795\" src=\"https:\/\/www.diario5.com.ar\/wp-content\/uploads\/2025\/07\/WhatsApp-Image-2025-07-16-at-13.31.1920250718.jpeg\" width=\"700\" height=\"466\" srcset=\"https:\/\/www.diario5.com.ar\/wp-content\/uploads\/2025\/07\/WhatsApp-Image-2025-07-16-at-13.31.1920250718.jpeg 700w, https:\/\/www.diario5.com.ar\/wp-content\/uploads\/2025\/07\/WhatsApp-Image-2025-07-16-at-13.31.1920250718-300x200.jpeg 300w\" sizes=\"(max-width: 700px) 100vw, 700px\" \/><\/p>\n<p>En l\u00ednea con una tendencia que ya es global, la Ciudad de Buenos Aires present\u00f3 su Gu\u00eda para un uso cr\u00edtico de la inteligencia artificial (IA) en la escuela, un documento que podr\u00eda considerarse orientador y que busca que la tecnolog\u00eda no desplace valores pedag\u00f3gicos. Es que, en realidad, debe potenciarlos.<\/p>\n<p>El objetivo de la iniciativa pretende -con buen tino, a nuestro entender- que docentes y directivos puedan integrar a los planes de estudios herramientas basadas en IA con criterios \u00e9ticos, pedag\u00f3gicos y de resguardo de derechos. No hay dudas de que estamos en el coraz\u00f3n de uno de los grandes temas del momento.<\/p>\n<p>El cruce entre educaci\u00f3n e inteligencia artificial viene tomando velocidad en el mundo. En los Estados Unidos, <strong><em>Microsoft<\/em><\/strong> y <strong><em>Khan Academy<\/em><\/strong> firmaron un acuerdo para integrar <strong><em>Copilot<\/em><\/strong> (la IA generativa de <em>Microsoft<\/em>) en entornos escolares, con foco en la <em>personalizaci\u00f3n del aprendizaje<\/em>. En el Reino Unido, el Ministerio de Educaci\u00f3n trabaja junto con <strong><em>Google for Education<\/em><\/strong> en herramientas de feedback autom\u00e1tico para tareas escritas. Por su parte, <strong><em>OpenAI<\/em><\/strong> \u2013a trav\u00e9s de asociaciones piloto en Canad\u00e1 y Jap\u00f3n\u2013 est\u00e1 testeando entornos educativos con <strong><em>ChatGPT<\/em><\/strong> moderado, especialmente adaptado para instituciones escolares.<\/p>\n<p><big><big>La parte m\u00e1s caliente de la discusi\u00f3n est\u00e1 vinculada a una dicotom\u00eda que ya se ha planteado en la historia de la humanidad, varias veces desde la Revoluci\u00f3n Industrial: Unos dicen que los alumnos deben permanecer ajenos a las ayudas tecnol\u00f3gicas para no entorpecer el desarrollo de su independencia cognitiva, mientras que otra corriente de pensamiento siempre entendi\u00f3 -y a\u00fan lo hace- que como lo que ya lleg\u00f3, ya se instal\u00f3, es necesario cambiar los m\u00e9todos anteriores de ense\u00f1anza y adaptarse sin perder tiempo porque la ola de lo nuevo es imparable.<\/big><\/big><\/p>\n<p>En Asia, Singapur ya es uno de los pa\u00edses m\u00e1s adelantados en integrar IA al sistema educativo p\u00fablico. Desde 2022 se usa <strong><em>AI-powered adaptive learning<\/em><\/strong>, con algoritmos que ajustan contenidos en tiempo real seg\u00fan el rendimiento del alumno. En Corea del Sur, <em>Samsung<\/em> lidera programas de capacitaci\u00f3n docente en IA aplicada a la ense\u00f1anza t\u00e9cnica.<\/p>\n<p>La gu\u00eda porte\u00f1a, desarrollada por la Gerencia Operativa de Educaci\u00f3n Digital, se inscribe en el marco del Plan Estrat\u00e9gico Buenos Aires Aprende 2024\u20132027 y propone una adopci\u00f3n consciente de la IA que no implique una entrega ciega a lo tecnol\u00f3gico, sino una herramienta m\u00e1s para formar ciudadanos capaces de razonar, convivir y crear en un mundo digital. Adem\u00e1s del marco normativo y pedag\u00f3gico, la gu\u00eda ofrece criterios para evaluar herramientas de IA, curadur\u00eda de plataformas disponibles, pautas para la formaci\u00f3n docente y alertas sobre sesgos, privacidad, propiedad intelectual y desinformaci\u00f3n.<\/p>\n<p>La conciliaci\u00f3n entre la educaci\u00f3n de tiza pura y los aportes tecno es posible. Lo que plantea la Ciudad m\u00e1s lo que ocurre a nivel internacional nos obliga a decir: \u00abobvio que s\u00ed\u00bb, al t\u00edtulo que nos introduce en este pensamiento. Tenemos que nutrirnos de la inteligencia programada para desarrollar la nuestra. Ser\u00e1 el rol de los educadores del futuro: moldear inteligencias humanas para interactuar con la tecnolog\u00eda de manera cr\u00edtica, segura y creativa.<\/p>\n<p><img decoding=\"async\" src=\"https:\/\/img.kiosko.net\/2025\/07\/18\/ar\/dia_gualeguaychu.jpg\" \/><\/p>\n<p><img decoding=\"async\" src=\"https:\/\/img.kiosko.net\/2025\/07\/18\/ar\/ar_nueva_provincia.jpg\" \/><\/p>\n<p><img decoding=\"async\" loading=\"lazy\" class=\"aligncenter size-full wp-image-693796\" src=\"https:\/\/www.diario5.com.ar\/wp-content\/uploads\/2025\/07\/ar_ancasti20250718.jpg\" width=\"700\" height=\"947\" srcset=\"https:\/\/www.diario5.com.ar\/wp-content\/uploads\/2025\/07\/ar_ancasti20250718.jpg 700w, https:\/\/www.diario5.com.ar\/wp-content\/uploads\/2025\/07\/ar_ancasti20250718-222x300.jpg 222w\" sizes=\"(max-width: 700px) 100vw, 700px\" \/><\/p>\n<p><img decoding=\"async\" src=\"https:\/\/img.kiosko.net\/2025\/07\/18\/ar\/ar_esquiu.jpg\" \/><\/p>\n<p><img decoding=\"async\" src=\"https:\/\/img.kiosko.net\/2025\/07\/18\/ar\/ar_diario_norte.jpg\" \/><\/p>\n<p><img decoding=\"async\" loading=\"lazy\" class=\"aligncenter size-full wp-image-693797\" src=\"https:\/\/www.diario5.com.ar\/wp-content\/uploads\/2025\/07\/voz_chaco20250718.jpg\" width=\"700\" height=\"816\" srcset=\"https:\/\/www.diario5.com.ar\/wp-content\/uploads\/2025\/07\/voz_chaco20250718.jpg 700w, https:\/\/www.diario5.com.ar\/wp-content\/uploads\/2025\/07\/voz_chaco20250718-257x300.jpg 257w\" sizes=\"(max-width: 700px) 100vw, 700px\" \/><\/p>\n<p><img decoding=\"async\" src=\"https:\/\/img.kiosko.net\/2025\/07\/18\/ar\/ar_diario_madryn.jpg\" \/><\/p>\n<p><img decoding=\"async\" src=\"https:\/\/img.kiosko.net\/2025\/07\/18\/ar\/ar_laprensa.jpg\" \/><\/p>\n<p><img decoding=\"async\" src=\"https:\/\/img.kiosko.net\/2025\/07\/18\/ar\/ar_cronista.jpg\" \/><\/p>\n<p><img decoding=\"async\" src=\"https:\/\/img.kiosko.net\/2025\/07\/18\/ar\/buenosaires_economico.jpg\" \/><\/p>\n<p><img decoding=\"async\" src=\"https:\/\/img.kiosko.net\/2025\/07\/18\/ar\/ar_perfil.jpg\" \/><\/p>\n<p><img decoding=\"async\" loading=\"lazy\" class=\"aligncenter size-full wp-image-693798\" src=\"https:\/\/www.diario5.com.ar\/wp-content\/uploads\/2025\/07\/ar_eldia20250718.jpg\" width=\"700\" height=\"1004\" srcset=\"https:\/\/www.diario5.com.ar\/wp-content\/uploads\/2025\/07\/ar_eldia20250718.jpg 700w, https:\/\/www.diario5.com.ar\/wp-content\/uploads\/2025\/07\/ar_eldia20250718-209x300.jpg 209w\" sizes=\"(max-width: 700px) 100vw, 700px\" \/><\/p>\n<p><img decoding=\"async\" loading=\"lazy\" class=\"aligncenter size-full wp-image-693799\" src=\"https:\/\/www.diario5.com.ar\/wp-content\/uploads\/2025\/07\/ar_hoy20250718.jpg\" width=\"700\" height=\"924\" srcset=\"https:\/\/www.diario5.com.ar\/wp-content\/uploads\/2025\/07\/ar_hoy20250718.jpg 700w, https:\/\/www.diario5.com.ar\/wp-content\/uploads\/2025\/07\/ar_hoy20250718-227x300.jpg 227w\" sizes=\"(max-width: 700px) 100vw, 700px\" \/><\/p>\n<p><img decoding=\"async\" src=\"https:\/\/img.kiosko.net\/2025\/07\/18\/ar\/ar_democracia.jpg\" \/><\/p>\n<p><img decoding=\"async\" loading=\"lazy\" class=\"aligncenter size-full wp-image-693800\" src=\"https:\/\/www.diario5.com.ar\/wp-content\/uploads\/2025\/07\/ar_chubut20250718.jpg\" width=\"700\" height=\"896\" srcset=\"https:\/\/www.diario5.com.ar\/wp-content\/uploads\/2025\/07\/ar_chubut20250718.jpg 700w, https:\/\/www.diario5.com.ar\/wp-content\/uploads\/2025\/07\/ar_chubut20250718-234x300.jpg 234w\" sizes=\"(max-width: 700px) 100vw, 700px\" \/><\/p>\n<p><img decoding=\"async\" src=\"https:\/\/img.kiosko.net\/2025\/07\/18\/ar\/ar_epoca.jpg\" \/><\/p>\n<p><img decoding=\"async\" src=\"https:\/\/img.kiosko.net\/2025\/07\/18\/ar\/ar_litoral.jpg\" \/><\/p>\n<p><img decoding=\"async\" src=\"https:\/\/img.kiosko.net\/2025\/07\/18\/ar\/ar_heraldo.jpg\" \/><\/p>\n<p><img decoding=\"async\" src=\"https:\/\/img.kiosko.net\/2025\/07\/18\/ar\/ar_manana_formosa.jpg\" \/><\/p>\n<p><img decoding=\"async\" src=\"https:\/\/img.kiosko.net\/2025\/07\/18\/ar\/ar_diario_pampa.jpg\" \/><\/p>\n<p><img decoding=\"async\" src=\"https:\/\/img.kiosko.net\/2025\/07\/18\/ar\/ar_pagina12.jpg\" \/><\/p>\n<p><img decoding=\"async\" src=\"https:\/\/img.kiosko.net\/2025\/07\/18\/ar\/ar_arena.jpg\" \/><\/p>\n<p><img decoding=\"async\" src=\"https:\/\/img.kiosko.net\/2025\/07\/18\/ar\/independiente.jpg\" \/><\/p>\n<p><img decoding=\"async\" src=\"https:\/\/img.kiosko.net\/2025\/07\/18\/ar\/nueva_rioja.jpg\" \/><\/p>\n<p><img decoding=\"async\" src=\"https:\/\/img.kiosko.net\/2025\/07\/18\/ar\/ar_losandes.jpg\" \/><\/p>\n<p><img decoding=\"async\" src=\"https:\/\/img.kiosko.net\/2025\/07\/18\/ar\/ar_tribuno.jpg\" \/><\/p>\n<p><img decoding=\"async\" src=\"https:\/\/img.kiosko.net\/2025\/07\/18\/ar\/lea.jpg\" \/><\/p>\n<p><img decoding=\"async\" src=\"https:\/\/img.kiosko.net\/2025\/07\/18\/ar\/ar_nuevo_diario.jpg\" \/><\/p>\n<p><img decoding=\"async\" src=\"https:\/\/img.kiosko.net\/2025\/07\/18\/ar\/ar_diario_cuyo.jpg\" \/><\/p>\n<p><img decoding=\"async\" src=\"https:\/\/img.kiosko.net\/2025\/07\/18\/ar\/huarpe.jpg\" \/><\/p>\n<p><img decoding=\"async\" src=\"https:\/\/img.kiosko.net\/2025\/07\/18\/ar\/ar_diario_republica.jpg\" \/><\/p>\n<p><img decoding=\"async\" loading=\"lazy\" class=\"aligncenter size-full wp-image-693801\" src=\"https:\/\/www.diario5.com.ar\/wp-content\/uploads\/2025\/07\/ar_litoral_sfe20250718.jpg\" width=\"700\" height=\"923\" srcset=\"https:\/\/www.diario5.com.ar\/wp-content\/uploads\/2025\/07\/ar_litoral_sfe20250718.jpg 700w, https:\/\/www.diario5.com.ar\/wp-content\/uploads\/2025\/07\/ar_litoral_sfe20250718-228x300.jpg 228w\" sizes=\"(max-width: 700px) 100vw, 700px\" \/><\/p>\n<p><img decoding=\"async\" src=\"https:\/\/img.kiosko.net\/2025\/07\/18\/ar\/ciudadano.jpg\" \/><\/p>\n<p><img decoding=\"async\" loading=\"lazy\" class=\"aligncenter size-full wp-image-693802\" src=\"https:\/\/www.diario5.com.ar\/wp-content\/uploads\/2025\/07\/ar_mirador_provincial20250718.jpg\" width=\"700\" height=\"939\" srcset=\"https:\/\/www.diario5.com.ar\/wp-content\/uploads\/2025\/07\/ar_mirador_provincial20250718.jpg 700w, https:\/\/www.diario5.com.ar\/wp-content\/uploads\/2025\/07\/ar_mirador_provincial20250718-224x300.jpg 224w\" sizes=\"(max-width: 700px) 100vw, 700px\" \/><\/p>\n<p><img decoding=\"async\" src=\"https:\/\/img.kiosko.net\/2025\/07\/18\/ar\/ar_gaceta.jpg\" \/><\/p>\n<p><img decoding=\"async\" src=\"https:\/\/img.kiosko.net\/2025\/07\/18\/ar\/ar_cronica.jpg\" \/><\/p>\n<p><img decoding=\"async\" loading=\"lazy\" class=\"aligncenter size-full wp-image-693803\" src=\"https:\/\/www.diario5.com.ar\/wp-content\/uploads\/2025\/07\/ar_clarin20250718.jpg\" width=\"700\" height=\"977\" srcset=\"https:\/\/www.diario5.com.ar\/wp-content\/uploads\/2025\/07\/ar_clarin20250718.jpg 700w, https:\/\/www.diario5.com.ar\/wp-content\/uploads\/2025\/07\/ar_clarin20250718-215x300.jpg 215w\" sizes=\"(max-width: 700px) 100vw, 700px\" \/><\/p>\n<p><img decoding=\"async\" loading=\"lazy\" class=\"aligncenter size-full wp-image-693804\" src=\"https:\/\/www.diario5.com.ar\/wp-content\/uploads\/2025\/07\/nacion20250718.jpg\" width=\"700\" height=\"1056\" srcset=\"https:\/\/www.diario5.com.ar\/wp-content\/uploads\/2025\/07\/nacion20250718.jpg 700w, https:\/\/www.diario5.com.ar\/wp-content\/uploads\/2025\/07\/nacion20250718-199x300.jpg 199w, https:\/\/www.diario5.com.ar\/wp-content\/uploads\/2025\/07\/nacion20250718-679x1024.jpg 679w\" sizes=\"(max-width: 700px) 100vw, 700px\" \/><\/p>\n<p><img decoding=\"async\" src=\"https:\/\/img.kiosko.net\/2025\/07\/18\/ar\/ar_eco.jpg\" \/><\/p>\n<p><img decoding=\"async\" src=\"https:\/\/img.kiosko.net\/2025\/07\/18\/ar\/nuevo_diario.jpg\" \/><\/p>\n<p><img decoding=\"async\" src=\"https:\/\/img.kiosko.net\/2025\/07\/18\/ar\/sureno.jpg\" \/><\/p>\n<p><img decoding=\"async\" loading=\"lazy\" class=\"aligncenter size-full wp-image-693796\" src=\"https:\/\/www.diario5.com.ar\/wp-content\/uploads\/2025\/07\/ar_ancasti20250718.jpg\" width=\"700\" height=\"947\" srcset=\"https:\/\/www.diario5.com.ar\/wp-content\/uploads\/2025\/07\/ar_ancasti20250718.jpg 700w, https:\/\/www.diario5.com.ar\/wp-content\/uploads\/2025\/07\/ar_ancasti20250718-222x300.jpg 222w\" sizes=\"(max-width: 700px) 100vw, 700px\" \/><\/p>\n<p><img decoding=\"async\" src=\"https:\/\/img.kiosko.net\/2025\/07\/18\/ar\/tiempo_sur.jpg\" \/><\/p>\n<p><img decoding=\"async\" src=\"https:\/\/img.kiosko.net\/2025\/07\/18\/uy\/ar\/tiempo_argentino.jpg\" \/><\/p>\n<p><img decoding=\"async\" src=\"https:\/\/img.kiosko.net\/2025\/07\/18\/ar\/ar_epoca.jpg\" \/><\/p>\n<p><img decoding=\"async\" src=\"https:\/\/img.kiosko.net\/2025\/07\/18\/ar\/ar_elsol.jpg\" \/><\/p>\n<p><img decoding=\"async\" src=\"https:\/\/img.kiosko.net\/2025\/07\/18\/ar\/ar_01.jpg\" \/><\/p>\n<p><img decoding=\"async\" src=\"https:\/\/img.kiosko.net\/2025\/07\/18\/ar\/ar_02.jpg\" \/><\/p>\n<p><img decoding=\"async\" src=\"https:\/\/img.kiosko.net\/2025\/07\/18\/ar\/ar_03.jpg\" \/><\/p>\n<p><img decoding=\"async\" src=\"https:\/\/img.kiosko.net\/2025\/07\/18\/ar\/ar_04.jpg\" \/><\/p>\n<p><img decoding=\"async\" src=\"https:\/\/img.kiosko.net\/2025\/07\/18\/ar\/ar_05.jpg\" \/><\/p>\n<p>&nbsp;<\/p>","protected":false},"excerpt":{"rendered":"<p>En l\u00ednea con una tendencia que ya es global, la Ciudad de Buenos Aires present\u00f3 su Gu\u00eda para un uso cr\u00edtico de la inteligencia artificial (IA) en la escuela, un documento que podr\u00eda considerarse orientador y que busca que la tecnolog\u00eda no desplace valores pedag\u00f3gicos. Es que, en realidad, debe potenciarlos. El objetivo de la [&hellip;]<\/p>","protected":false},"author":9,"featured_media":693795,"comment_status":"open","ping_status":"open","sticky":false,"template":"","format":"standard","meta":[],"categories":[75,26,3105,56,98],"tags":[1160,474,3417,630,27,3415,994,3150,3106,2094,560,1942,2269,2788,1183,826,1802],"series":[],"_links":{"self":[{"href":"https:\/\/www.diario5.com.ar\/es\/wp-json\/wp\/v2\/posts\/692309"}],"collection":[{"href":"https:\/\/www.diario5.com.ar\/es\/wp-json\/wp\/v2\/posts"}],"about":[{"href":"https:\/\/www.diario5.com.ar\/es\/wp-json\/wp\/v2\/types\/post"}],"author":[{"embeddable":true,"href":"https:\/\/www.diario5.com.ar\/es\/wp-json\/wp\/v2\/users\/9"}],"replies":[{"embeddable":true,"href":"https:\/\/www.diario5.com.ar\/es\/wp-json\/wp\/v2\/comments?post=692309"}],"version-history":[{"count":3,"href":"https:\/\/www.diario5.com.ar\/es\/wp-json\/wp\/v2\/posts\/692309\/revisions"}],"predecessor-version":[{"id":693786,"href":"https:\/\/www.diario5.com.ar\/es\/wp-json\/wp\/v2\/posts\/692309\/revisions\/693786"}],"wp:featuredmedia":[{"embeddable":true,"href":"https:\/\/www.diario5.com.ar\/es\/wp-json\/wp\/v2\/media\/693795"}],"wp:attachment":[{"href":"https:\/\/www.diario5.com.ar\/es\/wp-json\/wp\/v2\/media?parent=692309"}],"wp:term":[{"taxonomy":"category","embeddable":true,"href":"https:\/\/www.diario5.com.ar\/es\/wp-json\/wp\/v2\/categories?post=692309"},{"taxonomy":"post_tag","embeddable":true,"href":"https:\/\/www.diario5.com.ar\/es\/wp-json\/wp\/v2\/tags?post=692309"},{"taxonomy":"series","embeddable":true,"href":"https:\/\/www.diario5.com.ar\/es\/wp-json\/wp\/v2\/series?post=692309"}],"curies":[{"name":"wp","href":"https:\/\/api.w.org\/{rel}","templated":true}]}}