{"id":692294,"date":"2025-07-03T06:11:00","date_gmt":"2025-07-03T09:11:00","guid":{"rendered":"http:\/\/diario5.com.ar\/?p=692294"},"modified":"2025-07-03T21:25:27","modified_gmt":"2025-07-04T00:25:27","slug":"692294","status":"publish","type":"post","link":"https:\/\/www.diario5.com.ar\/es\/692294\/","title":{"rendered":"Conciencia Ecol\u00f3gica"},"content":{"rendered":"<h2 class=\"sub-title-primary\">C\u00f3mo fue la jornada de educaci\u00f3n ambiental que realizaron escuelas porte\u00f1as. <\/h2> <p>&nbsp;<\/p>\n<p><img decoding=\"async\" loading=\"lazy\" class=\"aligncenter size-full wp-image-693576\" src=\"https:\/\/www.diario5.com.ar\/wp-content\/uploads\/2025\/07\/IMG_20250414_132841051_HDR-E.P.C.-No-24-DE-11-Dr.-Pedro-Avelino-Torres20250703.jpg\" alt=\"Semana del ambiente\" width=\"700\" height=\"525\" srcset=\"https:\/\/www.diario5.com.ar\/wp-content\/uploads\/2025\/07\/IMG_20250414_132841051_HDR-E.P.C.-No-24-DE-11-Dr.-Pedro-Avelino-Torres20250703.jpg 700w, https:\/\/www.diario5.com.ar\/wp-content\/uploads\/2025\/07\/IMG_20250414_132841051_HDR-E.P.C.-No-24-DE-11-Dr.-Pedro-Avelino-Torres20250703-300x225.jpg 300w\" sizes=\"(max-width: 700px) 100vw, 700px\" \/><\/p>\n<p>Durante la primera semana de junio, y en el marco del D\u00eda Mundial del Ambiente, m\u00e1s de 220 instituciones educativas de la Ciudad de Buenos Aires participaron de la quinta edici\u00f3n de la Jornada Obligatoria de Educaci\u00f3n Ambiental. La actividad forma parte de una iniciativa establecida por la Agenda Educativa desde 2021 y busca fomentar la reflexi\u00f3n y el compromiso de la comunidad escolar frente a la crisis clim\u00e1tica y ecol\u00f3gica.<\/p>\n<p>Las propuestas fueron diversas y adaptadas a cada nivel educativo. Desde jardines de infantes hasta escuelas secundarias, muchas instituciones organizaron plantaciones, salidas a espacios naturales, talleres, charlas, debates y producci\u00f3n de contenidos. Algunas iniciativas incluyeron la participaci\u00f3n de cooperativas de reciclado, proyecciones de cine ambiental, visitas a reservas urbanas y creaci\u00f3n de podcasts.<\/p>\n<p>En escuelas primarias, por ejemplo, se trabajaron temas como el tratamiento de residuos, la huerta y el uso responsable del agua. En los niveles inicial y especial, se abordaron contenidos vinculados a la biodiversidad y la alimentaci\u00f3n saludable. En el secundario, muchas actividades pusieron el foco en la relaci\u00f3n entre naturaleza y salud mental, as\u00ed como en el rol de los j\u00f3venes en la preservaci\u00f3n ambiental.<\/p>\n<p>La jornada se enmarca en la Ley de Educaci\u00f3n Ambiental de la Ciudad, sancionada hace dos d\u00e9cadas, que promueve una visi\u00f3n transversal de la tem\u00e1tica en el sistema educativo local. Cada a\u00f1o, las escuelas comparten sus experiencias con el Programa Escuelas Verdes.<\/p>\n<p>La jornada ambiental se consolida como una herramienta que permite a docentes, estudiantes y familias involucrarse activamente en la construcci\u00f3n de una conciencia ecol\u00f3gica, no solo como efem\u00e9ride, sino como parte del trabajo cotidiano en las aulas<\/p>\n<p>&nbsp;<\/p>\n<p><img decoding=\"async\" loading=\"lazy\" class=\"aligncenter size-full wp-image-693577\" src=\"https:\/\/www.diario5.com.ar\/wp-content\/uploads\/2025\/07\/ar_ancasti20250703.jpg\" width=\"700\" height=\"942\" srcset=\"https:\/\/www.diario5.com.ar\/wp-content\/uploads\/2025\/07\/ar_ancasti20250703.jpg 700w, https:\/\/www.diario5.com.ar\/wp-content\/uploads\/2025\/07\/ar_ancasti20250703-223x300.jpg 223w\" sizes=\"(max-width: 700px) 100vw, 700px\" \/><\/p>\n<p><img decoding=\"async\" loading=\"lazy\" class=\"aligncenter size-full wp-image-693578\" src=\"https:\/\/www.diario5.com.ar\/wp-content\/uploads\/2025\/07\/voz_chaco20250703.jpg\" width=\"700\" height=\"816\" srcset=\"https:\/\/www.diario5.com.ar\/wp-content\/uploads\/2025\/07\/voz_chaco20250703.jpg 700w, https:\/\/www.diario5.com.ar\/wp-content\/uploads\/2025\/07\/voz_chaco20250703-257x300.jpg 257w\" sizes=\"(max-width: 700px) 100vw, 700px\" \/><\/p>\n<p><img decoding=\"async\" loading=\"lazy\" class=\"aligncenter size-full wp-image-693579\" src=\"https:\/\/www.diario5.com.ar\/wp-content\/uploads\/2025\/07\/ar_cronista20250703.jpg\" width=\"700\" height=\"994\" srcset=\"https:\/\/www.diario5.com.ar\/wp-content\/uploads\/2025\/07\/ar_cronista20250703.jpg 700w, https:\/\/www.diario5.com.ar\/wp-content\/uploads\/2025\/07\/ar_cronista20250703-211x300.jpg 211w\" sizes=\"(max-width: 700px) 100vw, 700px\" \/><\/p>\n<p><img decoding=\"async\" loading=\"lazy\" class=\"aligncenter size-full wp-image-693580\" src=\"https:\/\/www.diario5.com.ar\/wp-content\/uploads\/2025\/07\/ar_eldia20250703.jpg\" width=\"700\" height=\"1039\" srcset=\"https:\/\/www.diario5.com.ar\/wp-content\/uploads\/2025\/07\/ar_eldia20250703.jpg 700w, https:\/\/www.diario5.com.ar\/wp-content\/uploads\/2025\/07\/ar_eldia20250703-202x300.jpg 202w, https:\/\/www.diario5.com.ar\/wp-content\/uploads\/2025\/07\/ar_eldia20250703-690x1024.jpg 690w\" sizes=\"(max-width: 700px) 100vw, 700px\" \/><\/p>\n<p><img decoding=\"async\" loading=\"lazy\" class=\"aligncenter size-full wp-image-693581\" src=\"https:\/\/www.diario5.com.ar\/wp-content\/uploads\/2025\/07\/ar_hoy20250703.jpg\" width=\"700\" height=\"918\" srcset=\"https:\/\/www.diario5.com.ar\/wp-content\/uploads\/2025\/07\/ar_hoy20250703.jpg 700w, https:\/\/www.diario5.com.ar\/wp-content\/uploads\/2025\/07\/ar_hoy20250703-229x300.jpg 229w\" sizes=\"(max-width: 700px) 100vw, 700px\" \/><\/p>\n<p><img decoding=\"async\" loading=\"lazy\" class=\"aligncenter size-full wp-image-693582\" src=\"https:\/\/www.diario5.com.ar\/wp-content\/uploads\/2025\/07\/ar_chubut20250703.jpg\" width=\"700\" height=\"902\" srcset=\"https:\/\/www.diario5.com.ar\/wp-content\/uploads\/2025\/07\/ar_chubut20250703.jpg 700w, https:\/\/www.diario5.com.ar\/wp-content\/uploads\/2025\/07\/ar_chubut20250703-233x300.jpg 233w\" sizes=\"(max-width: 700px) 100vw, 700px\" \/><\/p>\n<p><img decoding=\"async\" loading=\"lazy\" class=\"aligncenter size-full wp-image-693586\" src=\"https:\/\/www.diario5.com.ar\/wp-content\/uploads\/2025\/07\/ar_litoral_sfe20250703.jpg\" width=\"700\" height=\"923\" srcset=\"https:\/\/www.diario5.com.ar\/wp-content\/uploads\/2025\/07\/ar_litoral_sfe20250703.jpg 700w, https:\/\/www.diario5.com.ar\/wp-content\/uploads\/2025\/07\/ar_litoral_sfe20250703-228x300.jpg 228w\" sizes=\"(max-width: 700px) 100vw, 700px\" \/><\/p>\n<p><img decoding=\"async\" loading=\"lazy\" class=\"aligncenter size-full wp-image-693587\" src=\"https:\/\/www.diario5.com.ar\/wp-content\/uploads\/2025\/07\/ar_mirador_provincial20250703.jpg\" width=\"700\" height=\"940\" srcset=\"https:\/\/www.diario5.com.ar\/wp-content\/uploads\/2025\/07\/ar_mirador_provincial20250703.jpg 700w, https:\/\/www.diario5.com.ar\/wp-content\/uploads\/2025\/07\/ar_mirador_provincial20250703-223x300.jpg 223w\" sizes=\"(max-width: 700px) 100vw, 700px\" \/><\/p>\n<p><img decoding=\"async\" loading=\"lazy\" class=\"aligncenter size-full wp-image-693583\" src=\"https:\/\/www.diario5.com.ar\/wp-content\/uploads\/2025\/07\/ar_clarin20250703.jpg\" width=\"700\" height=\"977\" srcset=\"https:\/\/www.diario5.com.ar\/wp-content\/uploads\/2025\/07\/ar_clarin20250703.jpg 700w, https:\/\/www.diario5.com.ar\/wp-content\/uploads\/2025\/07\/ar_clarin20250703-215x300.jpg 215w\" sizes=\"(max-width: 700px) 100vw, 700px\" \/><\/p>\n<p><img decoding=\"async\" loading=\"lazy\" class=\"aligncenter size-full wp-image-693584\" src=\"https:\/\/www.diario5.com.ar\/wp-content\/uploads\/2025\/07\/nacion20250703.jpg\" width=\"700\" height=\"1056\" srcset=\"https:\/\/www.diario5.com.ar\/wp-content\/uploads\/2025\/07\/nacion20250703.jpg 700w, https:\/\/www.diario5.com.ar\/wp-content\/uploads\/2025\/07\/nacion20250703-199x300.jpg 199w, https:\/\/www.diario5.com.ar\/wp-content\/uploads\/2025\/07\/nacion20250703-679x1024.jpg 679w\" sizes=\"(max-width: 700px) 100vw, 700px\" \/><\/p>\n<p><img decoding=\"async\" loading=\"lazy\" class=\"aligncenter size-full wp-image-693577\" src=\"https:\/\/www.diario5.com.ar\/wp-content\/uploads\/2025\/07\/ar_ancasti20250703.jpg\" width=\"700\" height=\"942\" srcset=\"https:\/\/www.diario5.com.ar\/wp-content\/uploads\/2025\/07\/ar_ancasti20250703.jpg 700w, https:\/\/www.diario5.com.ar\/wp-content\/uploads\/2025\/07\/ar_ancasti20250703-223x300.jpg 223w\" sizes=\"(max-width: 700px) 100vw, 700px\" \/><\/p>","protected":false},"excerpt":{"rendered":"<p>C\u00f3mo fue la jornada de educaci\u00f3n ambiental que realizaron escuelas porte\u00f1as. &nbsp; Durante la primera semana de junio, y en el marco del D\u00eda Mundial del Ambiente, m\u00e1s de 220 instituciones educativas de la Ciudad de Buenos Aires participaron de la quinta edici\u00f3n de la Jornada Obligatoria de Educaci\u00f3n Ambiental. La actividad forma parte de [&hellip;]<\/p>","protected":false},"author":5,"featured_media":693576,"comment_status":"open","ping_status":"open","sticky":false,"template":"","format":"standard","meta":[],"categories":[95,2062,56],"tags":[126,474,630,668,778,27,2114,1042,624,274,1685],"series":[],"_links":{"self":[{"href":"https:\/\/www.diario5.com.ar\/es\/wp-json\/wp\/v2\/posts\/692294"}],"collection":[{"href":"https:\/\/www.diario5.com.ar\/es\/wp-json\/wp\/v2\/posts"}],"about":[{"href":"https:\/\/www.diario5.com.ar\/es\/wp-json\/wp\/v2\/types\/post"}],"author":[{"embeddable":true,"href":"https:\/\/www.diario5.com.ar\/es\/wp-json\/wp\/v2\/users\/5"}],"replies":[{"embeddable":true,"href":"https:\/\/www.diario5.com.ar\/es\/wp-json\/wp\/v2\/comments?post=692294"}],"version-history":[{"count":3,"href":"https:\/\/www.diario5.com.ar\/es\/wp-json\/wp\/v2\/posts\/692294\/revisions"}],"predecessor-version":[{"id":693588,"href":"https:\/\/www.diario5.com.ar\/es\/wp-json\/wp\/v2\/posts\/692294\/revisions\/693588"}],"wp:featuredmedia":[{"embeddable":true,"href":"https:\/\/www.diario5.com.ar\/es\/wp-json\/wp\/v2\/media\/693576"}],"wp:attachment":[{"href":"https:\/\/www.diario5.com.ar\/es\/wp-json\/wp\/v2\/media?parent=692294"}],"wp:term":[{"taxonomy":"category","embeddable":true,"href":"https:\/\/www.diario5.com.ar\/es\/wp-json\/wp\/v2\/categories?post=692294"},{"taxonomy":"post_tag","embeddable":true,"href":"https:\/\/www.diario5.com.ar\/es\/wp-json\/wp\/v2\/tags?post=692294"},{"taxonomy":"series","embeddable":true,"href":"https:\/\/www.diario5.com.ar\/es\/wp-json\/wp\/v2\/series?post=692294"}],"curies":[{"name":"wp","href":"https:\/\/api.w.org\/{rel}","templated":true}]}}