{"id":692285,"date":"2025-06-24T06:02:00","date_gmt":"2025-06-24T09:02:00","guid":{"rendered":"http:\/\/diario5.com.ar\/?p=692285"},"modified":"2025-06-24T15:31:10","modified_gmt":"2025-06-24T18:31:10","slug":"692285","status":"publish","type":"post","link":"https:\/\/www.diario5.com.ar\/es\/692285\/","title":{"rendered":"Subte B: Retiran los Mitsubishi"},"content":{"rendered":"<h2 class=\"sub-title-primary\">Se renueva parte de la flota del subte con nuevas formaciones para las l\u00edneas A, B y C.<\/h2> <p><img decoding=\"async\" src=\"https:\/\/www.diario5.com.ar\/imgtapas\/subte_mitsubishi.jpg\" \/><\/p>\n<p>S\u00ed, es cierto: los coches Mitsubishi de la l\u00ednea B ten\u00edan d\u00e9cadas. pero su andar nunca ser\u00e1 igualado. Y con la llegada de nuevas formaciones para el Subte, se despedir\u00e1 finalmente a estos legendarios vagones, que recorrieron decenas de miles de veces el subsuelo de la Av. Corrientes -entre 1995 y 1999- luego de prestar servicio en el metro de Tokio. Aunque fueron fabricados en la d\u00e9cada de 1960, su poderosa motorizaci\u00f3n, suavidad de marcha y confiabilidad t\u00e9cnica los convirtieron en los preferidos de los operadores y de los usuarios que nos detenemos a observar, intentar comprender y aprender sobre los servicio p\u00fablico en la Argentina.<\/p>\n<p>En Buenos Aires se adaptaron bien a las condiciones de la L\u00ednea B y, pese a su antig\u00fcedad, muchos siguen considerando que su andar \u2014estabilidad, frenado y aceleraci\u00f3n\u2014 no fue igualado por los modelos que vinieron despu\u00e9s.<\/p>\n<p>\u00bfSu retiro marcar\u00e1 el cierre de una etapa?<\/p>\n<p>La respuesta es s\u00ed, aunque ya las generaciones m\u00e1s j\u00f3venes quedar\u00e1n arraigadas a nuevas costumbres. Pero para quienes estos detalles no se les escapan or considerarlos profundamente culturales, la flota japonesa ya se gan\u00f3 un lugar en la memoria del transporte urbano porte\u00f1o.<\/p>\n<p>En definitiva, la red de subterr\u00e1neos porte\u00f1a se prepara para incorporar 40 coches nuevos con aire acondicionado que ser\u00e1n destinados a las l\u00edneas A y C. Las unidades, fabricadas por Citic y similares a las que ya circulan en esas l\u00edneas, llegar\u00e1n a partir de 2026. El plan busca reforzar el servicio con trenes 0 kil\u00f3metro, mejorar la frecuencia y ofrecer mayor comodidad a los usuarios que viajan a diario.<\/p>\n<p>En total, ser\u00e1n tres formaciones nuevas para la L\u00ednea A y cinco para la C, ambas con flota completamente climatizada desde hace tiempo. La compra implica una inversi\u00f3n de 75 millones de d\u00f3lares, de la cual ya se adelant\u00f3 un 20%.<\/p>\n<figure style=\"width: 686px\" class=\"wp-caption alignnone\"><img decoding=\"async\" loading=\"lazy\" src=\"https:\/\/www.diario5.com.ar\/imgtapas\/subte_mitsubishi2.jpg\" alt=\"\" width=\"686\" height=\"386\" \/><figcaption class=\"wp-caption-text\">Ser\u00e1n inolvidables sus asientos de pana rojos<\/figcaption><\/figure>\n<p>En paralelo, contin\u00faa la licitaci\u00f3n para sumar 174 coches a la L\u00ednea B. El objetivo es renovar por completo su material rodante y reemplazar tanto a los mencionados \u00abMitsu\u00bb \u2014entre lo rodado en Tokio y Buenos Aires, traen seis d\u00e9cadas de servicio\u2014 como a los CAF 6000, que ya superan los 20 a\u00f1os. Hay una l\u00f3gica en estandarizar la flota: se mejorar\u00e1 la operatividad y el mantenimiento ser\u00e1 m\u00e1s f\u00e1cil.<\/p>\n<p>Entre todas las incorporaciones, el Gobierno porte\u00f1o estima una inversi\u00f3n de 370 millones de d\u00f3lares, que abarca a sistemas de se\u00f1alizaci\u00f3n, renovaci\u00f3n de infraestructura y mejoras tecnol\u00f3gicas.<\/p>\n<p><img decoding=\"async\" loading=\"lazy\" class=\"aligncenter size-full wp-image-693447\" src=\"https:\/\/www.diario5.com.ar\/wp-content\/uploads\/2025\/06\/ar_ancasti20250624.jpg\" width=\"700\" height=\"922\" srcset=\"https:\/\/www.diario5.com.ar\/wp-content\/uploads\/2025\/06\/ar_ancasti20250624.jpg 700w, https:\/\/www.diario5.com.ar\/wp-content\/uploads\/2025\/06\/ar_ancasti20250624-228x300.jpg 228w\" sizes=\"(max-width: 700px) 100vw, 700px\" \/><\/p>\n<p><img decoding=\"async\" loading=\"lazy\" class=\"aligncenter size-full wp-image-693448\" src=\"https:\/\/www.diario5.com.ar\/wp-content\/uploads\/2025\/06\/voz_chaco20250624.jpg\" width=\"700\" height=\"853\" srcset=\"https:\/\/www.diario5.com.ar\/wp-content\/uploads\/2025\/06\/voz_chaco20250624.jpg 700w, https:\/\/www.diario5.com.ar\/wp-content\/uploads\/2025\/06\/voz_chaco20250624-246x300.jpg 246w\" sizes=\"(max-width: 700px) 100vw, 700px\" \/><\/p>\n<p><img decoding=\"async\" loading=\"lazy\" class=\"aligncenter size-full wp-image-693449\" src=\"https:\/\/www.diario5.com.ar\/wp-content\/uploads\/2025\/06\/ar_cronista20250624.jpg\" width=\"700\" height=\"1007\" srcset=\"https:\/\/www.diario5.com.ar\/wp-content\/uploads\/2025\/06\/ar_cronista20250624.jpg 700w, https:\/\/www.diario5.com.ar\/wp-content\/uploads\/2025\/06\/ar_cronista20250624-209x300.jpg 209w\" sizes=\"(max-width: 700px) 100vw, 700px\" \/><\/p>\n<p><img decoding=\"async\" loading=\"lazy\" class=\"aligncenter size-full wp-image-693450\" src=\"https:\/\/www.diario5.com.ar\/wp-content\/uploads\/2025\/06\/ar_eldia20250624.jpg\" width=\"700\" height=\"1004\" srcset=\"https:\/\/www.diario5.com.ar\/wp-content\/uploads\/2025\/06\/ar_eldia20250624.jpg 700w, https:\/\/www.diario5.com.ar\/wp-content\/uploads\/2025\/06\/ar_eldia20250624-209x300.jpg 209w\" sizes=\"(max-width: 700px) 100vw, 700px\" \/><\/p>\n<p><img decoding=\"async\" loading=\"lazy\" class=\"aligncenter size-full wp-image-693451\" src=\"https:\/\/www.diario5.com.ar\/wp-content\/uploads\/2025\/06\/ar_hoy20250624.jpg\" width=\"700\" height=\"895\" srcset=\"https:\/\/www.diario5.com.ar\/wp-content\/uploads\/2025\/06\/ar_hoy20250624.jpg 700w, https:\/\/www.diario5.com.ar\/wp-content\/uploads\/2025\/06\/ar_hoy20250624-235x300.jpg 235w\" sizes=\"(max-width: 700px) 100vw, 700px\" \/><\/p>\n<p><img decoding=\"async\" loading=\"lazy\" class=\"aligncenter size-full wp-image-693452\" src=\"https:\/\/www.diario5.com.ar\/wp-content\/uploads\/2025\/06\/ar_chubut20250624.jpg\" width=\"700\" height=\"872\" srcset=\"https:\/\/www.diario5.com.ar\/wp-content\/uploads\/2025\/06\/ar_chubut20250624.jpg 700w, https:\/\/www.diario5.com.ar\/wp-content\/uploads\/2025\/06\/ar_chubut20250624-241x300.jpg 241w\" sizes=\"(max-width: 700px) 100vw, 700px\" \/><\/p>\n<p><img decoding=\"async\" loading=\"lazy\" class=\"aligncenter size-full wp-image-693456\" src=\"https:\/\/www.diario5.com.ar\/wp-content\/uploads\/2025\/06\/ar_litoral_sfe20250624.jpg\" width=\"700\" height=\"923\" srcset=\"https:\/\/www.diario5.com.ar\/wp-content\/uploads\/2025\/06\/ar_litoral_sfe20250624.jpg 700w, https:\/\/www.diario5.com.ar\/wp-content\/uploads\/2025\/06\/ar_litoral_sfe20250624-228x300.jpg 228w\" sizes=\"(max-width: 700px) 100vw, 700px\" \/><\/p>\n<p><img decoding=\"async\" loading=\"lazy\" class=\"aligncenter size-full wp-image-693457\" src=\"https:\/\/www.diario5.com.ar\/wp-content\/uploads\/2025\/06\/ar_mirador_provincial20250624.jpg\" width=\"700\" height=\"940\" srcset=\"https:\/\/www.diario5.com.ar\/wp-content\/uploads\/2025\/06\/ar_mirador_provincial20250624.jpg 700w, https:\/\/www.diario5.com.ar\/wp-content\/uploads\/2025\/06\/ar_mirador_provincial20250624-223x300.jpg 223w\" sizes=\"(max-width: 700px) 100vw, 700px\" \/><\/p>\n<p><img decoding=\"async\" loading=\"lazy\" class=\"aligncenter size-full wp-image-693453\" src=\"https:\/\/www.diario5.com.ar\/wp-content\/uploads\/2025\/06\/ar_clarin20250624.jpg\" width=\"700\" height=\"977\" srcset=\"https:\/\/www.diario5.com.ar\/wp-content\/uploads\/2025\/06\/ar_clarin20250624.jpg 700w, https:\/\/www.diario5.com.ar\/wp-content\/uploads\/2025\/06\/ar_clarin20250624-215x300.jpg 215w\" sizes=\"(max-width: 700px) 100vw, 700px\" \/><\/p>\n<p><img decoding=\"async\" loading=\"lazy\" class=\"aligncenter size-full wp-image-693454\" src=\"https:\/\/www.diario5.com.ar\/wp-content\/uploads\/2025\/06\/nacion20250624.jpg\" width=\"700\" height=\"1056\" srcset=\"https:\/\/www.diario5.com.ar\/wp-content\/uploads\/2025\/06\/nacion20250624.jpg 700w, https:\/\/www.diario5.com.ar\/wp-content\/uploads\/2025\/06\/nacion20250624-199x300.jpg 199w, https:\/\/www.diario5.com.ar\/wp-content\/uploads\/2025\/06\/nacion20250624-679x1024.jpg 679w\" sizes=\"(max-width: 700px) 100vw, 700px\" \/><\/p>\n<p><img decoding=\"async\" loading=\"lazy\" class=\"aligncenter size-full wp-image-693447\" src=\"https:\/\/www.diario5.com.ar\/wp-content\/uploads\/2025\/06\/ar_ancasti20250624.jpg\" width=\"700\" height=\"922\" srcset=\"https:\/\/www.diario5.com.ar\/wp-content\/uploads\/2025\/06\/ar_ancasti20250624.jpg 700w, https:\/\/www.diario5.com.ar\/wp-content\/uploads\/2025\/06\/ar_ancasti20250624-228x300.jpg 228w\" sizes=\"(max-width: 700px) 100vw, 700px\" \/><\/p>","protected":false},"excerpt":{"rendered":"<p>Se renueva parte de la flota del subte con nuevas formaciones para las l\u00edneas A, B y C. S\u00ed, es cierto: los coches Mitsubishi de la l\u00ednea B ten\u00edan d\u00e9cadas. pero su andar nunca ser\u00e1 igualado. Y con la llegada de nuevas formaciones para el Subte, se despedir\u00e1 finalmente a estos legendarios vagones, que recorrieron [&hellip;]<\/p>","protected":false},"author":18,"featured_media":693459,"comment_status":"open","ping_status":"open","sticky":false,"template":"","format":"standard","meta":[],"categories":[2395,56,25],"tags":[1177,1934,474,935,2794,2117,2704,2716,1246,2223,2986,928],"series":[],"_links":{"self":[{"href":"https:\/\/www.diario5.com.ar\/es\/wp-json\/wp\/v2\/posts\/692285"}],"collection":[{"href":"https:\/\/www.diario5.com.ar\/es\/wp-json\/wp\/v2\/posts"}],"about":[{"href":"https:\/\/www.diario5.com.ar\/es\/wp-json\/wp\/v2\/types\/post"}],"author":[{"embeddable":true,"href":"https:\/\/www.diario5.com.ar\/es\/wp-json\/wp\/v2\/users\/18"}],"replies":[{"embeddable":true,"href":"https:\/\/www.diario5.com.ar\/es\/wp-json\/wp\/v2\/comments?post=692285"}],"version-history":[{"count":4,"href":"https:\/\/www.diario5.com.ar\/es\/wp-json\/wp\/v2\/posts\/692285\/revisions"}],"predecessor-version":[{"id":693460,"href":"https:\/\/www.diario5.com.ar\/es\/wp-json\/wp\/v2\/posts\/692285\/revisions\/693460"}],"wp:featuredmedia":[{"embeddable":true,"href":"https:\/\/www.diario5.com.ar\/es\/wp-json\/wp\/v2\/media\/693459"}],"wp:attachment":[{"href":"https:\/\/www.diario5.com.ar\/es\/wp-json\/wp\/v2\/media?parent=692285"}],"wp:term":[{"taxonomy":"category","embeddable":true,"href":"https:\/\/www.diario5.com.ar\/es\/wp-json\/wp\/v2\/categories?post=692285"},{"taxonomy":"post_tag","embeddable":true,"href":"https:\/\/www.diario5.com.ar\/es\/wp-json\/wp\/v2\/tags?post=692285"},{"taxonomy":"series","embeddable":true,"href":"https:\/\/www.diario5.com.ar\/es\/wp-json\/wp\/v2\/series?post=692285"}],"curies":[{"name":"wp","href":"https:\/\/api.w.org\/{rel}","templated":true}]}}