{"id":692284,"date":"2025-06-23T06:11:00","date_gmt":"2025-06-23T09:11:00","guid":{"rendered":"http:\/\/diario5.com.ar\/?p=692284"},"modified":"2025-06-24T00:13:16","modified_gmt":"2025-06-24T03:13:16","slug":"692284","status":"publish","type":"post","link":"https:\/\/www.diario5.com.ar\/es\/692284\/","title":{"rendered":"Un diploma y un grazie"},"content":{"rendered":"<h2 class=\"sub-title-primary\">Un caso fuerte que no se nos escap\u00f3. <\/h2> <p><img decoding=\"async\" loading=\"lazy\" class=\"aligncenter size-full wp-image-693433\" src=\"https:\/\/www.diario5.com.ar\/wp-content\/uploads\/2025\/06\/WhatsApp-Image-2025-06-18-at-15.20.3920250623.jpeg\" alt=\"Reconocimiento Italia 2\" width=\"700\" height=\"503\" srcset=\"https:\/\/www.diario5.com.ar\/wp-content\/uploads\/2025\/06\/WhatsApp-Image-2025-06-18-at-15.20.3920250623.jpeg 700w, https:\/\/www.diario5.com.ar\/wp-content\/uploads\/2025\/06\/WhatsApp-Image-2025-06-18-at-15.20.3920250623-300x216.jpeg 300w\" sizes=\"(max-width: 700px) 100vw, 700px\" \/><br \/>\nNo siempre que suena el timbre de una embajada es por l\u00edo diplom\u00e1tico o tr\u00e1mite de pasaporte. Esta vez, la embajada italiana en Buenos Aires abri\u00f3 sus puertas para dar las gracias. S\u00ed, se\u00f1ores, grazie mille a la Poli de la Ciudad, que resolvi\u00f3 con categor\u00eda y sin pesta\u00f1ar el crimen del ingeniero Giannandrea Pucciarini, aquel caso que tuvo en vilo a Tarento, Roma y Buenos Aires por igual.<\/p>\n<p>El asunto fue doloroso. A no olvidar: en abril de 2023 apareci\u00f3 el cuerpo del ingeniero en su departamento, v\u00edctima de una banda de cuatro malvivientes que se creyeron los zares del <em>faccio e volo<\/em>. Pero no calcularon el olfato y la paciencia de un team de investigaci\u00f3n que no conoce de masomenismos.<\/p>\n<p>Despu\u00e9s de una b\u00faqueda que cruz\u00f3 oc\u00e9anos y burocracias, la cana porte\u00f1a agarr\u00f3 al cuarto implicado, un criollo de 33 a\u00f1os que se cre\u00eda pr\u00f3fugo eterno pero termin\u00f3 sopl\u00e1ndose la velita del calabozo. Y ah\u00ed fue que vino el reconocimiento: el embajador italiano <em>Fabrizio Lucentini<\/em> y su equipo recibieron al Ministro de Seguridad porte\u00f1o, Horacio Gim\u00e9nez, al capo de la fuerza Diego Casal\u00f3 y a los peso pesados que intervinieron en la causa.<\/p>\n<p>Hubo apretones de manos, diplomas al m\u00e9rito y hasta alguna l\u00e1grima disimulada, porque atr\u00e1s de cada caso hay una familia esperando justicia. El embajador solt\u00f3 unas palabras sentidas: \u201cHaber encontrado a los responsables fue muy importante para nosotros\u201d. Y uno de los comisarios, con cara de piedra pero coraz\u00f3n blando, mascull\u00f3 por lo bajo: \u201cEra lo que hab\u00eda que hacer. Y lo hicimos\u201d.<\/p>\n<p>Nueve agentes, entre comisarios, subcomisarios, principales e inspectores, fueron reconocidos por su labor. Un gesto que vale m\u00e1s que mil palabras. Porque no todos los d\u00edas una fuerza local es reconocida internacionalmente, y menos en la Embajada de un pa\u00eds con historia, mafia y carabinieri.<\/p>\n<p>As\u00ed que Tripa, que tambi\u00e9n tiene lo suyo de descendencia calabresa, lo dice con respeto: \u00abOnore alla Polizia della Citt\u00e0!\u00bb Y si alguien ten\u00eda dudas, ahora lo sabe: cuando se trata de justicia, esta tropa non scherza.<\/p>\n<p><img decoding=\"async\" loading=\"lazy\" class=\"aligncenter size-full wp-image-693434\" src=\"https:\/\/www.diario5.com.ar\/wp-content\/uploads\/2025\/06\/ar_ancasti20250623.jpg\" width=\"700\" height=\"949\" srcset=\"https:\/\/www.diario5.com.ar\/wp-content\/uploads\/2025\/06\/ar_ancasti20250623.jpg 700w, https:\/\/www.diario5.com.ar\/wp-content\/uploads\/2025\/06\/ar_ancasti20250623-221x300.jpg 221w\" sizes=\"(max-width: 700px) 100vw, 700px\" \/><\/p>\n<p><img decoding=\"async\" loading=\"lazy\" class=\"aligncenter size-full wp-image-693435\" src=\"https:\/\/www.diario5.com.ar\/wp-content\/uploads\/2025\/06\/voz_chaco20250623.jpg\" width=\"700\" height=\"816\" srcset=\"https:\/\/www.diario5.com.ar\/wp-content\/uploads\/2025\/06\/voz_chaco20250623.jpg 700w, https:\/\/www.diario5.com.ar\/wp-content\/uploads\/2025\/06\/voz_chaco20250623-257x300.jpg 257w\" sizes=\"(max-width: 700px) 100vw, 700px\" \/><\/p>\n<p><img decoding=\"async\" loading=\"lazy\" class=\"aligncenter size-full wp-image-693436\" src=\"https:\/\/www.diario5.com.ar\/wp-content\/uploads\/2025\/06\/ar_cronista20250623.jpg\" width=\"700\" height=\"1001\" srcset=\"https:\/\/www.diario5.com.ar\/wp-content\/uploads\/2025\/06\/ar_cronista20250623.jpg 700w, https:\/\/www.diario5.com.ar\/wp-content\/uploads\/2025\/06\/ar_cronista20250623-210x300.jpg 210w\" sizes=\"(max-width: 700px) 100vw, 700px\" \/><\/p>\n<p><img decoding=\"async\" loading=\"lazy\" class=\"aligncenter size-full wp-image-693437\" src=\"https:\/\/www.diario5.com.ar\/wp-content\/uploads\/2025\/06\/ar_eldia20250623.jpg\" width=\"700\" height=\"1033\" srcset=\"https:\/\/www.diario5.com.ar\/wp-content\/uploads\/2025\/06\/ar_eldia20250623.jpg 700w, https:\/\/www.diario5.com.ar\/wp-content\/uploads\/2025\/06\/ar_eldia20250623-203x300.jpg 203w, https:\/\/www.diario5.com.ar\/wp-content\/uploads\/2025\/06\/ar_eldia20250623-694x1024.jpg 694w\" sizes=\"(max-width: 700px) 100vw, 700px\" \/><\/p>\n<p><img decoding=\"async\" loading=\"lazy\" class=\"aligncenter size-full wp-image-693438\" src=\"https:\/\/www.diario5.com.ar\/wp-content\/uploads\/2025\/06\/ar_chubut20250623.jpg\" width=\"700\" height=\"872\" srcset=\"https:\/\/www.diario5.com.ar\/wp-content\/uploads\/2025\/06\/ar_chubut20250623.jpg 700w, https:\/\/www.diario5.com.ar\/wp-content\/uploads\/2025\/06\/ar_chubut20250623-241x300.jpg 241w\" sizes=\"(max-width: 700px) 100vw, 700px\" \/><\/p>\n<p><img decoding=\"async\" loading=\"lazy\" class=\"aligncenter size-full wp-image-693439\" src=\"https:\/\/www.diario5.com.ar\/wp-content\/uploads\/2025\/06\/ar_clarin20250623.jpg\" width=\"700\" height=\"977\" srcset=\"https:\/\/www.diario5.com.ar\/wp-content\/uploads\/2025\/06\/ar_clarin20250623.jpg 700w, https:\/\/www.diario5.com.ar\/wp-content\/uploads\/2025\/06\/ar_clarin20250623-215x300.jpg 215w\" sizes=\"(max-width: 700px) 100vw, 700px\" \/><\/p>\n<p><img decoding=\"async\" loading=\"lazy\" class=\"aligncenter size-full wp-image-693440\" src=\"https:\/\/www.diario5.com.ar\/wp-content\/uploads\/2025\/06\/nacion20250623.jpg\" width=\"700\" height=\"1056\" srcset=\"https:\/\/www.diario5.com.ar\/wp-content\/uploads\/2025\/06\/nacion20250623.jpg 700w, https:\/\/www.diario5.com.ar\/wp-content\/uploads\/2025\/06\/nacion20250623-199x300.jpg 199w, https:\/\/www.diario5.com.ar\/wp-content\/uploads\/2025\/06\/nacion20250623-679x1024.jpg 679w\" sizes=\"(max-width: 700px) 100vw, 700px\" \/><\/p>\n<p><img decoding=\"async\" loading=\"lazy\" class=\"aligncenter size-full wp-image-693434\" src=\"https:\/\/www.diario5.com.ar\/wp-content\/uploads\/2025\/06\/ar_ancasti20250623.jpg\" width=\"700\" height=\"949\" srcset=\"https:\/\/www.diario5.com.ar\/wp-content\/uploads\/2025\/06\/ar_ancasti20250623.jpg 700w, https:\/\/www.diario5.com.ar\/wp-content\/uploads\/2025\/06\/ar_ancasti20250623-221x300.jpg 221w\" sizes=\"(max-width: 700px) 100vw, 700px\" \/><\/p>","protected":false},"excerpt":{"rendered":"<p>Un caso fuerte que no se nos escap\u00f3. No siempre que suena el timbre de una embajada es por l\u00edo diplom\u00e1tico o tr\u00e1mite de pasaporte. Esta vez, la embajada italiana en Buenos Aires abri\u00f3 sus puertas para dar las gracias. S\u00ed, se\u00f1ores, grazie mille a la Poli de la Ciudad, que resolvi\u00f3 con categor\u00eda y [&hellip;]<\/p>","protected":false},"author":22,"featured_media":693433,"comment_status":"open","ping_status":"open","sticky":false,"template":"","format":"standard","meta":[],"categories":[673,28,56],"tags":[474,2467,3150,2895,2793,2896,2148,3031,537],"series":[],"_links":{"self":[{"href":"https:\/\/www.diario5.com.ar\/es\/wp-json\/wp\/v2\/posts\/692284"}],"collection":[{"href":"https:\/\/www.diario5.com.ar\/es\/wp-json\/wp\/v2\/posts"}],"about":[{"href":"https:\/\/www.diario5.com.ar\/es\/wp-json\/wp\/v2\/types\/post"}],"author":[{"embeddable":true,"href":"https:\/\/www.diario5.com.ar\/es\/wp-json\/wp\/v2\/users\/22"}],"replies":[{"embeddable":true,"href":"https:\/\/www.diario5.com.ar\/es\/wp-json\/wp\/v2\/comments?post=692284"}],"version-history":[{"count":3,"href":"https:\/\/www.diario5.com.ar\/es\/wp-json\/wp\/v2\/posts\/692284\/revisions"}],"predecessor-version":[{"id":693444,"href":"https:\/\/www.diario5.com.ar\/es\/wp-json\/wp\/v2\/posts\/692284\/revisions\/693444"}],"wp:featuredmedia":[{"embeddable":true,"href":"https:\/\/www.diario5.com.ar\/es\/wp-json\/wp\/v2\/media\/693433"}],"wp:attachment":[{"href":"https:\/\/www.diario5.com.ar\/es\/wp-json\/wp\/v2\/media?parent=692284"}],"wp:term":[{"taxonomy":"category","embeddable":true,"href":"https:\/\/www.diario5.com.ar\/es\/wp-json\/wp\/v2\/categories?post=692284"},{"taxonomy":"post_tag","embeddable":true,"href":"https:\/\/www.diario5.com.ar\/es\/wp-json\/wp\/v2\/tags?post=692284"},{"taxonomy":"series","embeddable":true,"href":"https:\/\/www.diario5.com.ar\/es\/wp-json\/wp\/v2\/series?post=692284"}],"curies":[{"name":"wp","href":"https:\/\/api.w.org\/{rel}","templated":true}]}}