{"id":692282,"date":"2025-06-21T06:11:00","date_gmt":"2025-06-21T09:11:00","guid":{"rendered":"http:\/\/diario5.com.ar\/?p=692282"},"modified":"2025-06-22T12:59:10","modified_gmt":"2025-06-22T15:59:10","slug":"692282","status":"publish","type":"post","link":"https:\/\/www.diario5.com.ar\/es\/692282\/","title":{"rendered":"Subte \u00abpiojoso\u00bb"},"content":{"rendered":"<h2 class=\"sub-title-primary\">El Subte extiende su horario por los shows de Los Piojos en el Monumental<\/h2> <p><img decoding=\"async\" src=\"https:\/\/www.diario5.com.ar\/imgtapas\/subte_piojos.jpg\" \/><\/p>\n<p>Este fin de semana, la L\u00ednea D del subte funcionar\u00e1 con un esquema especial para facilitar el regreso de quienes asistan a los recitales de Los Piojos en el estadio de R\u00edver. Hoy, s\u00e1bado 21, el \u00faltimo tren saldr\u00e1 desde Congreso de Tucum\u00e1n a las 02.00 de la ma\u00f1ana, y ma\u00f1ana, domingo 22, partir\u00e1 a la 1.30. La medida busca acompa\u00f1ar la desconcentraci\u00f3n de un evento masivo, con miles de personas moviliz\u00e1ndose al mismo tiempo.<\/p>\n<p>Las estaciones Olleros, Plaza Italia, Pueyrred\u00f3n y 9 de Julio fueron se\u00f1aladas como puntos clave para el descenso de pasajeros, ya que permiten buena conexi\u00f3n con otras l\u00edneas y medios de transporte. La experiencia de extender el horario en eventos de alto tr\u00e1nsito ya se aplic\u00f3 con buenos resultados, tanto en recitales como en partidos de f\u00fatbol, y forma parte de una pol\u00edtica para reducir el uso del auto particular en la ciudad.<\/p>\n<p>Desde Subterr\u00e1neos de Buenos Aires (SBASE) se\u00f1alaron que el subte permite evitar congestionamientos y demoras, y que el objetivo es seguir ofreciendo opciones para moverse de forma m\u00e1s r\u00e1pida y sustentable, especialmente en jornadas con fuerte actividad cultural o deportiva.<\/p>\n<p>&nbsp;<\/p>\n<p><img decoding=\"async\" loading=\"lazy\" class=\"aligncenter size-full wp-image-693405\" src=\"https:\/\/www.diario5.com.ar\/wp-content\/uploads\/2025\/06\/dia_gualeguaychu20250621.jpg\" width=\"700\" height=\"932\" srcset=\"https:\/\/www.diario5.com.ar\/wp-content\/uploads\/2025\/06\/dia_gualeguaychu20250621.jpg 700w, https:\/\/www.diario5.com.ar\/wp-content\/uploads\/2025\/06\/dia_gualeguaychu20250621-225x300.jpg 225w\" sizes=\"(max-width: 700px) 100vw, 700px\" \/><\/p>\n<p><img decoding=\"async\" loading=\"lazy\" class=\"aligncenter size-full wp-image-693406\" src=\"https:\/\/www.diario5.com.ar\/wp-content\/uploads\/2025\/06\/ar_nueva_provincia20250621.jpg\" width=\"700\" height=\"971\" srcset=\"https:\/\/www.diario5.com.ar\/wp-content\/uploads\/2025\/06\/ar_nueva_provincia20250621.jpg 700w, https:\/\/www.diario5.com.ar\/wp-content\/uploads\/2025\/06\/ar_nueva_provincia20250621-216x300.jpg 216w\" sizes=\"(max-width: 700px) 100vw, 700px\" \/><\/p>\n<p><img decoding=\"async\" loading=\"lazy\" class=\"aligncenter size-full wp-image-693407\" src=\"https:\/\/www.diario5.com.ar\/wp-content\/uploads\/2025\/06\/ar_ancasti20250621.jpg\" width=\"700\" height=\"949\" srcset=\"https:\/\/www.diario5.com.ar\/wp-content\/uploads\/2025\/06\/ar_ancasti20250621.jpg 700w, https:\/\/www.diario5.com.ar\/wp-content\/uploads\/2025\/06\/ar_ancasti20250621-221x300.jpg 221w\" sizes=\"(max-width: 700px) 100vw, 700px\" \/><\/p>\n<p><img decoding=\"async\" loading=\"lazy\" class=\"aligncenter size-full wp-image-693408\" src=\"https:\/\/www.diario5.com.ar\/wp-content\/uploads\/2025\/06\/voz_chaco20250621.jpg\" width=\"700\" height=\"822\" srcset=\"https:\/\/www.diario5.com.ar\/wp-content\/uploads\/2025\/06\/voz_chaco20250621.jpg 700w, https:\/\/www.diario5.com.ar\/wp-content\/uploads\/2025\/06\/voz_chaco20250621-255x300.jpg 255w\" sizes=\"(max-width: 700px) 100vw, 700px\" \/><\/p>\n<p><img decoding=\"async\" loading=\"lazy\" class=\"aligncenter size-full wp-image-693409\" src=\"https:\/\/www.diario5.com.ar\/wp-content\/uploads\/2025\/06\/ar_eldia20250621.jpg\" width=\"700\" height=\"1004\" srcset=\"https:\/\/www.diario5.com.ar\/wp-content\/uploads\/2025\/06\/ar_eldia20250621.jpg 700w, https:\/\/www.diario5.com.ar\/wp-content\/uploads\/2025\/06\/ar_eldia20250621-209x300.jpg 209w\" sizes=\"(max-width: 700px) 100vw, 700px\" \/><\/p>\n<p><img decoding=\"async\" loading=\"lazy\" class=\"aligncenter size-full wp-image-693410\" src=\"https:\/\/www.diario5.com.ar\/wp-content\/uploads\/2025\/06\/ar_chubut20250621.jpg\" width=\"700\" height=\"902\" srcset=\"https:\/\/www.diario5.com.ar\/wp-content\/uploads\/2025\/06\/ar_chubut20250621.jpg 700w, https:\/\/www.diario5.com.ar\/wp-content\/uploads\/2025\/06\/ar_chubut20250621-233x300.jpg 233w\" sizes=\"(max-width: 700px) 100vw, 700px\" \/><\/p>\n<p>Cr\u00e9dito de fotograf\u00eda: https:\/\/www.alertastransito.com\/<\/p>\n<p><img decoding=\"async\" loading=\"lazy\" class=\"aligncenter size-full wp-image-693411\" src=\"https:\/\/www.diario5.com.ar\/wp-content\/uploads\/2025\/06\/ar_clarin20250621.jpg\" width=\"700\" height=\"977\" srcset=\"https:\/\/www.diario5.com.ar\/wp-content\/uploads\/2025\/06\/ar_clarin20250621.jpg 700w, https:\/\/www.diario5.com.ar\/wp-content\/uploads\/2025\/06\/ar_clarin20250621-215x300.jpg 215w\" sizes=\"(max-width: 700px) 100vw, 700px\" \/><\/p>\n<p><img decoding=\"async\" loading=\"lazy\" class=\"aligncenter size-full wp-image-693412\" src=\"https:\/\/www.diario5.com.ar\/wp-content\/uploads\/2025\/06\/nacion20250621.jpg\" width=\"700\" height=\"1051\" srcset=\"https:\/\/www.diario5.com.ar\/wp-content\/uploads\/2025\/06\/nacion20250621.jpg 700w, https:\/\/www.diario5.com.ar\/wp-content\/uploads\/2025\/06\/nacion20250621-200x300.jpg 200w, https:\/\/www.diario5.com.ar\/wp-content\/uploads\/2025\/06\/nacion20250621-682x1024.jpg 682w\" sizes=\"(max-width: 700px) 100vw, 700px\" \/><\/p>\n<p><img decoding=\"async\" loading=\"lazy\" class=\"aligncenter size-full wp-image-693407\" src=\"https:\/\/www.diario5.com.ar\/wp-content\/uploads\/2025\/06\/ar_ancasti20250621.jpg\" width=\"700\" height=\"949\" srcset=\"https:\/\/www.diario5.com.ar\/wp-content\/uploads\/2025\/06\/ar_ancasti20250621.jpg 700w, https:\/\/www.diario5.com.ar\/wp-content\/uploads\/2025\/06\/ar_ancasti20250621-221x300.jpg 221w\" sizes=\"(max-width: 700px) 100vw, 700px\" \/><\/p>","protected":false},"excerpt":{"rendered":"<p>El Subte extiende su horario por los shows de Los Piojos en el Monumental Este fin de semana, la L\u00ednea D del subte funcionar\u00e1 con un esquema especial para facilitar el regreso de quienes asistan a los recitales de Los Piojos en el estadio de R\u00edver. Hoy, s\u00e1bado 21, el \u00faltimo tren saldr\u00e1 desde Congreso [&hellip;]<\/p>","protected":false},"author":12,"featured_media":693428,"comment_status":"open","ping_status":"open","sticky":false,"template":"","format":"standard","meta":[],"categories":[2395,56,25],"tags":[2095,474,2839,2387,3252,2719,1172,928,786,944],"series":[],"_links":{"self":[{"href":"https:\/\/www.diario5.com.ar\/es\/wp-json\/wp\/v2\/posts\/692282"}],"collection":[{"href":"https:\/\/www.diario5.com.ar\/es\/wp-json\/wp\/v2\/posts"}],"about":[{"href":"https:\/\/www.diario5.com.ar\/es\/wp-json\/wp\/v2\/types\/post"}],"author":[{"embeddable":true,"href":"https:\/\/www.diario5.com.ar\/es\/wp-json\/wp\/v2\/users\/12"}],"replies":[{"embeddable":true,"href":"https:\/\/www.diario5.com.ar\/es\/wp-json\/wp\/v2\/comments?post=692282"}],"version-history":[{"count":4,"href":"https:\/\/www.diario5.com.ar\/es\/wp-json\/wp\/v2\/posts\/692282\/revisions"}],"predecessor-version":[{"id":693414,"href":"https:\/\/www.diario5.com.ar\/es\/wp-json\/wp\/v2\/posts\/692282\/revisions\/693414"}],"wp:featuredmedia":[{"embeddable":true,"href":"https:\/\/www.diario5.com.ar\/es\/wp-json\/wp\/v2\/media\/693428"}],"wp:attachment":[{"href":"https:\/\/www.diario5.com.ar\/es\/wp-json\/wp\/v2\/media?parent=692282"}],"wp:term":[{"taxonomy":"category","embeddable":true,"href":"https:\/\/www.diario5.com.ar\/es\/wp-json\/wp\/v2\/categories?post=692282"},{"taxonomy":"post_tag","embeddable":true,"href":"https:\/\/www.diario5.com.ar\/es\/wp-json\/wp\/v2\/tags?post=692282"},{"taxonomy":"series","embeddable":true,"href":"https:\/\/www.diario5.com.ar\/es\/wp-json\/wp\/v2\/series?post=692282"}],"curies":[{"name":"wp","href":"https:\/\/api.w.org\/{rel}","templated":true}]}}