{"id":692281,"date":"2025-06-20T06:11:00","date_gmt":"2025-06-20T09:11:00","guid":{"rendered":"http:\/\/diario5.com.ar\/?p=692281"},"modified":"2025-06-20T06:14:14","modified_gmt":"2025-06-20T09:14:14","slug":"692281","status":"publish","type":"post","link":"https:\/\/www.diario5.com.ar\/es\/692281\/","title":{"rendered":"De \u00abla justicia, su empresa\u00bb a \u00abla tolerancia, su valor\u00bb"},"content":{"rendered":"<h2 class=\"sub-title-primary\">El cambio en la promesa de lealtad a la bandera que pocos notaron<\/h2> <p><img decoding=\"async\" loading=\"lazy\" class=\"aligncenter size-full wp-image-693393\" src=\"https:\/\/www.diario5.com.ar\/wp-content\/uploads\/2025\/06\/dsc090020250620.jpg\" width=\"700\" height=\"393\" srcset=\"https:\/\/www.diario5.com.ar\/wp-content\/uploads\/2025\/06\/dsc090020250620.jpg 700w, https:\/\/www.diario5.com.ar\/wp-content\/uploads\/2025\/06\/dsc090020250620-300x168.jpg 300w\" sizes=\"(max-width: 700px) 100vw, 700px\" \/><\/p>\n<p>Durante d\u00e9cadas, los chicos argentinos juraron lealtad a la Bandera Nacional con una f\u00f3rmula larga, ampulosa, cargada de palabras que mezclaban idealismo, civismo y una cierta emoci\u00f3n de manual. Para muchos, el momento m\u00e1s esperado era poder gritar bien fuerte \u00ab\u00a1S\u00ed, prometo!\u00bb justo despu\u00e9s de que el docente, vestido de ceremonia, cerraba con esa frase solemne: \u00abpara que el honor sea su aliento y la justicia su empresa\u00bb. En varias provincias del pa\u00eds, esa versi\u00f3n sigue vigente. Pero en la Ciudad de Buenos Aires, la f\u00f3rmula cambi\u00f3 oficialmente en 1999.<\/p>\n<p>Con el nacimiento de la autonom\u00eda porte\u00f1a, la Secretar\u00eda de Educaci\u00f3n (todav\u00eda no Ministerio) decidi\u00f3 revisar algunas formalidades escolares heredadas de otros tiempos. Una de ellas fue el art\u00edculo 137 del Reglamento Escolar, que establec\u00eda el texto de la promesa de lealtad a la bandera. El cambio no fue casual ni menor: se fund\u00f3 en la necesidad de que los discursos p\u00fablicos reflejaran los valores de la Constituci\u00f3n de la Ciudad, sancionada en 1996, que pone el acento en la \u00e9tica, la libertad, la solidaridad y la democracia como pilares del sistema educativo.<\/p>\n<p>El nuevo texto mantiene la solemnidad, pero ordena las ideas en bloques m\u00e1s claros, introduce palabras que remiten al pluralismo y a la diversidad, y abandona parte de la verborragia barroca de la versi\u00f3n anterior. En lugar de largas oraciones encadenadas que hablaban de \u00abdefender la bandera con el compromiso de fortalecer nuestra historia\u00bb o de \u00abestudiar con juicio cr\u00edtico aceptando fraternalmente las diferencias\u00bb, la nueva versi\u00f3n pone el foco en valores m\u00e1s concretos y menos declamativos: justicia, tolerancia, igualdad, paz, solidaridad.<\/p>\n<p>La f\u00f3rmula vigente en la Ciudad de Buenos Aires, que se lee a los alumnos de cuarto grado, dice:<\/p>\n<p><em>\u00abAlumnos: Esta es la Bandera que cre\u00f3 Manuel Belgrano en los albores de nuestra libertad, simboliza a la Rep\u00fablica Argentina, nuestra Patria.<\/em><\/p>\n<p><em>Es el s\u00edmbolo de los valores que los fundadores de la nacionalidad defendieron y promovieron con sus luchas y sus sacrificios, triunfos y derrotas. Esos valores son los de la libertad, la tolerancia, la justicia, la igualdad, la paz y la solidaridad.<\/em><br \/>\n<em>Alumnos: Es el s\u00edmbolo de nuestra libre soberan\u00eda, que hace sagrados a los hombres y mujeres y a todos los pueblos del mundo. Convoca el ejercicio de nuestros deberes y nuestros derechos, a respetar las leyes y las instituciones.<\/em><br \/>\n<em>Es la expresi\u00f3n de nuestra historia forjada con la esperanza y el esfuerzo de millones de hombres y mujeres, los que nacieron en nuestra tierra y los que vinieron a poblarla al amparo de nuestra bandera y nuestra Constituci\u00f3n.<\/em><\/p>\n<p><em>Representa nuestra tierra, nuestros mares, nuestros r\u00edos y bosques, nuestros llanos y monta\u00f1as; el esfuerzo de sus habitantes, sus sue\u00f1os y realizaciones. Simboliza nuestro presente, en el que d\u00eda a d\u00eda debemos construir la democracia que nos ennoblece, y conquistar el conocimiento que nos libera; y nuestro futuro, el de nuestros hijos y el de las sucesivas generaciones de argentinos.<\/em><br \/>\n<em>Alumnos: \u00bfPrometen defenderla, respetarla y amarla, con fraterna tolerancia y respeto, estudiando con firme voluntad, comprometi\u00e9ndose a ser ciudadanos libres y justos, aceptando solidariamente en sus diferencias a todos los que pueblan nuestro suelo y transmitiendo, en todos y cada uno de nuestros actos, sus valores permanentes e irrenunciables?\u00bb<\/em><\/p>\n<p>El \u00abS\u00ed, prometo\u00bb sigue intacto, pero lo que lo precede ya no es lo mismo. Y aunque no sea tema de debate p\u00fablico, el cambio dice algo sobre c\u00f3mo se busca formar ciudadan\u00eda desde la infancia. La bandera sigue flameando en los actos del 20 de junio, pero el modo de hablarle a los chicos sobre lo que representa se ajust\u00f3 a otra \u00e9poca. Una en la que, al parecer, la justicia ya no es \u201csu empresa\u201d, pero s\u00ed sigue siendo parte del compromiso.<\/p>\n<p><img decoding=\"async\" src=\"https:\/\/img.kiosko.net\/2025\/06\/20\/ar\/dia_gualeguaychu.jpg\" \/><\/p>\n<p><img decoding=\"async\" src=\"https:\/\/img.kiosko.net\/2025\/06\/20\/ar\/ar_nueva_provincia.jpg\" \/><\/p>\n<p><img decoding=\"async\" loading=\"lazy\" class=\"aligncenter size-full wp-image-693394\" src=\"https:\/\/www.diario5.com.ar\/wp-content\/uploads\/2025\/06\/ar_ancasti20250620.jpg\" width=\"700\" height=\"950\" srcset=\"https:\/\/www.diario5.com.ar\/wp-content\/uploads\/2025\/06\/ar_ancasti20250620.jpg 700w, https:\/\/www.diario5.com.ar\/wp-content\/uploads\/2025\/06\/ar_ancasti20250620-221x300.jpg 221w\" sizes=\"(max-width: 700px) 100vw, 700px\" \/><\/p>\n<p><img decoding=\"async\" src=\"https:\/\/img.kiosko.net\/2025\/06\/20\/ar\/ar_esquiu.jpg\" \/><\/p>\n<p><img decoding=\"async\" src=\"https:\/\/img.kiosko.net\/2025\/06\/20\/ar\/ar_diario_norte.jpg\" \/><\/p>\n<p><img decoding=\"async\" loading=\"lazy\" class=\"aligncenter size-full wp-image-693395\" src=\"https:\/\/www.diario5.com.ar\/wp-content\/uploads\/2025\/06\/voz_chaco20250620.jpg\" width=\"700\" height=\"816\" srcset=\"https:\/\/www.diario5.com.ar\/wp-content\/uploads\/2025\/06\/voz_chaco20250620.jpg 700w, https:\/\/www.diario5.com.ar\/wp-content\/uploads\/2025\/06\/voz_chaco20250620-257x300.jpg 257w\" sizes=\"(max-width: 700px) 100vw, 700px\" \/><\/p>\n<p><img decoding=\"async\" src=\"https:\/\/img.kiosko.net\/2025\/06\/20\/ar\/ar_diario_madryn.jpg\" \/><\/p>\n<p><img decoding=\"async\" src=\"https:\/\/img.kiosko.net\/2025\/06\/20\/ar\/ar_laprensa.jpg\" \/><\/p>\n<p><img decoding=\"async\" src=\"https:\/\/img.kiosko.net\/2025\/06\/20\/ar\/ar_cronista.jpg\" \/><\/p>\n<p><img decoding=\"async\" src=\"https:\/\/img.kiosko.net\/2025\/06\/20\/ar\/buenosaires_economico.jpg\" \/><\/p>\n<p><img decoding=\"async\" src=\"https:\/\/img.kiosko.net\/2025\/06\/20\/ar\/ar_perfil.jpg\" \/><\/p>\n<p><img decoding=\"async\" loading=\"lazy\" class=\"aligncenter size-full wp-image-693396\" src=\"https:\/\/www.diario5.com.ar\/wp-content\/uploads\/2025\/06\/ar_eldia20250620.jpg\" width=\"700\" height=\"1035\" srcset=\"https:\/\/www.diario5.com.ar\/wp-content\/uploads\/2025\/06\/ar_eldia20250620.jpg 700w, https:\/\/www.diario5.com.ar\/wp-content\/uploads\/2025\/06\/ar_eldia20250620-203x300.jpg 203w, https:\/\/www.diario5.com.ar\/wp-content\/uploads\/2025\/06\/ar_eldia20250620-693x1024.jpg 693w\" sizes=\"(max-width: 700px) 100vw, 700px\" \/><\/p>\n<p><img decoding=\"async\" loading=\"lazy\" class=\"aligncenter size-full wp-image-693397\" src=\"https:\/\/www.diario5.com.ar\/wp-content\/uploads\/2025\/06\/ar_hoy20250620.jpg\" width=\"700\" height=\"914\" srcset=\"https:\/\/www.diario5.com.ar\/wp-content\/uploads\/2025\/06\/ar_hoy20250620.jpg 700w, https:\/\/www.diario5.com.ar\/wp-content\/uploads\/2025\/06\/ar_hoy20250620-230x300.jpg 230w\" sizes=\"(max-width: 700px) 100vw, 700px\" \/><\/p>\n<p><img decoding=\"async\" src=\"https:\/\/img.kiosko.net\/2025\/06\/20\/ar\/ar_democracia.jpg\" \/><\/p>\n<p><img decoding=\"async\" loading=\"lazy\" class=\"aligncenter size-full wp-image-693398\" src=\"https:\/\/www.diario5.com.ar\/wp-content\/uploads\/2025\/06\/ar_chubut20250620.jpg\" width=\"700\" height=\"902\" srcset=\"https:\/\/www.diario5.com.ar\/wp-content\/uploads\/2025\/06\/ar_chubut20250620.jpg 700w, https:\/\/www.diario5.com.ar\/wp-content\/uploads\/2025\/06\/ar_chubut20250620-233x300.jpg 233w\" sizes=\"(max-width: 700px) 100vw, 700px\" \/><\/p>\n<p><img decoding=\"async\" src=\"https:\/\/img.kiosko.net\/2025\/06\/20\/ar\/ar_epoca.jpg\" \/><\/p>\n<p><img decoding=\"async\" src=\"https:\/\/img.kiosko.net\/2025\/06\/20\/ar\/ar_litoral.jpg\" \/><\/p>\n<p><img decoding=\"async\" src=\"https:\/\/img.kiosko.net\/2025\/06\/20\/ar\/ar_heraldo.jpg\" \/><\/p>\n<p><img decoding=\"async\" src=\"https:\/\/img.kiosko.net\/2025\/06\/20\/ar\/ar_manana_formosa.jpg\" \/><\/p>\n<p><img decoding=\"async\" src=\"https:\/\/img.kiosko.net\/2025\/06\/20\/ar\/ar_diario_pampa.jpg\" \/><\/p>\n<p><img decoding=\"async\" src=\"https:\/\/img.kiosko.net\/2025\/06\/20\/ar\/ar_pagina12.jpg\" \/><\/p>\n<p><img decoding=\"async\" src=\"https:\/\/img.kiosko.net\/2025\/06\/20\/ar\/ar_arena.jpg\" \/><\/p>\n<p><img decoding=\"async\" src=\"https:\/\/img.kiosko.net\/2025\/06\/20\/ar\/independiente.jpg\" \/><\/p>\n<p><img decoding=\"async\" src=\"https:\/\/img.kiosko.net\/2025\/06\/20\/ar\/nueva_rioja.jpg\" \/><\/p>\n<p><img decoding=\"async\" src=\"https:\/\/img.kiosko.net\/2025\/06\/20\/ar\/ar_losandes.jpg\" \/><\/p>\n<p><img decoding=\"async\" src=\"https:\/\/img.kiosko.net\/2025\/06\/20\/ar\/ar_tribuno.jpg\" \/><\/p>\n<p><img decoding=\"async\" src=\"https:\/\/img.kiosko.net\/2025\/06\/20\/ar\/lea.jpg\" \/><\/p>\n<p><img decoding=\"async\" src=\"https:\/\/img.kiosko.net\/2025\/06\/20\/ar\/ar_nuevo_diario.jpg\" \/><\/p>\n<p><img decoding=\"async\" src=\"https:\/\/img.kiosko.net\/2025\/06\/20\/ar\/ar_diario_cuyo.jpg\" \/><\/p>\n<p><img decoding=\"async\" src=\"https:\/\/img.kiosko.net\/2025\/06\/20\/ar\/huarpe.jpg\" \/><\/p>\n<p><img decoding=\"async\" src=\"https:\/\/img.kiosko.net\/2025\/06\/20\/ar\/ar_diario_republica.jpg\" \/><\/p>\n<p><img decoding=\"async\" src=\"https:\/\/img.kiosko.net\/2025\/06\/20\/ar\/ar_litoral_sfe.jpg\" \/><\/p>\n<p><img decoding=\"async\" src=\"https:\/\/img.kiosko.net\/2025\/06\/20\/ar\/ciudadano.jpg\" \/><\/p>\n<p><img decoding=\"async\" src=\"https:\/\/img.kiosko.net\/2025\/06\/20\/ar\/ar_mirador_provincial.jpg\" \/><\/p>\n<p><img decoding=\"async\" src=\"https:\/\/img.kiosko.net\/2025\/06\/20\/ar\/ar_gaceta.jpg\" \/><\/p>\n<p><img decoding=\"async\" src=\"https:\/\/img.kiosko.net\/2025\/06\/20\/ar\/ar_cronica.jpg\" \/><\/p>\n<p><img decoding=\"async\" loading=\"lazy\" class=\"aligncenter size-full wp-image-693399\" src=\"https:\/\/www.diario5.com.ar\/wp-content\/uploads\/2025\/06\/ar_clarin20250620.jpg\" width=\"700\" height=\"977\" srcset=\"https:\/\/www.diario5.com.ar\/wp-content\/uploads\/2025\/06\/ar_clarin20250620.jpg 700w, https:\/\/www.diario5.com.ar\/wp-content\/uploads\/2025\/06\/ar_clarin20250620-215x300.jpg 215w\" sizes=\"(max-width: 700px) 100vw, 700px\" \/><\/p>\n<p><img decoding=\"async\" loading=\"lazy\" class=\"aligncenter size-full wp-image-693400\" src=\"https:\/\/www.diario5.com.ar\/wp-content\/uploads\/2025\/06\/nacion20250620.jpg\" width=\"700\" height=\"1056\" srcset=\"https:\/\/www.diario5.com.ar\/wp-content\/uploads\/2025\/06\/nacion20250620.jpg 700w, https:\/\/www.diario5.com.ar\/wp-content\/uploads\/2025\/06\/nacion20250620-199x300.jpg 199w, https:\/\/www.diario5.com.ar\/wp-content\/uploads\/2025\/06\/nacion20250620-679x1024.jpg 679w\" sizes=\"(max-width: 700px) 100vw, 700px\" \/><\/p>\n<p><img decoding=\"async\" src=\"https:\/\/img.kiosko.net\/2025\/06\/20\/ar\/ar_eco.jpg\" \/><\/p>\n<p><img decoding=\"async\" src=\"https:\/\/img.kiosko.net\/2025\/06\/20\/ar\/nuevo_diario.jpg\" \/><\/p>\n<p><img decoding=\"async\" src=\"https:\/\/img.kiosko.net\/2025\/06\/20\/ar\/sureno.jpg\" \/><\/p>\n<p><img decoding=\"async\" loading=\"lazy\" class=\"aligncenter size-full wp-image-693394\" src=\"https:\/\/www.diario5.com.ar\/wp-content\/uploads\/2025\/06\/ar_ancasti20250620.jpg\" width=\"700\" height=\"950\" srcset=\"https:\/\/www.diario5.com.ar\/wp-content\/uploads\/2025\/06\/ar_ancasti20250620.jpg 700w, https:\/\/www.diario5.com.ar\/wp-content\/uploads\/2025\/06\/ar_ancasti20250620-221x300.jpg 221w\" sizes=\"(max-width: 700px) 100vw, 700px\" \/><\/p>\n<p><img decoding=\"async\" src=\"https:\/\/img.kiosko.net\/2025\/06\/20\/ar\/tiempo_sur.jpg\" \/><\/p>\n<p><img decoding=\"async\" src=\"https:\/\/img.kiosko.net\/2025\/06\/20\/uy\/ar\/tiempo_argentino.jpg\" \/><\/p>\n<p><img decoding=\"async\" src=\"https:\/\/img.kiosko.net\/2025\/06\/20\/ar\/ar_epoca.jpg\" \/><\/p>\n<p><img decoding=\"async\" src=\"https:\/\/img.kiosko.net\/2025\/06\/20\/ar\/ar_elsol.jpg\" \/><\/p>\n<p><img decoding=\"async\" src=\"https:\/\/img.kiosko.net\/2025\/06\/20\/ar\/ar_01.jpg\" \/><\/p>\n<p><img decoding=\"async\" src=\"https:\/\/img.kiosko.net\/2025\/06\/20\/ar\/ar_02.jpg\" \/><\/p>\n<p><img decoding=\"async\" src=\"https:\/\/img.kiosko.net\/2025\/06\/20\/ar\/ar_03.jpg\" \/><\/p>\n<p><img decoding=\"async\" src=\"https:\/\/img.kiosko.net\/2025\/06\/20\/ar\/ar_04.jpg\" \/><\/p>\n<p><img decoding=\"async\" src=\"https:\/\/img.kiosko.net\/2025\/06\/20\/ar\/ar_05.jpg\" \/><\/p>\n<p>&nbsp;<\/p>","protected":false},"excerpt":{"rendered":"<p>El cambio en la promesa de lealtad a la bandera que pocos notaron Durante d\u00e9cadas, los chicos argentinos juraron lealtad a la Bandera Nacional con una f\u00f3rmula larga, ampulosa, cargada de palabras que mezclaban idealismo, civismo y una cierta emoci\u00f3n de manual. Para muchos, el momento m\u00e1s esperado era poder gritar bien fuerte \u00ab\u00a1S\u00ed, prometo!\u00bb [&hellip;]<\/p>","protected":false},"author":27,"featured_media":693393,"comment_status":"open","ping_status":"open","sticky":false,"template":"","format":"standard","meta":[],"categories":[26,52,56],"tags":[3218,3228,1177,3246,3238,883,474,3245,3237,630,3242,958,988,3233,3232,1718,3205,27,3251,3227,2337,3247,3244,3241,1682,3243,3150,3235,1315,3249,3234,2362,2382,3226,3229,1874,3239,3231,3240,3236,3248,3250,3230],"series":[],"_links":{"self":[{"href":"https:\/\/www.diario5.com.ar\/es\/wp-json\/wp\/v2\/posts\/692281"}],"collection":[{"href":"https:\/\/www.diario5.com.ar\/es\/wp-json\/wp\/v2\/posts"}],"about":[{"href":"https:\/\/www.diario5.com.ar\/es\/wp-json\/wp\/v2\/types\/post"}],"author":[{"embeddable":true,"href":"https:\/\/www.diario5.com.ar\/es\/wp-json\/wp\/v2\/users\/27"}],"replies":[{"embeddable":true,"href":"https:\/\/www.diario5.com.ar\/es\/wp-json\/wp\/v2\/comments?post=692281"}],"version-history":[{"count":3,"href":"https:\/\/www.diario5.com.ar\/es\/wp-json\/wp\/v2\/posts\/692281\/revisions"}],"predecessor-version":[{"id":693390,"href":"https:\/\/www.diario5.com.ar\/es\/wp-json\/wp\/v2\/posts\/692281\/revisions\/693390"}],"wp:featuredmedia":[{"embeddable":true,"href":"https:\/\/www.diario5.com.ar\/es\/wp-json\/wp\/v2\/media\/693393"}],"wp:attachment":[{"href":"https:\/\/www.diario5.com.ar\/es\/wp-json\/wp\/v2\/media?parent=692281"}],"wp:term":[{"taxonomy":"category","embeddable":true,"href":"https:\/\/www.diario5.com.ar\/es\/wp-json\/wp\/v2\/categories?post=692281"},{"taxonomy":"post_tag","embeddable":true,"href":"https:\/\/www.diario5.com.ar\/es\/wp-json\/wp\/v2\/tags?post=692281"},{"taxonomy":"series","embeddable":true,"href":"https:\/\/www.diario5.com.ar\/es\/wp-json\/wp\/v2\/series?post=692281"}],"curies":[{"name":"wp","href":"https:\/\/api.w.org\/{rel}","templated":true}]}}