{"id":692279,"date":"2025-06-18T06:11:00","date_gmt":"2025-06-18T09:11:00","guid":{"rendered":"http:\/\/diario5.com.ar\/?p=692279"},"modified":"2025-06-18T06:14:34","modified_gmt":"2025-06-18T09:14:34","slug":"692279","status":"publish","type":"post","link":"https:\/\/www.diario5.com.ar\/es\/692279\/","title":{"rendered":"Amnesty contra el ciberpatrullaje"},"content":{"rendered":"<h2 class=\"sub-title-primary\"><\/h2> <p><img decoding=\"async\" loading=\"lazy\" class=\"alignnone size-full wp-image-693367\" src=\"https:\/\/www.diario5.com.ar\/wp-content\/uploads\/2025\/06\/amnesty_ciberpatrullaje.jpg\" alt=\"\" width=\"886\" height=\"648\" srcset=\"https:\/\/www.diario5.com.ar\/wp-content\/uploads\/2025\/06\/amnesty_ciberpatrullaje.jpg 886w, https:\/\/www.diario5.com.ar\/wp-content\/uploads\/2025\/06\/amnesty_ciberpatrullaje-300x219.jpg 300w, https:\/\/www.diario5.com.ar\/wp-content\/uploads\/2025\/06\/amnesty_ciberpatrullaje-768x562.jpg 768w\" sizes=\"(max-width: 886px) 100vw, 886px\" \/><\/p>\n<p>En septiembre de 2024, la campa\u00f1a de Amnist\u00eda Internacional contra el ciberpatrullaje lleg\u00f3 un momento justo para los derechos digitales: la organizaci\u00f3n alerta sobre los riesgos reales que la vigilancia policial masiva en redes sociales representa para derechos fundamentales como la privacidad, la libertad de expresi\u00f3n y de asociaci\u00f3n. El llamado se centra en la urgencia de regular estas pr\u00e1cticas que muchas veces se desarrollan sin marco legal ni control judicial, un vac\u00edo que convierte tareas justificadas de seguridad en acciones de inteligencia policial arbitraria<\/p>\n<p>El informe, distribuido en septiembre de 2024, define el ciberpatrullaje como \u201cmonitoreo, observaci\u00f3n y an\u00e1lisis de informaci\u00f3n p\u00fablica en fuentes digitales abiertas\u201d (OSINT\/SOCMINT), empleado por fuerzas de seguridad para identificar acontecimientos que puedan afectar la seguridad interior Sin embargo, tal como se\u00f1al\u00f3 Datysoc, estos m\u00e9todos, que abarcan desde perfiles falsos hasta rastreo de redes, carecen de regulaci\u00f3n clara y exceden el prop\u00f3sito de prevenci\u00f3n, convirti\u00e9ndose en inteligencia policial sin control ni transparencia<\/p>\n<p><img decoding=\"async\" loading=\"lazy\" class=\"aligncenter size-full wp-image-693371\" src=\"https:\/\/www.diario5.com.ar\/wp-content\/uploads\/2025\/06\/cyberpunk-robot-criminal-hacker-ilustracion-digital-ciencia-ficcion-craneo-enfrentado-cyborg-pelo-mohawk_379823-332020250618.jpg\" width=\"626\" height=\"626\" srcset=\"https:\/\/www.diario5.com.ar\/wp-content\/uploads\/2025\/06\/cyberpunk-robot-criminal-hacker-ilustracion-digital-ciencia-ficcion-craneo-enfrentado-cyborg-pelo-mohawk_379823-332020250618.jpg 626w, https:\/\/www.diario5.com.ar\/wp-content\/uploads\/2025\/06\/cyberpunk-robot-criminal-hacker-ilustracion-digital-ciencia-ficcion-craneo-enfrentado-cyborg-pelo-mohawk_379823-332020250618-300x300.jpg 300w, https:\/\/www.diario5.com.ar\/wp-content\/uploads\/2025\/06\/cyberpunk-robot-criminal-hacker-ilustracion-digital-ciencia-ficcion-craneo-enfrentado-cyborg-pelo-mohawk_379823-332020250618-150x150.jpg 150w\" sizes=\"(max-width: 626px) 100vw, 626px\" \/><\/p>\n<p>Lo alarmante es que esta vigilancia no se limita a sospechosos, sino que alcanza, a veces sin filtros, a periodistas, manifestantes, activistas o adolescentes, generando efectos disuasivos sobre la libertad de expresi\u00f3n y asociaci\u00f3n En un conocido caso, la investigaci\u00f3n inapropiada a un trabajador de prensa y la detenci\u00f3n err\u00f3nea de un adolescente revelan que el ciberpatrullaje se realiza sin protocolos ni l\u00edmites, y con consecuencias directas en la vida de las personas<\/p>\n<p>Frente a este escenario, Amnist\u00eda propone una bater\u00eda de recomendaciones que merece la m\u00e1xima atenci\u00f3n: definir claramente por ley qu\u00e9 actividades constituyen inteligencia versus prevenci\u00f3n del delito, delimitar qu\u00e9 plataformas digitales pueden ser monitoreadas, y requerir control judicial previo cuando se trate de informaci\u00f3n personal sensible Asimismo, pide establecer transparencia activa de las actividades de vigilancia y protocolos para el uso de perfiles falsos o seguimiento, junto con sanciones a quienes incumplan estos est\u00e1ndares<\/p>\n<p>Amnist\u00eda subraya que el objetivo del ciberpatrullaje \u2014seguridad\u2014 no justifica, por s\u00ed solo, la erosi\u00f3n de derechos democr\u00e1ticos. Solicita normas que garanticen necesidad, proporcionalidad y supervisi\u00f3n judicial, evitando que la expansi\u00f3n del monitoreo digital se descontrole y amenace principios b\u00e1sicos del Estado de Derecho<\/p>\n<p><strong>\u00bfDe qu\u00e9 se trata la advertencia?<\/strong><\/p>\n<p>Como hablamos del <em>monitoreo masivo de redes sociales y fuentes abiertas por parte de las fuerzas de seguridad sin un marco jur\u00eddico claro ni control judicial previo, <\/em>la organizaci\u00f3n advierte que estas pr\u00e1cticas, si bien se presentan como necesarias para la seguridad p\u00fablica, frecuentemente cruzan la delgada l\u00ednea entre prevenci\u00f3n del delito y vigilancia arbitraria, afectando derechos fundamentales como la privacidad, la libertad de expresi\u00f3n, asociaci\u00f3n y, en algunos casos, incluso el derecho al debido proceso.<\/p>\n<p><img decoding=\"async\" loading=\"lazy\" class=\"aligncenter size-full wp-image-693372\" src=\"https:\/\/www.diario5.com.ar\/wp-content\/uploads\/2025\/06\/niwj1nyd20250618.jpeg\" width=\"580\" height=\"580\" srcset=\"https:\/\/www.diario5.com.ar\/wp-content\/uploads\/2025\/06\/niwj1nyd20250618.jpeg 580w, https:\/\/www.diario5.com.ar\/wp-content\/uploads\/2025\/06\/niwj1nyd20250618-300x300.jpeg 300w, https:\/\/www.diario5.com.ar\/wp-content\/uploads\/2025\/06\/niwj1nyd20250618-150x150.jpeg 150w\" sizes=\"(max-width: 580px) 100vw, 580px\" \/>El informe define con precisi\u00f3n el alcance de estas acciones: ingenier\u00eda social, perfiles falsos, recolecci\u00f3n de datos personales y an\u00e1lisis de comportamiento. En la pr\u00e1ctica, esta forma de inteligencia digital se aplica sin protocolos transparentes y a menudo alcanza a periodistas, activistas, adolescentes y ciudadanos sin v\u00ednculo con actividades il\u00edcitas Amnist\u00eda cita casos concretos de investigaciones err\u00f3neas motivadas por algoritmos o monitoreo sin justificaci\u00f3n, lo que provoca da\u00f1os reales: hostigamiento, desconexi\u00f3n de espacios p\u00fablicos y, en ocasiones, detenciones infundadas.<\/p>\n<p>La campa\u00f1a propone una serie de medidas concretas que merecen especial atenci\u00f3n desde el enfoque period\u00edstico. Reclama que el Congreso tipifique legalmente el ciberpatrullaje, diferenci\u00e1ndolo claramente de actividades preventivas, y que establezca l\u00edmites sobre qu\u00e9 datos y plataformas pueden utilizarse. Adem\u00e1s, exige un control judicial antes de recolectar datos sensibles y una auditor\u00eda p\u00fablica sobre los procedimientos y perfiles falsos usados. Estas iniciativas no surgen de la nada: en Europa la Corte Europea de Derechos Humanos y regulaciones como el RGPD exigen principios similares de necesidad, proporcionalidad y supervisi\u00f3n de la vigilancia digital.<\/p>\n<p>En la Argentina, el panorama es preocupante. Las fallas del sistema de justicia y la falta de un organismo independiente de supervisi\u00f3n permiten que la tecnolog\u00eda se use sin l\u00edmites. Amnist\u00eda subraya la necesidad de normas que garanticen transparencia activa y sanciones para evitar abusos. Adem\u00e1s, recomienda protocolos para proteger periodistas y activistas digitales, incluyendo un entrenamiento espec\u00edfico en seguridad digital y anonimato, alineados con medidas de cifrado, autenticaci\u00f3n robusta y dispositivos protegidos<\/p>\n<p>En un entorno en el que Google, Facebook y servicios de inteligencia digital acumulan gigantescas bases de datos, dejar el monitoreo policial sin reglas es abrir una puerta peligrosa a una forma moderna de abuso. La campa\u00f1a de Amnist\u00eda refuerza el diagn\u00f3stico: el debate sobre ciberpatrullaje no es solo t\u00e9cnico, es pol\u00edtico y cultural. Al proponer l\u00edmites claros, controles judiciales y transparencia, busca que la Argentina se incorpore a un rango internacional donde los derechos digitales no dependan de la buena voluntad de los gobiernos, sino de marcos normativos s\u00f3lidos y de corte democr\u00e1tico.<\/p>\n<p data-start=\"3524\" data-end=\"4032\">En nuestro pa\u00eds, donde las deficiencias del sistema judicial se combinan con una d\u00e9bil fiscalizaci\u00f3n institucional, el riesgo es mayor. Amnist\u00eda llama a proteger a los comunicadores tanto profesionales como vocacionales. Propone capacitaci\u00f3n espec\u00edfica en seguridad digital, anonimato y protecci\u00f3n de dispositivos. Todo esto en un entorno donde gigantes tecnol\u00f3gicos como Google y Meta concentran enormes vol\u00famenes de datos, y la vigilancia estatal puede convertirse en un terreno f\u00e9rtil para abusos.<\/p>\n<p data-start=\"4034\" data-end=\"4371\">El mensaje es claro: el debate sobre ciberpatrullaje no es t\u00e9cnico, sino pol\u00edtico y cultural. Requiere reglas, transparencia y l\u00edmites. No alcanza con confiar en la buena voluntad de los gobiernos.<\/p>\n<p data-start=\"4034\" data-end=\"4371\">Estar\u00edamos necesitando una consulta popular -quiz\u00e1s, a trav\u00e9s de una encuesta seria-\u00a0 que nos deje comprender si la Argentina integra (o no) el conjunto de pa\u00edses que entienden los derechos digitales como parte indivisible de los derechos humanos.<\/p>\n<p>&nbsp;<\/p>\n<p>INFORME COMPLETO:<\/p>\n<p>https:\/\/amnistia.org.ar\/wp-content\/uploads\/delightful-downloads\/2024\/09\/AMNISTIA_Ciberpatrullaje-22092024-1.pdf<\/p>\n<p>&nbsp;<\/p>\n<p>&nbsp;<\/p>\n<p><img decoding=\"async\" src=\"https:\/\/img.kiosko.net\/2025\/06\/18\/ar\/dia_gualeguaychu.jpg\" \/><\/p>\n<p><img decoding=\"async\" src=\"https:\/\/img.kiosko.net\/2025\/06\/18\/ar\/ar_nueva_provincia.jpg\" \/><\/p>\n<p><img decoding=\"async\" src=\"https:\/\/img.kiosko.net\/2025\/06\/18\/ar\/ar_ancasti.jpg\" \/><\/p>\n<p><img decoding=\"async\" src=\"https:\/\/img.kiosko.net\/2025\/06\/18\/ar\/ar_esquiu.jpg\" \/><\/p>\n<p><img decoding=\"async\" src=\"https:\/\/img.kiosko.net\/2025\/06\/18\/ar\/ar_diario_norte.jpg\" \/><\/p>\n<p><img decoding=\"async\" loading=\"lazy\" class=\"aligncenter size-full wp-image-693373\" src=\"https:\/\/www.diario5.com.ar\/wp-content\/uploads\/2025\/06\/voz_chaco20250618.jpg\" width=\"700\" height=\"816\" srcset=\"https:\/\/www.diario5.com.ar\/wp-content\/uploads\/2025\/06\/voz_chaco20250618.jpg 700w, https:\/\/www.diario5.com.ar\/wp-content\/uploads\/2025\/06\/voz_chaco20250618-257x300.jpg 257w\" sizes=\"(max-width: 700px) 100vw, 700px\" \/><\/p>\n<p><img decoding=\"async\" src=\"https:\/\/img.kiosko.net\/2025\/06\/18\/ar\/ar_diario_madryn.jpg\" \/><\/p>\n<p><img decoding=\"async\" src=\"https:\/\/img.kiosko.net\/2025\/06\/18\/ar\/ar_laprensa.jpg\" \/><\/p>\n<p><img decoding=\"async\" loading=\"lazy\" class=\"aligncenter size-full wp-image-693374\" src=\"https:\/\/www.diario5.com.ar\/wp-content\/uploads\/2025\/06\/ar_cronista20250618.jpg\" width=\"700\" height=\"1009\" srcset=\"https:\/\/www.diario5.com.ar\/wp-content\/uploads\/2025\/06\/ar_cronista20250618.jpg 700w, https:\/\/www.diario5.com.ar\/wp-content\/uploads\/2025\/06\/ar_cronista20250618-208x300.jpg 208w\" sizes=\"(max-width: 700px) 100vw, 700px\" \/><\/p>\n<p><img decoding=\"async\" src=\"https:\/\/img.kiosko.net\/2025\/06\/18\/ar\/buenosaires_economico.jpg\" \/><\/p>\n<p><img decoding=\"async\" src=\"https:\/\/img.kiosko.net\/2025\/06\/18\/ar\/ar_perfil.jpg\" \/><\/p>\n<p><img decoding=\"async\" loading=\"lazy\" class=\"aligncenter size-full wp-image-693375\" src=\"https:\/\/www.diario5.com.ar\/wp-content\/uploads\/2025\/06\/ar_eldia20250618.jpg\" width=\"700\" height=\"1035\" srcset=\"https:\/\/www.diario5.com.ar\/wp-content\/uploads\/2025\/06\/ar_eldia20250618.jpg 700w, https:\/\/www.diario5.com.ar\/wp-content\/uploads\/2025\/06\/ar_eldia20250618-203x300.jpg 203w, https:\/\/www.diario5.com.ar\/wp-content\/uploads\/2025\/06\/ar_eldia20250618-693x1024.jpg 693w\" sizes=\"(max-width: 700px) 100vw, 700px\" \/><\/p>\n<p><img decoding=\"async\" src=\"https:\/\/img.kiosko.net\/2025\/06\/18\/ar\/ar_hoy.jpg\" \/><\/p>\n<p><img decoding=\"async\" src=\"https:\/\/img.kiosko.net\/2025\/06\/18\/ar\/ar_democracia.jpg\" \/><\/p>\n<p><img decoding=\"async\" loading=\"lazy\" class=\"aligncenter size-full wp-image-693376\" src=\"https:\/\/www.diario5.com.ar\/wp-content\/uploads\/2025\/06\/ar_chubut20250618.jpg\" width=\"700\" height=\"896\" srcset=\"https:\/\/www.diario5.com.ar\/wp-content\/uploads\/2025\/06\/ar_chubut20250618.jpg 700w, https:\/\/www.diario5.com.ar\/wp-content\/uploads\/2025\/06\/ar_chubut20250618-234x300.jpg 234w\" sizes=\"(max-width: 700px) 100vw, 700px\" \/><\/p>\n<p><img decoding=\"async\" src=\"https:\/\/img.kiosko.net\/2025\/06\/18\/ar\/ar_epoca.jpg\" \/><\/p>\n<p><img decoding=\"async\" src=\"https:\/\/img.kiosko.net\/2025\/06\/18\/ar\/ar_litoral.jpg\" \/><\/p>\n<p><img decoding=\"async\" src=\"https:\/\/img.kiosko.net\/2025\/06\/18\/ar\/ar_heraldo.jpg\" \/><\/p>\n<p><img decoding=\"async\" src=\"https:\/\/img.kiosko.net\/2025\/06\/18\/ar\/ar_manana_formosa.jpg\" \/><\/p>\n<p><img decoding=\"async\" src=\"https:\/\/img.kiosko.net\/2025\/06\/18\/ar\/ar_diario_pampa.jpg\" \/><\/p>\n<p><img decoding=\"async\" src=\"https:\/\/img.kiosko.net\/2025\/06\/18\/ar\/ar_pagina12.jpg\" \/><\/p>\n<p><img decoding=\"async\" src=\"https:\/\/img.kiosko.net\/2025\/06\/18\/ar\/ar_arena.jpg\" \/><\/p>\n<p><img decoding=\"async\" src=\"https:\/\/img.kiosko.net\/2025\/06\/18\/ar\/independiente.jpg\" \/><\/p>\n<p><img decoding=\"async\" src=\"https:\/\/img.kiosko.net\/2025\/06\/18\/ar\/nueva_rioja.jpg\" \/><\/p>\n<p><img decoding=\"async\" src=\"https:\/\/img.kiosko.net\/2025\/06\/18\/ar\/ar_losandes.jpg\" \/><\/p>\n<p><img decoding=\"async\" src=\"https:\/\/img.kiosko.net\/2025\/06\/18\/ar\/ar_tribuno.jpg\" \/><\/p>\n<p><img decoding=\"async\" src=\"https:\/\/img.kiosko.net\/2025\/06\/18\/ar\/lea.jpg\" \/><\/p>\n<p><img decoding=\"async\" src=\"https:\/\/img.kiosko.net\/2025\/06\/18\/ar\/ar_nuevo_diario.jpg\" \/><\/p>\n<p><img decoding=\"async\" src=\"https:\/\/img.kiosko.net\/2025\/06\/18\/ar\/ar_diario_cuyo.jpg\" \/><\/p>\n<p><img decoding=\"async\" src=\"https:\/\/img.kiosko.net\/2025\/06\/18\/ar\/huarpe.jpg\" \/><\/p>\n<p><img decoding=\"async\" src=\"https:\/\/img.kiosko.net\/2025\/06\/18\/ar\/ar_diario_republica.jpg\" \/><\/p>\n<p><img decoding=\"async\" src=\"https:\/\/img.kiosko.net\/2025\/06\/18\/ar\/ar_litoral_sfe.jpg\" \/><\/p>\n<p><img decoding=\"async\" src=\"https:\/\/img.kiosko.net\/2025\/06\/18\/ar\/ciudadano.jpg\" \/><\/p>\n<p><img decoding=\"async\" src=\"https:\/\/img.kiosko.net\/2025\/06\/18\/ar\/ar_mirador_provincial.jpg\" \/><\/p>\n<p><img decoding=\"async\" src=\"https:\/\/img.kiosko.net\/2025\/06\/18\/ar\/ar_gaceta.jpg\" \/><\/p>\n<p><img decoding=\"async\" src=\"https:\/\/img.kiosko.net\/2025\/06\/18\/ar\/ar_cronica.jpg\" \/><\/p>\n<p><img decoding=\"async\" loading=\"lazy\" class=\"aligncenter size-full wp-image-693377\" src=\"https:\/\/www.diario5.com.ar\/wp-content\/uploads\/2025\/06\/ar_clarin20250618.jpg\" width=\"700\" height=\"977\" srcset=\"https:\/\/www.diario5.com.ar\/wp-content\/uploads\/2025\/06\/ar_clarin20250618.jpg 700w, https:\/\/www.diario5.com.ar\/wp-content\/uploads\/2025\/06\/ar_clarin20250618-215x300.jpg 215w\" sizes=\"(max-width: 700px) 100vw, 700px\" \/><\/p>\n<p><img decoding=\"async\" src=\"https:\/\/img.kiosko.net\/2025\/06\/18\/ar\/nacion.jpg\" \/><\/p>\n<p><img decoding=\"async\" src=\"https:\/\/img.kiosko.net\/2025\/06\/18\/ar\/ar_eco.jpg\" \/><\/p>\n<p><img decoding=\"async\" src=\"https:\/\/img.kiosko.net\/2025\/06\/18\/ar\/nuevo_diario.jpg\" \/><\/p>\n<p><img decoding=\"async\" src=\"https:\/\/img.kiosko.net\/2025\/06\/18\/ar\/sureno.jpg\" \/><\/p>\n<p><img decoding=\"async\" src=\"https:\/\/img.kiosko.net\/2025\/06\/18\/ar\/ar_ancasti.jpg\" \/><\/p>\n<p><img decoding=\"async\" src=\"https:\/\/img.kiosko.net\/2025\/06\/18\/ar\/tiempo_sur.jpg\" \/><\/p>\n<p><img decoding=\"async\" src=\"https:\/\/img.kiosko.net\/2025\/06\/18\/uy\/ar\/tiempo_argentino.jpg\" \/><\/p>\n<p><img decoding=\"async\" src=\"https:\/\/img.kiosko.net\/2025\/06\/18\/ar\/ar_epoca.jpg\" \/><\/p>\n<p><img decoding=\"async\" src=\"https:\/\/img.kiosko.net\/2025\/06\/18\/ar\/ar_elsol.jpg\" \/><\/p>\n<p><img decoding=\"async\" src=\"https:\/\/img.kiosko.net\/2025\/06\/18\/ar\/ar_01.jpg\" \/><\/p>\n<p><img decoding=\"async\" src=\"https:\/\/img.kiosko.net\/2025\/06\/18\/ar\/ar_02.jpg\" \/><\/p>\n<p><img decoding=\"async\" src=\"https:\/\/img.kiosko.net\/2025\/06\/18\/ar\/ar_03.jpg\" \/><\/p>\n<p><img decoding=\"async\" src=\"https:\/\/img.kiosko.net\/2025\/06\/18\/ar\/ar_04.jpg\" \/><\/p>\n<p><img decoding=\"async\" src=\"https:\/\/img.kiosko.net\/2025\/06\/18\/ar\/ar_05.jpg\" \/><\/p>\n<p>&nbsp;<\/p>","protected":false},"excerpt":{"rendered":"<p>En septiembre de 2024, la campa\u00f1a de Amnist\u00eda Internacional contra el ciberpatrullaje lleg\u00f3 un momento justo para los derechos digitales: la organizaci\u00f3n alerta sobre los riesgos reales que la vigilancia policial masiva en redes sociales representa para derechos fundamentales como la privacidad, la libertad de expresi\u00f3n y de asociaci\u00f3n. El llamado se centra en la [&hellip;]<\/p>","protected":false},"author":27,"featured_media":693367,"comment_status":"open","ping_status":"open","sticky":false,"template":"","format":"standard","meta":[],"categories":[485,3105,56,98],"tags":[1160,3200,3190,1177,2920,3197,3191,3201,2839,3203,3196,1297,1300,2922,1993,3198,3202,3194,71,3195,3135,2788,3193,3199,567,537,2904,3192],"series":[],"_links":{"self":[{"href":"https:\/\/www.diario5.com.ar\/es\/wp-json\/wp\/v2\/posts\/692279"}],"collection":[{"href":"https:\/\/www.diario5.com.ar\/es\/wp-json\/wp\/v2\/posts"}],"about":[{"href":"https:\/\/www.diario5.com.ar\/es\/wp-json\/wp\/v2\/types\/post"}],"author":[{"embeddable":true,"href":"https:\/\/www.diario5.com.ar\/es\/wp-json\/wp\/v2\/users\/27"}],"replies":[{"embeddable":true,"href":"https:\/\/www.diario5.com.ar\/es\/wp-json\/wp\/v2\/comments?post=692279"}],"version-history":[{"count":4,"href":"https:\/\/www.diario5.com.ar\/es\/wp-json\/wp\/v2\/posts\/692279\/revisions"}],"predecessor-version":[{"id":693370,"href":"https:\/\/www.diario5.com.ar\/es\/wp-json\/wp\/v2\/posts\/692279\/revisions\/693370"}],"wp:featuredmedia":[{"embeddable":true,"href":"https:\/\/www.diario5.com.ar\/es\/wp-json\/wp\/v2\/media\/693367"}],"wp:attachment":[{"href":"https:\/\/www.diario5.com.ar\/es\/wp-json\/wp\/v2\/media?parent=692279"}],"wp:term":[{"taxonomy":"category","embeddable":true,"href":"https:\/\/www.diario5.com.ar\/es\/wp-json\/wp\/v2\/categories?post=692279"},{"taxonomy":"post_tag","embeddable":true,"href":"https:\/\/www.diario5.com.ar\/es\/wp-json\/wp\/v2\/tags?post=692279"},{"taxonomy":"series","embeddable":true,"href":"https:\/\/www.diario5.com.ar\/es\/wp-json\/wp\/v2\/series?post=692279"}],"curies":[{"name":"wp","href":"https:\/\/api.w.org\/{rel}","templated":true}]}}