{"id":692278,"date":"2025-06-17T06:11:00","date_gmt":"2025-06-17T09:11:00","guid":{"rendered":"http:\/\/diario5.com.ar\/?p=692278"},"modified":"2025-06-17T21:08:02","modified_gmt":"2025-06-18T00:08:02","slug":"692278","status":"publish","type":"post","link":"https:\/\/www.diario5.com.ar\/es\/692278\/","title":{"rendered":"El siglo de la Estable"},"content":{"rendered":"<h2 class=\"sub-title-primary\"><\/h2> <p><img decoding=\"async\" loading=\"lazy\" class=\"aligncenter size-full wp-image-693355\" src=\"https:\/\/www.diario5.com.ar\/wp-content\/uploads\/2025\/06\/orquesta-academica20250617.jpg\" width=\"700\" height=\"393\" srcset=\"https:\/\/www.diario5.com.ar\/wp-content\/uploads\/2025\/06\/orquesta-academica20250617.jpg 700w, https:\/\/www.diario5.com.ar\/wp-content\/uploads\/2025\/06\/orquesta-academica20250617-300x168.jpg 300w\" sizes=\"(max-width: 700px) 100vw, 700px\" \/><\/p>\n<p>El Teatro Col\u00f3n celebr\u00f3 los cien a\u00f1os de su orquesta, coro y ballet estables con una ceremonia en el Sal\u00f3n Dorado que incluy\u00f3 la presentaci\u00f3n de un libro conmemorativo editado por el propio coliseo. Lejos de los discursos oficiales cargados de entusiasmo institucional, el hecho concreto es que se cumple un siglo desde que el principal escenario argentino decidi\u00f3 conformar sus propios cuerpos art\u00edsticos, lo que pgener\u00f3 que se dejara de exclusivamente de talentos internacionales.<\/p>\n<p>El plan era consolidar una identidad art\u00edstica local.<\/p>\n<p>Y se logr\u00f3<\/p>\n<p>Desde su creaci\u00f3n, los Elencos Estables fueron responsables de sostener la calidad de las temporadas del Col\u00f3n. Hoy parece todo autom\u00e1tico pero eso de ofrecer \u00f3peras, conciertos y espect\u00e1culos de danza con continuidad y solvencia t\u00e9cnica jam\u00e1s lo fue.<\/p>\n<p>Esa decisi\u00f3n fue tomada entre 1924 y 1925. El teatro asumi\u00f3 que la mayor\u00eda de las producciones ser\u00edan propias. Formar generaciones de m\u00fasicos, coreutas y bailarines vino de la mano. Era el camino correcto.<\/p>\n<p>Pr\u00e1cticamente, todas las generaciones de liderazgo del teatro dejaron huella en la vida cultural porte\u00f1a. Y la incorporaci\u00f3n reciente de Julio Bocca como director del Ballet Estable marca -indefectiblemente- un cap\u00edtulo de trazo fuerte para el cuerpo art\u00edstico m\u00e1s emblem\u00e1tico del pa\u00eds.<\/p>\n<p>El Col\u00f3n sigue demostrando que una pol\u00edtica cultural sostenida en el tiempo no necesita de grandes anuncios, sino de compromiso y trabajo permanente. Hay un buen comando y siempre debe haberlo. En tiempos de recortes y debates sobre el rol del Estado en la cultura, que una instituci\u00f3n cumpla cien a\u00f1os en funciones activas y con un cuerpo art\u00edstico propio es, sin dudas, un hito para destacar.<\/p>\n<p>&nbsp;<\/p>\n<p><img decoding=\"async\" loading=\"lazy\" class=\"aligncenter size-full wp-image-693356\" src=\"https:\/\/www.diario5.com.ar\/wp-content\/uploads\/2025\/06\/voz_chaco20250617.jpg\" width=\"700\" height=\"816\" srcset=\"https:\/\/www.diario5.com.ar\/wp-content\/uploads\/2025\/06\/voz_chaco20250617.jpg 700w, https:\/\/www.diario5.com.ar\/wp-content\/uploads\/2025\/06\/voz_chaco20250617-257x300.jpg 257w\" sizes=\"(max-width: 700px) 100vw, 700px\" \/><\/p>\n<p><img decoding=\"async\" loading=\"lazy\" class=\"aligncenter size-full wp-image-693357\" src=\"https:\/\/www.diario5.com.ar\/wp-content\/uploads\/2025\/06\/ar_cronista20250617.jpg\" width=\"700\" height=\"1006\" srcset=\"https:\/\/www.diario5.com.ar\/wp-content\/uploads\/2025\/06\/ar_cronista20250617.jpg 700w, https:\/\/www.diario5.com.ar\/wp-content\/uploads\/2025\/06\/ar_cronista20250617-209x300.jpg 209w\" sizes=\"(max-width: 700px) 100vw, 700px\" \/><\/p>\n<p><img decoding=\"async\" loading=\"lazy\" class=\"aligncenter size-full wp-image-693358\" src=\"https:\/\/www.diario5.com.ar\/wp-content\/uploads\/2025\/06\/ar_eldia20250617.jpg\" width=\"700\" height=\"1004\" srcset=\"https:\/\/www.diario5.com.ar\/wp-content\/uploads\/2025\/06\/ar_eldia20250617.jpg 700w, https:\/\/www.diario5.com.ar\/wp-content\/uploads\/2025\/06\/ar_eldia20250617-209x300.jpg 209w\" sizes=\"(max-width: 700px) 100vw, 700px\" \/><\/p>\n<p><img decoding=\"async\" loading=\"lazy\" class=\"aligncenter size-full wp-image-693359\" src=\"https:\/\/www.diario5.com.ar\/wp-content\/uploads\/2025\/06\/ar_hoy20250617.jpg\" width=\"700\" height=\"895\" srcset=\"https:\/\/www.diario5.com.ar\/wp-content\/uploads\/2025\/06\/ar_hoy20250617.jpg 700w, https:\/\/www.diario5.com.ar\/wp-content\/uploads\/2025\/06\/ar_hoy20250617-235x300.jpg 235w\" sizes=\"(max-width: 700px) 100vw, 700px\" \/><\/p>\n<p><img decoding=\"async\" loading=\"lazy\" class=\"aligncenter size-full wp-image-693360\" src=\"https:\/\/www.diario5.com.ar\/wp-content\/uploads\/2025\/06\/ar_chubut20250617.jpg\" width=\"700\" height=\"903\" srcset=\"https:\/\/www.diario5.com.ar\/wp-content\/uploads\/2025\/06\/ar_chubut20250617.jpg 700w, https:\/\/www.diario5.com.ar\/wp-content\/uploads\/2025\/06\/ar_chubut20250617-233x300.jpg 233w\" sizes=\"(max-width: 700px) 100vw, 700px\" \/><\/p>\n<p><img decoding=\"async\" loading=\"lazy\" class=\"aligncenter size-full wp-image-693362\" src=\"https:\/\/www.diario5.com.ar\/wp-content\/uploads\/2025\/06\/ar_litoral_sfe20250617.jpg\" width=\"700\" height=\"923\" srcset=\"https:\/\/www.diario5.com.ar\/wp-content\/uploads\/2025\/06\/ar_litoral_sfe20250617.jpg 700w, https:\/\/www.diario5.com.ar\/wp-content\/uploads\/2025\/06\/ar_litoral_sfe20250617-228x300.jpg 228w\" sizes=\"(max-width: 700px) 100vw, 700px\" \/><\/p>\n<p><img decoding=\"async\" loading=\"lazy\" class=\"aligncenter size-full wp-image-693363\" src=\"https:\/\/www.diario5.com.ar\/wp-content\/uploads\/2025\/06\/ar_mirador_provincial20250617.jpg\" width=\"700\" height=\"940\" srcset=\"https:\/\/www.diario5.com.ar\/wp-content\/uploads\/2025\/06\/ar_mirador_provincial20250617.jpg 700w, https:\/\/www.diario5.com.ar\/wp-content\/uploads\/2025\/06\/ar_mirador_provincial20250617-223x300.jpg 223w\" sizes=\"(max-width: 700px) 100vw, 700px\" \/><\/p>\n<p><img decoding=\"async\" loading=\"lazy\" class=\"aligncenter size-full wp-image-693361\" src=\"https:\/\/www.diario5.com.ar\/wp-content\/uploads\/2025\/06\/ar_clarin20250617.jpg\" width=\"700\" height=\"977\" srcset=\"https:\/\/www.diario5.com.ar\/wp-content\/uploads\/2025\/06\/ar_clarin20250617.jpg 700w, https:\/\/www.diario5.com.ar\/wp-content\/uploads\/2025\/06\/ar_clarin20250617-215x300.jpg 215w\" sizes=\"(max-width: 700px) 100vw, 700px\" \/><\/p>\n<p><img decoding=\"async\" loading=\"lazy\" class=\"aligncenter size-full wp-image-693364\" src=\"https:\/\/www.diario5.com.ar\/wp-content\/uploads\/2025\/06\/nacion20250617.jpg\" width=\"700\" height=\"1056\" srcset=\"https:\/\/www.diario5.com.ar\/wp-content\/uploads\/2025\/06\/nacion20250617.jpg 700w, https:\/\/www.diario5.com.ar\/wp-content\/uploads\/2025\/06\/nacion20250617-199x300.jpg 199w, https:\/\/www.diario5.com.ar\/wp-content\/uploads\/2025\/06\/nacion20250617-679x1024.jpg 679w\" sizes=\"(max-width: 700px) 100vw, 700px\" \/><\/p>","protected":false},"excerpt":{"rendered":"<p>El Teatro Col\u00f3n celebr\u00f3 los cien a\u00f1os de su orquesta, coro y ballet estables con una ceremonia en el Sal\u00f3n Dorado que incluy\u00f3 la presentaci\u00f3n de un libro conmemorativo editado por el propio coliseo. Lejos de los discursos oficiales cargados de entusiasmo institucional, el hecho concreto es que se cumple un siglo desde que el [&hellip;]<\/p>","protected":false},"author":5,"featured_media":693355,"comment_status":"open","ping_status":"open","sticky":false,"template":"","format":"standard","meta":[],"categories":[534,5,16,56,3172],"tags":[3185,3189,3176,474,3178,2043,3175,3177,1775,3173,3188,3182,3187,3180,3183,3184,3174,3186,3179,1859,3181,3115,1685],"series":[],"_links":{"self":[{"href":"https:\/\/www.diario5.com.ar\/es\/wp-json\/wp\/v2\/posts\/692278"}],"collection":[{"href":"https:\/\/www.diario5.com.ar\/es\/wp-json\/wp\/v2\/posts"}],"about":[{"href":"https:\/\/www.diario5.com.ar\/es\/wp-json\/wp\/v2\/types\/post"}],"author":[{"embeddable":true,"href":"https:\/\/www.diario5.com.ar\/es\/wp-json\/wp\/v2\/users\/5"}],"replies":[{"embeddable":true,"href":"https:\/\/www.diario5.com.ar\/es\/wp-json\/wp\/v2\/comments?post=692278"}],"version-history":[{"count":3,"href":"https:\/\/www.diario5.com.ar\/es\/wp-json\/wp\/v2\/posts\/692278\/revisions"}],"predecessor-version":[{"id":693365,"href":"https:\/\/www.diario5.com.ar\/es\/wp-json\/wp\/v2\/posts\/692278\/revisions\/693365"}],"wp:featuredmedia":[{"embeddable":true,"href":"https:\/\/www.diario5.com.ar\/es\/wp-json\/wp\/v2\/media\/693355"}],"wp:attachment":[{"href":"https:\/\/www.diario5.com.ar\/es\/wp-json\/wp\/v2\/media?parent=692278"}],"wp:term":[{"taxonomy":"category","embeddable":true,"href":"https:\/\/www.diario5.com.ar\/es\/wp-json\/wp\/v2\/categories?post=692278"},{"taxonomy":"post_tag","embeddable":true,"href":"https:\/\/www.diario5.com.ar\/es\/wp-json\/wp\/v2\/tags?post=692278"},{"taxonomy":"series","embeddable":true,"href":"https:\/\/www.diario5.com.ar\/es\/wp-json\/wp\/v2\/series?post=692278"}],"curies":[{"name":"wp","href":"https:\/\/api.w.org\/{rel}","templated":true}]}}