{"id":690981,"date":"2025-02-26T05:10:44","date_gmt":"2025-02-26T08:10:44","guid":{"rendered":"https:\/\/www.diario5.com.ar\/?p=690981"},"modified":"2025-02-26T05:10:55","modified_gmt":"2025-02-26T08:10:55","slug":"dos-noches-de-musica-en-el-parque-centenario","status":"publish","type":"post","link":"https:\/\/www.diario5.com.ar\/es\/dos-noches-de-musica-en-el-parque-centenario\/","title":{"rendered":"Dos noches de m\u00fasica en el Parque Centenario"},"content":{"rendered":"<h2 class=\"sub-title-primary\">La Banda Sinf\u00f3nica de Buenos Aires y el Ensamble Argentum ser\u00e1n los protagonistas de un fin de semana con programas musicales extraordinarios<\/h2> <h3 data-start=\"129\" data-end=\"242\"><img decoding=\"async\" loading=\"lazy\" class=\"aligncenter size-full wp-image-690983\" src=\"https:\/\/www.diario5.com.ar\/wp-content\/uploads\/2025\/02\/DSC_585220250226.jpg\" width=\"700\" height=\"495\" alt=\"banda sinf\u00f3nica\" srcset=\"https:\/\/www.diario5.com.ar\/wp-content\/uploads\/2025\/02\/DSC_585220250226.jpg 700w, https:\/\/www.diario5.com.ar\/wp-content\/uploads\/2025\/02\/DSC_585220250226-300x212.jpg 300w\" sizes=\"(max-width: 700px) 100vw, 700px\" \/><\/h3>\n<p data-start=\"244\" data-end=\"541\">El Anfiteatro del Parque Centenario se convertir\u00e1 en el epicentro de dos noches memorables para los amantes de la m\u00fasica. El s\u00e1bado 1 y el domingo 2 de marzo, el emblem\u00e1tico espacio al aire libre recibir\u00e1 a dos prestigiosas agrupaciones que desplegar\u00e1n repertorios tan diversos como fascinantes.<\/p>\n<p data-start=\"543\" data-end=\"862\">El s\u00e1bado, la Banda Sinf\u00f3nica de la Ciudad de Buenos Aires, bajo la direcci\u00f3n del maestro Carlos David Jaimes, ofrecer\u00e1 un programa dedicado \u00edntegramente a la m\u00fasica checa, con la brillante Obertura de \u201cLa novia vendida\u201d de Bed\u0159ich Smetana y la majestuosa Sinfon\u00eda \u201cDel Nuevo Mundo\u201d de Anton\u00edn Dvo\u0159\u00e1k.<\/p>\n<p data-start=\"864\" data-end=\"1340\">El domingo, ser\u00e1 el turno del Ensamble Argentum, una formaci\u00f3n integrada por m\u00fasicos del Teatro Col\u00f3n, la Orquesta Filarm\u00f3nica de Buenos Aires y la Orquesta del Tango de Buenos Aires, que interpretar\u00e1 <em data-start=\"1081\" data-end=\"1102\">Las ocho estaciones<\/em>: un di\u00e1logo entre el barroco veneciano y el tango contempor\u00e1neo, con las c\u00e9lebres Cuatro Estaciones de Vivaldi y las Cuatro Estaciones Porte\u00f1as de Piazzolla, bajo la direcci\u00f3n y el viol\u00edn solista de Sebasti\u00e1n Masci.<\/p>\n<h3 data-start=\"1342\" data-end=\"1400\">S\u00e1bado 1 de marzo \u2013 Banda Sinf\u00f3nica de la Ciudad<\/h3>\n<p data-start=\"1401\" data-end=\"1440\">Hora: 20.00<br data-start=\"1419\" data-end=\"1422\" \/>Programa:<\/p>\n<ul data-start=\"1441\" data-end=\"1589\">\n<li data-start=\"1441\" data-end=\"1497\">Obertura de <em data-start=\"1455\" data-end=\"1473\">La novia vendida<\/em> \u2013 Bed\u0159ich Smetana<\/li>\n<li data-start=\"1498\" data-end=\"1589\">Sinfon\u00eda <em data-start=\"1509\" data-end=\"1526\">Del Nuevo Mundo<\/em> \u2013 Anton\u00edn Dvo\u0159\u00e1k<br data-start=\"1547\" data-end=\"1550\" \/>Direcci\u00f3n: Carlos David Jaimes<\/li>\n<\/ul>\n<h3 data-start=\"1591\" data-end=\"1639\">Domingo 2 de marzo \u2013 Ensamble Argentum<\/h3>\n<p data-start=\"1640\" data-end=\"1679\">Hora: 20.00<br data-start=\"1658\" data-end=\"1661\" \/>Programa:<\/p>\n<ul data-start=\"1680\" data-end=\"1841\">\n<li data-start=\"1680\" data-end=\"1729\"><em data-start=\"1682\" data-end=\"1705\">Las Cuatro Estaciones<\/em> \u2013 Antonio Vivaldi<\/li>\n<li data-start=\"1730\" data-end=\"1841\"><em data-start=\"1732\" data-end=\"1764\">Las Cuatro Estaciones Porte\u00f1as<\/em> \u2013 Astor Piazzolla<br data-start=\"1786\" data-end=\"1789\" \/>Direcci\u00f3n y viol\u00edn solista: Sebasti\u00e1n Masci<\/li>\n<\/ul>\n<h3 data-start=\"1843\" data-end=\"1881\">Un escenario a cielo abierto<\/h3>\n<p data-start=\"1883\" data-end=\"2197\">El Anfi sigue ganando reconocimiento como lugar de encuentro para la m\u00fasica sinf\u00f3nica y de c\u00e1mara en la Ciudad de Buenos Aires. Llegar all\u00ed ya es agradable. El entorno natural es un punto a favor. Ya cuando se puso en marcha, a fines de los &#8217;80, sorprendi\u00f3 su excelente ac\u00fastica.<\/p>\n<p data-start=\"1883\" data-end=\"2197\">Al paso de las experiencias con conciertos de diversos g\u00e9neros, quienes estuvieron a cargo de\u00a0 producciones musicales all\u00ed, tuvieron satisfacciones por la sensaci\u00f3n que se lleva el p\u00fablico de poder escuchar al artista con claridad y buena presencia sonora, m\u00e1s all\u00e1 del equipamiento t\u00e9cnico que se emplee.<\/p>\n<p data-start=\"1883\" data-end=\"2197\">Este Anfiteatro gana por tres condiciones imbatibles: la ubicaci\u00f3n en el centro geogr\u00e1fico de Buenos Aires, el espacio verde con el lago del del Parque Centenario y calidad t\u00e9cnica en lo sonoro. Es uno de los mejores espacios para conciertos al aire libre en toda la Argentina.<\/p>\n<p data-start=\"2199\" data-end=\"2328\">En ambas funciones la entrada es libre hasta agotar la capacidad de las gradas.\u00a0Dos noches, dos repertorios y una oportunidad en la que esperamos que el tiempo acompa\u00f1e para disfrutar cuatro obras primordiales del cat\u00e1logo musical bajo el cielo porte\u00f1o. S\u00ed, por supuesto: se suspende por lluvia.<\/p>","protected":false},"excerpt":{"rendered":"<p>La Banda Sinf\u00f3nica de Buenos Aires y el Ensamble Argentum ser\u00e1n los protagonistas de un fin de semana con programas musicales extraordinarios El Anfiteatro del Parque Centenario se convertir\u00e1 en el epicentro de dos noches memorables para los amantes de la m\u00fasica. El s\u00e1bado 1 y el domingo 2 de marzo, el emblem\u00e1tico espacio al [&hellip;]<\/p>","protected":false},"author":5,"featured_media":690983,"comment_status":"open","ping_status":"open","sticky":false,"template":"","format":"standard","meta":[],"categories":[534,5,16],"tags":[1177,474,630,2043,2387,1774,2219,1859,1459],"series":[],"_links":{"self":[{"href":"https:\/\/www.diario5.com.ar\/es\/wp-json\/wp\/v2\/posts\/690981"}],"collection":[{"href":"https:\/\/www.diario5.com.ar\/es\/wp-json\/wp\/v2\/posts"}],"about":[{"href":"https:\/\/www.diario5.com.ar\/es\/wp-json\/wp\/v2\/types\/post"}],"author":[{"embeddable":true,"href":"https:\/\/www.diario5.com.ar\/es\/wp-json\/wp\/v2\/users\/5"}],"replies":[{"embeddable":true,"href":"https:\/\/www.diario5.com.ar\/es\/wp-json\/wp\/v2\/comments?post=690981"}],"version-history":[{"count":1,"href":"https:\/\/www.diario5.com.ar\/es\/wp-json\/wp\/v2\/posts\/690981\/revisions"}],"predecessor-version":[{"id":690982,"href":"https:\/\/www.diario5.com.ar\/es\/wp-json\/wp\/v2\/posts\/690981\/revisions\/690982"}],"wp:featuredmedia":[{"embeddable":true,"href":"https:\/\/www.diario5.com.ar\/es\/wp-json\/wp\/v2\/media\/690983"}],"wp:attachment":[{"href":"https:\/\/www.diario5.com.ar\/es\/wp-json\/wp\/v2\/media?parent=690981"}],"wp:term":[{"taxonomy":"category","embeddable":true,"href":"https:\/\/www.diario5.com.ar\/es\/wp-json\/wp\/v2\/categories?post=690981"},{"taxonomy":"post_tag","embeddable":true,"href":"https:\/\/www.diario5.com.ar\/es\/wp-json\/wp\/v2\/tags?post=690981"},{"taxonomy":"series","embeddable":true,"href":"https:\/\/www.diario5.com.ar\/es\/wp-json\/wp\/v2\/series?post=690981"}],"curies":[{"name":"wp","href":"https:\/\/api.w.org\/{rel}","templated":true}]}}