{"id":690596,"date":"2024-11-01T16:13:42","date_gmt":"2024-11-01T19:13:42","guid":{"rendered":"https:\/\/www.diario5.com.ar\/?p=690596"},"modified":"2025-01-30T16:26:44","modified_gmt":"2025-01-30T19:26:44","slug":"mujeres-al-mando-y-heroes-que-no-se-olvidan","status":"publish","type":"post","link":"https:\/\/www.diario5.com.ar\/es\/mujeres-al-mando-y-heroes-que-no-se-olvidan\/","title":{"rendered":"Mujeres al Mando y H\u00e9roes que No se Olvidan"},"content":{"rendered":"<h2 class=\"sub-title-primary\"><\/h2> <h3><img decoding=\"async\" loading=\"lazy\" class=\"aligncenter size-full wp-image-690599\" src=\"https:\/\/www.diario5.com.ar\/wp-content\/uploads\/2025\/01\/04-120250130.jpg\" alt=\"Homenaje 2\" width=\"700\" height=\"511\" srcset=\"https:\/\/www.diario5.com.ar\/wp-content\/uploads\/2025\/01\/04-120250130.jpg 700w, https:\/\/www.diario5.com.ar\/wp-content\/uploads\/2025\/01\/04-120250130-300x219.jpg 300w\" sizes=\"(max-width: 700px) 100vw, 700px\" \/><\/h3>\n<p>Es que con el burraje no hay que aflojar. Porque cuando la poli mete garra y se la juega en la calle, los hip\u00f3critas miran con lupa. Que si levantan la voz, que si llevan el fierro listo, que si act\u00faan \u2018demasiado r\u00e1pido\u2019\u2026 Pero cuando toca reconocerles lo que ponen en juego cada d\u00eda, ah\u00ed muchos miran para otro lado.<\/p>\n<p>Mientras algunos lloran por el \u201crol de la mujer en la sociedad\u201d pero las dejan de adorno, la Polic\u00eda de la Ciudad las puso bien al frente. Estandin Oveiyon, se\u00f1ores! Cinco mujeres llegaron a la c\u00fapula de la fuerza, no por ser mujeres, sino porque son las mejores. Se ganaron el puesto. En ning\u00fan caso se lo regalaron.<\/p>\n<p>El propio Jorge Macri lo dijo clarito en enero cuando present\u00f3 esa c\u00fapula: hay decisi\u00f3n pol\u00edtica de fortalecer la cana, porque los porte\u00f1os no pueden andar a la buena de Dios mientras los chorros hacen fiestita. Waldo Wolff, el ministro que no se anda con vueltas, lo remat\u00f3 con un mensaje a la Justicia: basta de blandura con los asesinos de polic\u00edas.<\/p>\n<p>Y no nos olvidemos: doce polic\u00edas fueron asesinados en los \u00faltimos tiempos y en la mitad de los casos ni siquiera hay detenidos. Doce familias destrozadas. Doce tipos que se jugaron por todos nosotros y no volvieron a casa. \u00bfY los que los mataron? Algunos ni siquiera est\u00e1n tras las rejas.<\/p>\n<p>Ah\u00ed estuvo Wolff, con tipos del gobierno, el jefe y subjefe de la , Pablo Kisch y Jorge Azzolina, en Palermo, donde est\u00e1 el monumento a los ca\u00eddos. Un homenaje que no es un tr\u00e1mite. Es un recordatorio de que los ratis dejan la vida en la calle y merecen respeto.<\/p>\n<p>As\u00ed que s\u00ed, hay que celebrar cuando un cana hace lo correcto. Y hay que levantar la voz cuando se los ningunea o, peor a\u00fan, cuando caen en combate y nadie se acuerda. Porque si la Polic\u00eda de la Ciudad no afloja, el resto tampoco deber\u00eda.<\/p>","protected":false},"excerpt":{"rendered":"<p>Es que con el burraje no hay que aflojar. Porque cuando la poli mete garra y se la juega en la calle, los hip\u00f3critas miran con lupa. Que si levantan la voz, que si llevan el fierro listo, que si act\u00faan \u2018demasiado r\u00e1pido\u2019\u2026 Pero cuando toca reconocerles lo que ponen en juego cada d\u00eda, ah\u00ed [&hellip;]<\/p>","protected":false},"author":22,"featured_media":690599,"comment_status":"open","ping_status":"open","sticky":false,"template":"","format":"standard","meta":[],"categories":[673,28],"tags":[2461,982,1362,546,2723],"series":[],"_links":{"self":[{"href":"https:\/\/www.diario5.com.ar\/es\/wp-json\/wp\/v2\/posts\/690596"}],"collection":[{"href":"https:\/\/www.diario5.com.ar\/es\/wp-json\/wp\/v2\/posts"}],"about":[{"href":"https:\/\/www.diario5.com.ar\/es\/wp-json\/wp\/v2\/types\/post"}],"author":[{"embeddable":true,"href":"https:\/\/www.diario5.com.ar\/es\/wp-json\/wp\/v2\/users\/22"}],"replies":[{"embeddable":true,"href":"https:\/\/www.diario5.com.ar\/es\/wp-json\/wp\/v2\/comments?post=690596"}],"version-history":[{"count":4,"href":"https:\/\/www.diario5.com.ar\/es\/wp-json\/wp\/v2\/posts\/690596\/revisions"}],"predecessor-version":[{"id":690601,"href":"https:\/\/www.diario5.com.ar\/es\/wp-json\/wp\/v2\/posts\/690596\/revisions\/690601"}],"wp:featuredmedia":[{"embeddable":true,"href":"https:\/\/www.diario5.com.ar\/es\/wp-json\/wp\/v2\/media\/690599"}],"wp:attachment":[{"href":"https:\/\/www.diario5.com.ar\/es\/wp-json\/wp\/v2\/media?parent=690596"}],"wp:term":[{"taxonomy":"category","embeddable":true,"href":"https:\/\/www.diario5.com.ar\/es\/wp-json\/wp\/v2\/categories?post=690596"},{"taxonomy":"post_tag","embeddable":true,"href":"https:\/\/www.diario5.com.ar\/es\/wp-json\/wp\/v2\/tags?post=690596"},{"taxonomy":"series","embeddable":true,"href":"https:\/\/www.diario5.com.ar\/es\/wp-json\/wp\/v2\/series?post=690596"}],"curies":[{"name":"wp","href":"https:\/\/api.w.org\/{rel}","templated":true}]}}