{"id":690462,"date":"2024-12-18T14:22:04","date_gmt":"2024-12-18T17:22:04","guid":{"rendered":"https:\/\/www.diario5.com.ar\/?p=690462"},"modified":"2025-01-24T14:32:33","modified_gmt":"2025-01-24T17:32:33","slug":"las-nuevas-joyas-artisticas-de-la-pinacoteca-del-nacion","status":"publish","type":"post","link":"https:\/\/www.diario5.com.ar\/es\/las-nuevas-joyas-artisticas-de-la-pinacoteca-del-nacion\/","title":{"rendered":"Las nuevas joyas art\u00edsticas de la Pinacoteca del Naci\u00f3n"},"content":{"rendered":"<h2 class=\"sub-title-primary\"><\/h2> <div class=\"flex-shrink-0 flex flex-col relative items-end\">\n<div>\n<div class=\"pt-0\">\n<div class=\"gizmo-bot-avatar flex h-8 w-8 items-center justify-center overflow-hidden rounded-full\">\n<div class=\"relative p-1 rounded-sm flex items-center justify-center bg-token-main-surface-primary text-token-text-primary h-8 w-8\"><\/div>\n<\/div>\n<\/div>\n<\/div>\n<\/div>\n<div class=\"group\/conversation-turn relative flex w-full min-w-0 flex-col agent-turn\">\n<div class=\"flex-col gap-1 md:gap-3\">\n<div class=\"flex max-w-full flex-col flex-grow\">\n<div class=\"min-h-8 text-message flex w-full flex-col items-end gap-2 whitespace-normal break-words text-start [.text-message+&amp;]:mt-5\" dir=\"auto\" data-message-author-role=\"assistant\" data-message-id=\"69bb17ee-56f7-4e2d-880f-959f89d63e2f\" data-message-model-slug=\"gpt-4o\">\n<div class=\"flex w-full flex-col gap-1 empty:hidden first:pt-[3px]\">\n<div class=\"markdown prose w-full break-words dark:prose-invert light\">\n<p>La Galer\u00eda de Arte \u00abAlejandro Bustillo\u00bb del Banco Naci\u00f3n abre sus puertas con la exposici\u00f3n <strong>\u00abColecci\u00f3n BNA \u2013 Nuevas Obras\u00bb<\/strong>, una muestra que resalta las \u00faltimas adquisiciones y donaciones que enriquecen su prestigiosa pinacoteca. Esta exposici\u00f3n se podr\u00e1 visitar a partir del mi\u00e9rcoles 18 de diciembre, en el hall principal de la sucursal Plaza de Mayo (Av. Rivadavia 325, Ciudad de Buenos Aires), de lunes a viernes, de 10.00 a 15.00, hasta el 31 de enero.<\/p>\n<p><img decoding=\"async\" loading=\"lazy\" class=\"aligncenter size-full wp-image-690463\" src=\"https:\/\/www.diario5.com.ar\/wp-content\/uploads\/2025\/01\/172620250124.jpg\" width=\"700\" height=\"432\" srcset=\"https:\/\/www.diario5.com.ar\/wp-content\/uploads\/2025\/01\/172620250124.jpg 700w, https:\/\/www.diario5.com.ar\/wp-content\/uploads\/2025\/01\/172620250124-300x185.jpg 300w\" sizes=\"(max-width: 700px) 100vw, 700px\" \/><\/p>\n<p>Desde su fundaci\u00f3n, el Banco Naci\u00f3n ha mantenido un fuerte v\u00ednculo con el arte y la cultura, reflejado en una vasta colecci\u00f3n que abarca m\u00e1s de 500 piezas, incluyendo pinturas, esculturas, grabados y fotograf\u00edas. Entre los nombres destacados de este acervo figuran artistas fundamentales del arte argentino como <strong>Eduardo S\u00edvori<\/strong>, <strong>Lino Enea Spilimbergo<\/strong> y <strong>Juan Batlle Planas<\/strong>, cuyas obras forman parte del patrimonio cultural nacional.<\/p>\n<p>En los \u00faltimos a\u00f1os, la colecci\u00f3n ha crecido gracias a las donaciones de artistas contempor\u00e1neos que han expuesto en la instituci\u00f3n. En este contexto, la muestra actual incluye obras recientes que dan cuenta de la evoluci\u00f3n de las artes visuales en el pa\u00eds, resaltando tanto el talento emergente como la vigencia de creadores consolidados.<\/p>\n<p>El ciclo de exposiciones de este a\u00f1o cerr\u00f3 con presentaciones de artistas de renombre como <strong>Arturo Aguiar<\/strong>, conocido por su maestr\u00eda en fotograf\u00eda conceptual; <strong>Valeria Vilar<\/strong>, cuya obra explora el v\u00ednculo entre lo org\u00e1nico y lo on\u00edrico; <strong>Hern\u00e1n Borches<\/strong>, quien combina elementos de la tradici\u00f3n pict\u00f3rica con un enfoque contempor\u00e1neo; y <strong>Agustina Barbalaco<\/strong>, cuyas esculturas dialogan con el espacio desde una perspectiva innovadora.<\/p>\n<p>Entre las obras destacadas de la muestra se encuentra el \u00f3leo sobre tela de <strong>Ignacio Vald\u00e9z<\/strong>, realizado en 2015, una pieza que invita al espectador a reflexionar sobre las formas y texturas del mundo cotidiano.<\/p>\n<p><a href=\"https:\/\/prensa.bna.com.ar\/PinacotecaGaleriadeArte\" target=\"_blank\" rel=\"noopener\">VER DETALLE EN LA WEB DEL BNA<\/a><\/p>\n<p>La exposici\u00f3n <strong>\u00abColecci\u00f3n BNA \u2013 Nuevas Obras\u00bb<\/strong> celebra el arte como parte esencial de la identidad cultural y reafirma el compromiso del Naci\u00f3n con la preservaci\u00f3n y difusi\u00f3n de las artes visuales. Una oportunidad \u00fanica para disfrutar de la riqueza art\u00edstica en pleno coraz\u00f3n de la Ciudad de Buenos Aires.<\/p>\n<p><img decoding=\"async\" loading=\"lazy\" class=\"aligncenter size-full wp-image-690464\" src=\"https:\/\/www.diario5.com.ar\/wp-content\/uploads\/2025\/01\/172720250124.jpg\" width=\"700\" height=\"657\" srcset=\"https:\/\/www.diario5.com.ar\/wp-content\/uploads\/2025\/01\/172720250124.jpg 700w, https:\/\/www.diario5.com.ar\/wp-content\/uploads\/2025\/01\/172720250124-300x282.jpg 300w\" sizes=\"(max-width: 700px) 100vw, 700px\" \/><\/p>\n<p>&nbsp;<\/p>\n<\/div>\n<\/div>\n<\/div>\n<\/div>\n<\/div>\n<\/div>","protected":false},"excerpt":{"rendered":"<p>La Galer\u00eda de Arte \u00abAlejandro Bustillo\u00bb del Banco Naci\u00f3n abre sus puertas con la exposici\u00f3n \u00abColecci\u00f3n BNA \u2013 Nuevas Obras\u00bb, una muestra que resalta las \u00faltimas adquisiciones y donaciones que enriquecen su prestigiosa pinacoteca. Esta exposici\u00f3n se podr\u00e1 visitar a partir del mi\u00e9rcoles 18 de diciembre, en el hall principal de la sucursal Plaza de [&hellip;]<\/p>","protected":false},"author":13,"featured_media":690463,"comment_status":"open","ping_status":"open","sticky":false,"template":"","format":"standard","meta":[],"categories":[240,5],"tags":[1777,1475,1474,474,630,2467,1873,643,401,884],"series":[],"_links":{"self":[{"href":"https:\/\/www.diario5.com.ar\/es\/wp-json\/wp\/v2\/posts\/690462"}],"collection":[{"href":"https:\/\/www.diario5.com.ar\/es\/wp-json\/wp\/v2\/posts"}],"about":[{"href":"https:\/\/www.diario5.com.ar\/es\/wp-json\/wp\/v2\/types\/post"}],"author":[{"embeddable":true,"href":"https:\/\/www.diario5.com.ar\/es\/wp-json\/wp\/v2\/users\/13"}],"replies":[{"embeddable":true,"href":"https:\/\/www.diario5.com.ar\/es\/wp-json\/wp\/v2\/comments?post=690462"}],"version-history":[{"count":1,"href":"https:\/\/www.diario5.com.ar\/es\/wp-json\/wp\/v2\/posts\/690462\/revisions"}],"predecessor-version":[{"id":690465,"href":"https:\/\/www.diario5.com.ar\/es\/wp-json\/wp\/v2\/posts\/690462\/revisions\/690465"}],"wp:featuredmedia":[{"embeddable":true,"href":"https:\/\/www.diario5.com.ar\/es\/wp-json\/wp\/v2\/media\/690463"}],"wp:attachment":[{"href":"https:\/\/www.diario5.com.ar\/es\/wp-json\/wp\/v2\/media?parent=690462"}],"wp:term":[{"taxonomy":"category","embeddable":true,"href":"https:\/\/www.diario5.com.ar\/es\/wp-json\/wp\/v2\/categories?post=690462"},{"taxonomy":"post_tag","embeddable":true,"href":"https:\/\/www.diario5.com.ar\/es\/wp-json\/wp\/v2\/tags?post=690462"},{"taxonomy":"series","embeddable":true,"href":"https:\/\/www.diario5.com.ar\/es\/wp-json\/wp\/v2\/series?post=690462"}],"curies":[{"name":"wp","href":"https:\/\/api.w.org\/{rel}","templated":true}]}}