{"id":689384,"date":"2024-11-10T06:59:44","date_gmt":"2024-11-10T09:59:44","guid":{"rendered":"https:\/\/www.diario5.com.ar\/?p=689384"},"modified":"2024-11-12T15:44:47","modified_gmt":"2024-11-12T18:44:47","slug":"caba-manana-a-media-maquina","status":"publish","type":"post","link":"https:\/\/www.diario5.com.ar\/es\/caba-manana-a-media-maquina\/","title":{"rendered":"CABA, ma\u00f1ana, a media m\u00e1quina"},"content":{"rendered":"<h2 class=\"sub-title-primary\">Resumimos el Cronograma de Servicios P\u00fablicos para este lunes 11 de noviembre, D\u00eda del Municipal.<\/h2> <p><img decoding=\"async\" loading=\"lazy\" class=\"aligncenter size-full wp-image-689423\" src=\"https:\/\/www.diario5.com.ar\/wp-content\/uploads\/2024\/11\/280px-Jefatura_de_Gobierno-Buenos_Aires20241112.jpg\" width=\"280\" height=\"210\" \/><\/p>\n<p>Dia del Municipal<\/p>\n<p>La Ciudad de Buenos Aires experiment\u00f3 su gran cambio pol\u00edtico e institucional en 1994. Antes de esa reforma, Buenos Aires funcionaba como una municipalidad bajo control directo del gobierno nacional. Su intendente no era electo por los ciudadanos sino designado por el presidente de la Naci\u00f3n. Esta estructura, heredada del modelo centralista del siglo XIX, limitaba considerablemente la autonom\u00eda de la ciudad, manteni\u00e9ndola subordinada al gobierno federal, en contraste con las provincias que gozan de autogobierno.<\/p>\n<p>En la reforma constitucional de 1994 se introdujo un cambio fundamental: la capital del pa\u00eds adquiri\u00f3 un estatus de autonom\u00eda similar al de las provincias, con la capacidad de dictar su propia constituci\u00f3n y gestionar asuntos locales. Este avance permiti\u00f3 a los porte\u00f1os, por primera vez, elegir a su jefe de gobierno mediante voto directo, logrando un mayor autogobierno en temas de administraci\u00f3n, seguridad y legislaci\u00f3n local.<\/p>\n<p>A pesar de esta autonom\u00eda, la ciudad mantiene tradiciones arraigadas, como la celebraci\u00f3n del D\u00eda del Municipal el 11 de noviembre, una fecha hist\u00f3rica que recuerda a los trabajadores de la antigua estructura municipal.\u00a0 Mir\u00e1ndola con un solo ojo, la fecha, aunque proviene de una \u00e9poca en la que Buenos Aires era formalmente una municipalidad, sigue siendo observada en reconocimiento a estos trabajadores y a su papel en el funcionamiento de la ciudad.<\/p>\n<p><strong>Lunes 11 de noviembre, <\/strong><strong>D\u00eda del Municipal<\/strong><\/p>\n<p><strong>Cronograma de Servicios P\u00fablicos\u00a0<\/strong><\/p>\n<p>El Gobierno de la Ciudad de Buenos Aires informa c\u00f3mo funcionar\u00e1n los servicios p\u00fablicos este lunes 11 de noviembre, un d\u00eda no laborable en conmemoraci\u00f3n del D\u00eda del Municipal.<\/p>\n<p><strong>Hospitales:<\/strong> Funcionar\u00e1n como en fines de semana y feriados. Solo estar\u00e1n en operaci\u00f3n el SAME, guardias y \u00e1reas cr\u00edticas.<\/p>\n<p><strong>Cementerios:<\/strong> Las inhumaciones en Chacarita, Flores y Recoleta y los servicios de cremaci\u00f3n operar\u00e1n entre las 7:30 y las 14:00, con el \u00faltimo tr\u00e1mite recibido hasta las 13:00 y la \u00faltima inhumaci\u00f3n a las 13:30.<\/p>\n<p><strong>Administraci\u00f3n Gubernamental de Ingresos P\u00fablicos y Direcci\u00f3n General de Rentas:<\/strong> Cerradas.<\/p>\n<p><strong>Sedes Comunales:<\/strong> No operar\u00e1n.<\/p>\n<p><strong>Registro Civil:<\/strong> Cerrado, excepto la guardia para defunciones, que estar\u00e1 activa de 8:00 a 12:00.<\/p>\n<p><strong>Parques:<\/strong> La Reserva Ecol\u00f3gica, el Jard\u00edn Bot\u00e1nico y el Ecoparque permanecer\u00e1n cerrados durante toda la jornada.<\/p>\n<p><strong>Teatros y Museos:<\/strong> Estar\u00e1n cerrados, salvo el Centro Cultural 25 de Mayo, que abrir\u00e1 a las 18:00 para una funci\u00f3n especial y el Teatro Col\u00f3n, que mantendr\u00e1 sus visitas guiadas habituales.<\/p>\n<p>Este cronograma permite a los ciudadanos planificar su d\u00eda respetando los cambios en los servicios p\u00fablicos en esta jornada especial.<\/p>","protected":false},"excerpt":{"rendered":"<p>Resumimos el Cronograma de Servicios P\u00fablicos para este lunes 11 de noviembre, D\u00eda del Municipal. Dia del Municipal La Ciudad de Buenos Aires experiment\u00f3 su gran cambio pol\u00edtico e institucional en 1994. Antes de esa reforma, Buenos Aires funcionaba como una municipalidad bajo control directo del gobierno nacional. Su intendente no era electo por los [&hellip;]<\/p>","protected":false},"author":1,"featured_media":689423,"comment_status":"open","ping_status":"open","sticky":false,"template":"","format":"standard","meta":[],"categories":[28,3,52,51],"tags":[2007,474,1363,630,2043,958,778,403,1126,1632,1171,1094,1873,635,1874,537,1366,1859],"series":[],"_links":{"self":[{"href":"https:\/\/www.diario5.com.ar\/es\/wp-json\/wp\/v2\/posts\/689384"}],"collection":[{"href":"https:\/\/www.diario5.com.ar\/es\/wp-json\/wp\/v2\/posts"}],"about":[{"href":"https:\/\/www.diario5.com.ar\/es\/wp-json\/wp\/v2\/types\/post"}],"author":[{"embeddable":true,"href":"https:\/\/www.diario5.com.ar\/es\/wp-json\/wp\/v2\/users\/1"}],"replies":[{"embeddable":true,"href":"https:\/\/www.diario5.com.ar\/es\/wp-json\/wp\/v2\/comments?post=689384"}],"version-history":[{"count":2,"href":"https:\/\/www.diario5.com.ar\/es\/wp-json\/wp\/v2\/posts\/689384\/revisions"}],"predecessor-version":[{"id":689424,"href":"https:\/\/www.diario5.com.ar\/es\/wp-json\/wp\/v2\/posts\/689384\/revisions\/689424"}],"wp:featuredmedia":[{"embeddable":true,"href":"https:\/\/www.diario5.com.ar\/es\/wp-json\/wp\/v2\/media\/689423"}],"wp:attachment":[{"href":"https:\/\/www.diario5.com.ar\/es\/wp-json\/wp\/v2\/media?parent=689384"}],"wp:term":[{"taxonomy":"category","embeddable":true,"href":"https:\/\/www.diario5.com.ar\/es\/wp-json\/wp\/v2\/categories?post=689384"},{"taxonomy":"post_tag","embeddable":true,"href":"https:\/\/www.diario5.com.ar\/es\/wp-json\/wp\/v2\/tags?post=689384"},{"taxonomy":"series","embeddable":true,"href":"https:\/\/www.diario5.com.ar\/es\/wp-json\/wp\/v2\/series?post=689384"}],"curies":[{"name":"wp","href":"https:\/\/api.w.org\/{rel}","templated":true}]}}