{"id":6809,"date":"2014-09-23T17:20:48","date_gmt":"2014-09-23T20:20:48","guid":{"rendered":"http:\/\/diario5.com.ar\/?p=6809"},"modified":"2014-09-23T21:24:35","modified_gmt":"2014-09-24T00:24:35","slug":"el-filba-2014","status":"publish","type":"post","link":"https:\/\/www.diario5.com.ar\/es\/el-filba-2014\/","title":{"rendered":"El FILBA 2014 &#8211; Esencia y Sedes"},"content":{"rendered":"<h2 class=\"sub-title-primary\"><\/h2> <p style=\"text-align: right;\"><img decoding=\"async\" loading=\"lazy\" class=\"wp-image-6810 alignright\" src=\"http:\/\/diario5.com.ar\/wp-content\/uploads\/2014\/09\/logo_filba.png\" alt=\"logo_filba\" width=\"470\" height=\"134\" srcset=\"https:\/\/www.diario5.com.ar\/wp-content\/uploads\/2014\/09\/logo_filba.png 265w, https:\/\/www.diario5.com.ar\/wp-content\/uploads\/2014\/09\/logo_filba-260x74.png 260w, https:\/\/www.diario5.com.ar\/wp-content\/uploads\/2014\/09\/logo_filba-160x45.png 160w\" sizes=\"(max-width: 470px) 100vw, 470px\" \/>El Festival Internacional de Literatura de Buenos Aires (FILBA) tendr\u00e1 este a\u00f1o un creciente plaf\u00f3n de simultaneidad, por encima de la del a\u00f1o anterior y las cuatro iniciales. Hasta 2012 se trat\u00f3 de un encuentro literario, talleres y cuanta actividad posible de realizarse entre escritores experimentados, noveles y p\u00fablico interesado (m\u00e1s periodismo especializado) en la Ciudad de Buenos Aires. En 2013, merced a una interesante organizaci\u00f3n que quiso aprovechar fluidamente la tecnolog\u00eda a favor de las conferencias online, Santiago de Chile particip\u00f3 exitosamente. Este a\u00f1o es Montevideo la sede que se suma para extender el poder del festival que apunta a convertirse en uno de los encuentros literarios activos m\u00e1s prestigiosos del mundo.<\/p>\n<p>Se escuch\u00f3 decir en alg\u00fan medio de comunicaci\u00f3n de poca monta que no es com\u00fan \u00a0que un evento argentino sea tomado como propio por Chile y Uruguay (la verdad es que frase que se escuch\u00f3 decir en el pavote programa de radio fue \u00abes raro\u00bb). Lo raro es creer que eso no podr\u00eda suceder, cuando\u00a0trata de una de las actividades de mayor estirpe cultural\u00a0(si no la m\u00e1s) , aspecto que deber\u00eda repetirse en cualquier l\u00ednea de v\u00ednculo entre los pa\u00edses de la Am\u00e9rica Linda, hermanos tantas veces heridos en sus lazos por obra y gracia del zorroide poder de quienes jam\u00e1s se apartaron de la premisa de dividir para reinar. La cuesti\u00f3n es que el FILBA, por un lado fue declarado de\u00a0Inter\u00e9s cultural para la ciudad de Buenos Aires por el Gobierno de la Ciudad, a trav\u00e9s del R\u00e9gimen de Mecenazgo y ahora, del otro lado de la cordillera, cuenta con el respaldo del Consejo Nacional de la Cultura y las Artes del Gobierno de la Rep\u00fablica de Chile. \u00bfQui\u00e9n descartar\u00eda que luego del ingreso de Montevideo al bloque simult\u00e1neo, el Festival Internacional de Literatura no obtenga reconocimientos oficiales de todo orden en la Rep\u00fablica Oriental del Uruguay?<\/p>\n<p>El s\u00e1bado 27 ser\u00e1 la fecha en la que las tres ciudades tendr\u00e1n actividad en simult\u00e1neo. Seg\u00fan el cronograma oficial, la actividad ser\u00e1:<\/p>\n<p id=\"sedes_region\"><a href=\"http:\/\/filba.org.ar\/filba-internacional\/filba-internacional-2014_6\/programa\/Buenos+Aires\">BUENOS AIRES<\/a><\/p>\n<ul>\n<li><a href=\"http:\/\/filba.org.ar\/filba-internacional\/filba-internacional-2014_6\/programa\/miercoles-24-de-septiembre_8\">Mi\u00e9rcoles 24 de Septiembre<\/a><\/li>\n<li><a href=\"http:\/\/filba.org.ar\/filba-internacional\/filba-internacional-2014_6\/programa\/jueves-25-de-septiembre_9\">Jueves 25 de Septiembre<\/a><\/li>\n<li><a href=\"http:\/\/filba.org.ar\/filba-internacional\/filba-internacional-2014_6\/programa\/viernes-26-de-septiembre_10\">Viernes 26 de Septiembre<\/a><\/li>\n<li><a href=\"http:\/\/filba.org.ar\/filba-internacional\/filba-internacional-2014_6\/programa\/sabado-27-de-septiembre_11\">S\u00e1bado 27 de Septiembre<\/a><\/li>\n<li><a href=\"http:\/\/filba.org.ar\/filba-internacional\/filba-internacional-2014_6\/programa\/domingo-28-de-septiembre_12\">Domingo 28 de Septiembre<\/a><\/li>\n<\/ul>\n<p id=\"sedes_region\"><a href=\"http:\/\/filba.org.ar\/filba-internacional\/filba-internacional-2014_6\/programa\/Montevideo\">MONTEVIDEO<\/a><\/p>\n<ul class=\"sedes_listado\" style=\"color: #3c3c3b;\">\n<li><a href=\"http:\/\/filba.org.ar\/filba-internacional\/filba-internacional-2014_6\/programa\/viernes-26-de-septiembre_15\">Viernes 26 de Septiembre<\/a><\/li>\n<li><a href=\"http:\/\/filba.org.ar\/filba-internacional\/filba-internacional-2014_6\/programa\/sabado-27-de-septiembre_16\">S\u00e1bado 27 de Septiembre<\/a><\/li>\n<\/ul>\n<p id=\"sedes_region\"><a href=\"http:\/\/filba.org.ar\/filba-internacional\/filba-internacional-2014_6\/programa\/Santiago+de+Chile\">SANTIAGO DE CHILE<\/a><\/p>\n<ul class=\"sedes_listado\" style=\"color: #3c3c3b;\">\n<ul class=\"sedes_listado\" style=\"color: #3c3c3b;\">\n<li><a href=\"http:\/\/filba.org.ar\/filba-internacional\/filba-internacional-2014_6\/programa\/sabado-27-de-septiembre_17\">S\u00e1bado 27 de Septiembre<\/a><\/li>\n<li><a href=\"http:\/\/filba.org.ar\/filba-internacional\/filba-internacional-2014_6\/programa\/domingo-28-de-septiembre_18\">Domingo 28 de Septiembre<\/a><\/li>\n<li><a href=\"http:\/\/filba.org.ar\/filba-internacional\/filba-internacional-2014_6\/programa\/lunes-29-de-septiembre_19\">Lunes 29 de Septiembre<\/a><\/li>\n<li><a href=\"http:\/\/filba.org.ar\/filba-internacional\/filba-internacional-2014_6\/programa\/martes-30-de-septiembre_20\">Martes 30 de Septiembre<\/a><\/li>\n<li><a href=\"http:\/\/filba.org.ar\/filba-internacional\/filba-internacional-2014_6\/programa\/miercoles-1-de-octubre_21\">Mi\u00e9rcoles 1 de Octubre<\/a><\/li>\n<\/ul>\n<\/ul>\n<p>&nbsp;<\/p>\n<p>&nbsp;<\/p>","protected":false},"excerpt":{"rendered":"<p>El Festival Internacional de Literatura de Buenos Aires (FILBA) tendr\u00e1 este a\u00f1o un creciente plaf\u00f3n de simultaneidad, por encima de la del a\u00f1o anterior y las cuatro iniciales. Hasta 2012 se trat\u00f3 de un encuentro literario, talleres y cuanta actividad posible de realizarse entre escritores experimentados, noveles y p\u00fablico interesado (m\u00e1s periodismo especializado) en la [&hellip;]<\/p>","protected":false},"author":1,"featured_media":6810,"comment_status":"open","ping_status":"open","sticky":false,"template":"","format":"standard","meta":[],"categories":[1],"tags":[],"series":[],"_links":{"self":[{"href":"https:\/\/www.diario5.com.ar\/es\/wp-json\/wp\/v2\/posts\/6809"}],"collection":[{"href":"https:\/\/www.diario5.com.ar\/es\/wp-json\/wp\/v2\/posts"}],"about":[{"href":"https:\/\/www.diario5.com.ar\/es\/wp-json\/wp\/v2\/types\/post"}],"author":[{"embeddable":true,"href":"https:\/\/www.diario5.com.ar\/es\/wp-json\/wp\/v2\/users\/1"}],"replies":[{"embeddable":true,"href":"https:\/\/www.diario5.com.ar\/es\/wp-json\/wp\/v2\/comments?post=6809"}],"version-history":[{"count":4,"href":"https:\/\/www.diario5.com.ar\/es\/wp-json\/wp\/v2\/posts\/6809\/revisions"}],"predecessor-version":[{"id":6816,"href":"https:\/\/www.diario5.com.ar\/es\/wp-json\/wp\/v2\/posts\/6809\/revisions\/6816"}],"wp:featuredmedia":[{"embeddable":true,"href":"https:\/\/www.diario5.com.ar\/es\/wp-json\/wp\/v2\/media\/6810"}],"wp:attachment":[{"href":"https:\/\/www.diario5.com.ar\/es\/wp-json\/wp\/v2\/media?parent=6809"}],"wp:term":[{"taxonomy":"category","embeddable":true,"href":"https:\/\/www.diario5.com.ar\/es\/wp-json\/wp\/v2\/categories?post=6809"},{"taxonomy":"post_tag","embeddable":true,"href":"https:\/\/www.diario5.com.ar\/es\/wp-json\/wp\/v2\/tags?post=6809"},{"taxonomy":"series","embeddable":true,"href":"https:\/\/www.diario5.com.ar\/es\/wp-json\/wp\/v2\/series?post=6809"}],"curies":[{"name":"wp","href":"https:\/\/api.w.org\/{rel}","templated":true}]}}