{"id":6806,"date":"2014-09-21T07:49:37","date_gmt":"2014-09-21T10:49:37","guid":{"rendered":"http:\/\/diario5.com.ar\/?p=6806"},"modified":"2014-09-21T20:50:35","modified_gmt":"2014-09-21T23:50:35","slug":"primavera-martin-diaz-explica-las-obras-que-la-evocan-y-anuncia-su-concierto","status":"publish","type":"post","link":"https:\/\/www.diario5.com.ar\/es\/primavera-martin-diaz-explica-las-obras-que-la-evocan-y-anuncia-su-concierto\/","title":{"rendered":"Primavera: Mart\u00edn D\u00edaz explica las obras que la evocan y anuncia su concierto"},"content":{"rendered":"<h2 class=\"sub-title-primary\"><\/h2> <p>&nbsp;<\/p>\n<figure id=\"attachment_6807\" aria-describedby=\"caption-attachment-6807\" style=\"width: 308px\" class=\"wp-caption alignright\"><a href=\"https:\/\/www.diario5.com.ar\/wp-content\/uploads\/2014\/09\/piazzolla2.jpg\"><img decoding=\"async\" loading=\"lazy\" class=\"wp-image-6807\" src=\"http:\/\/diario5.com.ar\/wp-content\/uploads\/2014\/09\/piazzolla2-192x300.jpg\" alt=\"Astor\" width=\"308\" height=\"481\" srcset=\"https:\/\/www.diario5.com.ar\/wp-content\/uploads\/2014\/09\/piazzolla2-192x300.jpg 192w, https:\/\/www.diario5.com.ar\/wp-content\/uploads\/2014\/09\/piazzolla2-400x624.jpg 400w, https:\/\/www.diario5.com.ar\/wp-content\/uploads\/2014\/09\/piazzolla2-260x405.jpg 260w, https:\/\/www.diario5.com.ar\/wp-content\/uploads\/2014\/09\/piazzolla2-160x249.jpg 160w, https:\/\/www.diario5.com.ar\/wp-content\/uploads\/2014\/09\/piazzolla2.jpg 449w\" sizes=\"(max-width: 308px) 100vw, 308px\" \/><\/a><figcaption id=\"caption-attachment-6807\" class=\"wp-caption-text\">Astor<\/figcaption><\/figure>\n<p><em><span id=\"yui_3_16_0_1_1411332434978_2016\" style=\"color: #000000; font-size: medium;\">Buenos Aires est\u00e1 viviendo su arranque de primavera que se anticipa d\u00eda perfecto: soleado, con 8\u00ba de m\u00ednima prevista y m\u00e1xima de 20\u00ba. Hoy, al vuelo y como un lujo, el pianista Mart\u00edn D\u00edaz, quien realizar\u00e1 un enorme homenaje m\u00faltiple el pr\u00f3ximo s\u00e1bado en el auditorio de la Fundaci\u00f3n Beethoven, nos deja, de pluma propia, un paneo del v\u00ednculo entre la m\u00fasica y la estaci\u00f3n del renacer.<\/span><\/em><\/p>\n<p><span id=\"yui_3_16_0_1_1411332434978_2016\" style=\"color: #000000; font-size: medium;\">La primavera siempre fue motivo de inspiraci\u00f3n para grandes los\u00a0compositores. Por Mart\u00edn D\u00edaz<\/span><br style=\"color: #000000;\" \/><span style=\"color: #000000;\">\u00a0<\/span><br style=\"color: #000000;\" \/><span id=\"yui_3_16_0_1_1411332434978_2017\" style=\"color: #000000; font-size: medium;\"><strong style=\"font-weight: bold;\">Vivaldi<\/strong>\u00a0compuso \u00abLas cuatro estaciones\u00bb, dentro de las cuales se encuentra \u00abLa primavera\u00bb.\u00a0En realidad \u00a0es un \u00a0concierto para viol\u00edn y orquesta\u00a0, donde la orquesta no se limita solamente a acompa\u00f1ar al instrumento solista y tiene una presencia vital.<\/span><br style=\"color: #000000;\" \/><span style=\"color: #000000;\">\u00a0<\/span><br style=\"color: #000000;\" \/><span id=\"yui_3_16_0_1_1411332434978_2011\" style=\"color: #000000; font-size: medium;\">Tiene tres tiempos: r\u00e1pido ( Allegro)-lento (Largo)y otro \u00a0r\u00e1pido\u00a0 (Allegro).\u00a0 Vivaldi\u00a0 hace alusi\u00f2n a los p\u00e1jaros , a una tormenta, a los campos verdes\u00a0 y ninfas que danzan.<\/span><br style=\"color: #000000;\" \/><br style=\"color: #000000;\" \/><span style=\"color: #000000;\">onsta de tres movimientos: 1.\u00ba: Allegro, 2\u00ba.: Largo, 3.\u00ba: Allegro. Uno de los recursos compositivos de Vivaldi es la repetici\u00f3n de un estribillo, llamado ritornello. A continuaci\u00f3n se presentan los tres movimientos de\u00a0<\/span><em style=\"font-style: italic; color: #000000;\"><strong style=\"font-weight: bold;\">\u00abLa primavera\u00bb.<\/strong><\/em><br style=\"color: #000000;\" \/><br style=\"color: #000000;\" \/><strong id=\"yui_3_16_0_1_1411332434978_2012\" style=\"font-weight: bold; color: #000000;\">Primer movimiento:<\/strong><span style=\"color: #000000;\">\u00a0<\/span><em style=\"font-style: italic; color: #000000;\">Allegro<\/em><br style=\"color: #000000;\" \/><br style=\"color: #000000;\" \/><span style=\"color: #000000;\">Con un sonriente tema de tres compases, la orquesta anuncia la llegada de la primavera. Eco de este tema. Aparici\u00f3n del solista acompa\u00f1ado por un par de violines que imitan el canto de los p\u00e1jaros. Luego, ondulantes figuras de dobles corcheas describen el agua brotando libremente de una fuente. S\u00fabita aparici\u00f3n del solista sugiriendo una tormenta, nuevas exposiciones del tema con eco y fin del movimiento.<\/span><br style=\"color: #000000;\" \/><br style=\"color: #000000;\" \/><strong style=\"font-weight: bold; color: #000000;\">Segundo movimiento:<\/strong><span style=\"color: #000000;\">\u00a0<\/span><em style=\"font-style: italic; color: #000000;\">Largo\u00a0<\/em><br style=\"color: #000000;\" \/><br style=\"color: #000000;\" \/><span style=\"color: #000000;\">Sobre el verde campo y a la sombra de un frondoso \u00e1rbol un pastor de cabras duerme una placentera siesta y, cerca de \u00e9l, su perro ladra. En este movimiento la formula r\u00edtmica est\u00e1 a cargo de los violines, el ladrido del perro es remedado por la viola con dos notas repetidas: do-do\u2026.sol-sol. Ausencia de voces graves.<\/span><br style=\"color: #000000;\" \/><br style=\"color: #000000;\" \/><strong style=\"font-weight: bold; color: #000000;\">Tercer movimiento:<\/strong><span style=\"color: #000000;\">\u00a0<\/span><em style=\"font-style: italic; color: #000000;\">Allegro<\/em><span style=\"color: #000000;\">\u00a0(Danza pastoril)<\/span><br style=\"color: #000000;\" \/><br style=\"color: #000000;\" \/><span style=\"color: #000000;\">En el campo y bajo el cielo azul pastores y ninfas danzan gozosos por la llegada de la primavera. Musicalmente la escena se desarrolla sobre un comp\u00e1s de 12\/8, con figuras r\u00edtmicas iguales para todas las cuerdas.<\/span><br style=\"color: #000000;\" \/><br style=\"color: #000000;\" \/><br style=\"color: #000000;\" \/><span id=\"yui_3_16_0_1_1411332434978_1968\" style=\"color: #000000; font-size: medium;\">Tambi\u00e8n\u00a0<strong style=\"font-weight: bold;\">IGOR STRAVINSKY<\/strong>\u00a0compuso\u00a0 el ballet \u00abLa consagraci\u00f2n de la Primavera\u00bb a pedido del ballet Ruso de Sergei Diaghilev.\u00a0\u00a0Se estren\u00f3 en el\u00a0\u00a0<a id=\"yui_3_16_0_1_1411332434978_1969\" class=\"yiv3861130095ecxmw-redirect\" style=\"color: #196ad4;\" title=\"Th\u00e9\u00e2tre des Champs-\u00c9lys\u00e9es\" href=\"http:\/\/es.wikipedia.org\/wiki\/Th%C3%A9%C3%A2tre_des_Champs-%C3%89lys%C3%A9es\" target=\"_blank\" rel=\"nofollow\">Th\u00e9\u00e2tre des Champs-\u00c9lys\u00e9es<\/a>\u00a0el\u00a0<a id=\"yui_3_16_0_1_1411332434978_1970\" style=\"color: #196ad4;\" title=\"29 de mayo\" href=\"http:\/\/es.wikipedia.org\/wiki\/29_de_mayo\" target=\"_blank\" rel=\"nofollow\">29 de mayo<\/a>\u00a0de\u00a0<a style=\"color: #196ad4;\" title=\"1913\" href=\"http:\/\/es.wikipedia.org\/wiki\/1913\" target=\"_blank\" rel=\"nofollow\">1913<\/a>\u00a0 y tuvo gran rechazo en su \u00e9poca, provocando que en el segundo acto se tuviera que contener al p\u00fablico.<\/span><br style=\"color: #000000;\" \/><span style=\"color: #000000;\">\u00a0<\/span><br style=\"color: #000000;\" \/><span id=\"yui_3_16_0_1_1411332434978_1960\" style=\"color: #000000; font-size: medium;\">Al \u00a0estreno acudieron Picasso, Coc\u00f3 Chanel . El p\u00fablico no estaba preparado para escuchar esta m\u00fasica . A todo eso hay que sumar que el a\u00f1o anterior el compositor \u00a0Debussy hab\u00eda estrenado en el mismo teatro \u00a0\u00abPreludio a la siesta de un fauno\u00bb ,donde\u00a0 el bailar\u00edn Nijinsky aparec\u00eda con mallas ajustadas\u00a0 y tambi\u00e8n ninfas semidusnudas\u00a0en \u00a0el escenario. Lo cierto que la \u00abConsagraci\u00f2n de la Primavera\u00bb es una obra maestra y fue una de las partituras preferidas de \u00c1stor Piazzolla.<\/span><br style=\"color: #000000;\" \/><span style=\"color: #000000;\">\u00a0<\/span><br style=\"color: #000000;\" \/><span id=\"yui_3_16_0_1_1411332434978_1971\" style=\"color: #000000; font-size: medium;\">Piazzolla compuso \u00abPrimavera Porte\u00f1a\u00bb en 1970. Fue pensada para tocar como una obra independiente, aunque muchas veces se toca con \u00abInvierno\u00bb,\u00bbOto\u00f1o\u00bb y verano Porte\u00f1o.<\/span><br style=\"color: #000000;\" \/><br style=\"color: #000000;\" \/><br style=\"color: #000000;\" \/><span style=\"color: #000000;\">RECITAL DE MART\u00cdN D\u00cdAZ EL PR\u00d3XIMO S\u00c1BADO 27 DE SEPTIEMBRE A LAS 19,30 HS EN EL AUDITORIO DE LA FUNDACI\u00d3N BEETHOVEN , AV STA F\u00c9 1452.<\/span><br style=\"color: #000000;\" \/><span style=\"color: #000000;\">HOMENAJE A OSMAR MADERNA: TANGOS, VALSES Y MILONGAS . LOCALIDADES $50 .<\/span><\/p>","protected":false},"excerpt":{"rendered":"<p>&nbsp; Buenos Aires est\u00e1 viviendo su arranque de primavera que se anticipa d\u00eda perfecto: soleado, con 8\u00ba de m\u00ednima prevista y m\u00e1xima de 20\u00ba. Hoy, al vuelo y como un lujo, el pianista Mart\u00edn D\u00edaz, quien realizar\u00e1 un enorme homenaje m\u00faltiple el pr\u00f3ximo s\u00e1bado en el auditorio de la Fundaci\u00f3n Beethoven, nos deja, de pluma [&hellip;]<\/p>","protected":false},"author":1,"featured_media":6807,"comment_status":"open","ping_status":"open","sticky":false,"template":"","format":"standard","meta":[],"categories":[5],"tags":[],"series":[],"_links":{"self":[{"href":"https:\/\/www.diario5.com.ar\/es\/wp-json\/wp\/v2\/posts\/6806"}],"collection":[{"href":"https:\/\/www.diario5.com.ar\/es\/wp-json\/wp\/v2\/posts"}],"about":[{"href":"https:\/\/www.diario5.com.ar\/es\/wp-json\/wp\/v2\/types\/post"}],"author":[{"embeddable":true,"href":"https:\/\/www.diario5.com.ar\/es\/wp-json\/wp\/v2\/users\/1"}],"replies":[{"embeddable":true,"href":"https:\/\/www.diario5.com.ar\/es\/wp-json\/wp\/v2\/comments?post=6806"}],"version-history":[{"count":1,"href":"https:\/\/www.diario5.com.ar\/es\/wp-json\/wp\/v2\/posts\/6806\/revisions"}],"predecessor-version":[{"id":6808,"href":"https:\/\/www.diario5.com.ar\/es\/wp-json\/wp\/v2\/posts\/6806\/revisions\/6808"}],"wp:featuredmedia":[{"embeddable":true,"href":"https:\/\/www.diario5.com.ar\/es\/wp-json\/wp\/v2\/media\/6807"}],"wp:attachment":[{"href":"https:\/\/www.diario5.com.ar\/es\/wp-json\/wp\/v2\/media?parent=6806"}],"wp:term":[{"taxonomy":"category","embeddable":true,"href":"https:\/\/www.diario5.com.ar\/es\/wp-json\/wp\/v2\/categories?post=6806"},{"taxonomy":"post_tag","embeddable":true,"href":"https:\/\/www.diario5.com.ar\/es\/wp-json\/wp\/v2\/tags?post=6806"},{"taxonomy":"series","embeddable":true,"href":"https:\/\/www.diario5.com.ar\/es\/wp-json\/wp\/v2\/series?post=6806"}],"curies":[{"name":"wp","href":"https:\/\/api.w.org\/{rel}","templated":true}]}}