{"id":6799,"date":"2014-09-17T20:34:22","date_gmt":"2014-09-17T23:34:22","guid":{"rendered":"http:\/\/diario5.com.ar\/?p=6799"},"modified":"2014-09-18T02:36:10","modified_gmt":"2014-09-18T05:36:10","slug":"una-deuda-saldada","status":"publish","type":"post","link":"https:\/\/www.diario5.com.ar\/es\/una-deuda-saldada\/","title":{"rendered":"Una deuda saldada"},"content":{"rendered":"<h2 class=\"sub-title-primary\"><\/h2> <figure id=\"attachment_6800\" aria-describedby=\"caption-attachment-6800\" style=\"width: 467px\" class=\"wp-caption alignright\"><a href=\"https:\/\/www.diario5.com.ar\/wp-content\/uploads\/2014\/09\/foto0710.jpg\"><img decoding=\"async\" loading=\"lazy\" class=\"wp-image-6800\" src=\"http:\/\/diario5.com.ar\/wp-content\/uploads\/2014\/09\/foto0710-300x225.jpg\" alt=\"La primera edici\u00f3n de Buenos Aires Celebra Galicia\" width=\"467\" height=\"350\" srcset=\"https:\/\/www.diario5.com.ar\/wp-content\/uploads\/2014\/09\/foto0710-300x225.jpg 300w, https:\/\/www.diario5.com.ar\/wp-content\/uploads\/2014\/09\/foto0710-1024x768.jpg 1024w, https:\/\/www.diario5.com.ar\/wp-content\/uploads\/2014\/09\/foto0710-768x576.jpg 768w, https:\/\/www.diario5.com.ar\/wp-content\/uploads\/2014\/09\/foto0710-1536x1152.jpg 1536w, https:\/\/www.diario5.com.ar\/wp-content\/uploads\/2014\/09\/foto0710-400x300.jpg 400w, https:\/\/www.diario5.com.ar\/wp-content\/uploads\/2014\/09\/foto0710-260x195.jpg 260w, https:\/\/www.diario5.com.ar\/wp-content\/uploads\/2014\/09\/foto0710-160x120.jpg 160w, https:\/\/www.diario5.com.ar\/wp-content\/uploads\/2014\/09\/foto0710.jpg 2048w\" sizes=\"(max-width: 467px) 100vw, 467px\" \/><\/a><figcaption id=\"caption-attachment-6800\" class=\"wp-caption-text\">La primera edici\u00f3n de Buenos Aires Celebra Galicia<\/figcaption><\/figure>\n<p>Era necesario. Los \u00abBuenos Aires Celebra\u00bb marcaban agenda para las fiestas de colectividades nacionales y brindaban a los extranjeros una oportunidad de reuni\u00f3n exclusiva \u00a0para enarbolar una bandera \u00abde pa\u00eds\u00bb. Pero el espectro inmigratorio porte\u00f1o y argentino es mucho m\u00e1s complejo: el caso del <em>Buenos Aires Celebra Galicia<\/em> signific\u00f3 un ajuste en cuanto a la completud de las satisfacciones de la ciudadan\u00eda en temas de organizaci\u00f3n de \u00a0eventos que impliquen el cumplimiento de ciertas tendencias culturales que no son matem\u00e1ticas ni est\u00e1n en libros de historia, ni geograf\u00eda ni antropolog\u00eda.<\/p>\n<p>Durante m\u00e1s de 80 a\u00f1os, las fiestas de comunidades tuvieron etapas en las que superaban ampliamente en fervor, alegr\u00eda y muestra de tradiciones a las que se planteaban como actos de nacionalidades. Probablemente cierto facilismo cultural vern\u00e1culo nos llev\u00f3 a confundir, mezclar y mal identificar a decenas de comunidades, regiones y pueblos de los fueron oriundos quienes conformaron las bases de una singular poblaci\u00f3n como termina siendo la argentina en cuanto a or\u00edgenes se trata. Esto quiere decir que, con todo lo hermosa que suena la canci\u00f3n de Litto Nebbia que reza \u00abpero los argentinos llegamos de los barcos\u00bb, no podemos caer r\u00e1pidamente en la idea de que esas naves tra\u00edan miles y miles de personas de apenas 4 \u00f3 5 or\u00edgenes. Porque si a cualquier argentino \u00abpens\u00e1ltero\u00bb (persona que expresa el pensamiento de otros y no el propio) se le pregunta cu\u00e1les fueron las inmigraciones que conformaron y determinaron definitivamente el pensamiento argentino, responder\u00e1 con aires de sabihondo: \u00abgallegos, tanos y gringos\u00bb, tomando por gallegos a toda la colectividad espa\u00f1ola, por tanos (napolitanos) a toda la italiana y por gringos a una suma de nacionalidades y gentilicios que podr\u00eda abarcar un compendio. Pero la verdad es que el gallego es gallego, el leon\u00e9s es leon\u00e9s y el asturiano es asturiano.<\/p>\n<p>En contraposici\u00f3n a los pens\u00e1lteros, siempre aparecen -como m\u00ednor\u00eda, lamentablemente- los pensog\u00e9nicos (personas que generan su propio pensamiento con s\u00f3lo procesar informaci\u00f3n en crudo)- El argentino pensog\u00e9nico comprende que si bien Espa\u00f1a conforma una unidad pol\u00edtica de orden nacional, las regiones cuentan con arraigos tan fuertes que no es posible ubicarlas en rincones de soslayo. Son. Eso es lo que ocurre: \u00abson\u00bb, es decir existen, viven, generan&#8230; Las regiones (ahora nos dedicamos a las espa\u00f1olas, pero es atrapante conocer las que abrigan otros \u00a0varios pa\u00edses) guardan costumbres propias en los musical, laboral, gastron\u00f3mico y aspectos \u00edntimos de sus culturas que no siempre pueden destacadas como se merecen en una Fiesta Nacional. Pues eso ocurre con Galicia que, como si pocas fueran la motivaciones que pudi\u00e9semos enumerar para justificar su celebraci\u00f3n propia, ha identificado a Buenos Aires como \u00abla quinta provincia gallega\u00bb, armando cuatro l\u00edneas de lazo directo con La Coru\u00f1a. Lugo, Orense y Pontevedra. De manera que <em>Buenos Aires Celebra Galicia<\/em> era una deuda, ya no con la colectividad solamente, sino de Buenos Aires para consigo misma.<\/p>\n<p>En estos d\u00edas, la redes sociales han enriquecido sus contenidos con renglones de agradecimiento, cr\u00f3nicas de reencuentros, comentarios m\u00faltiples y muchas, much\u00edsimas im\u00e1genes de una fiesta que ya est\u00e1 pidiendo pista para su edici\u00f3n anual en la hist\u00f3rica Avenida de Mayo<\/p>\n<p>&nbsp;<\/p>\n<p>&nbsp;<\/p>","protected":false},"excerpt":{"rendered":"<p>Era necesario. Los \u00abBuenos Aires Celebra\u00bb marcaban agenda para las fiestas de colectividades nacionales y brindaban a los extranjeros una oportunidad de reuni\u00f3n exclusiva \u00a0para enarbolar una bandera \u00abde pa\u00eds\u00bb. Pero el espectro inmigratorio porte\u00f1o y argentino es mucho m\u00e1s complejo: el caso del Buenos Aires Celebra Galicia signific\u00f3 un ajuste en cuanto a la [&hellip;]<\/p>","protected":false},"author":3,"featured_media":6800,"comment_status":"open","ping_status":"open","sticky":false,"template":"","format":"standard","meta":[],"categories":[1],"tags":[],"series":[],"_links":{"self":[{"href":"https:\/\/www.diario5.com.ar\/es\/wp-json\/wp\/v2\/posts\/6799"}],"collection":[{"href":"https:\/\/www.diario5.com.ar\/es\/wp-json\/wp\/v2\/posts"}],"about":[{"href":"https:\/\/www.diario5.com.ar\/es\/wp-json\/wp\/v2\/types\/post"}],"author":[{"embeddable":true,"href":"https:\/\/www.diario5.com.ar\/es\/wp-json\/wp\/v2\/users\/3"}],"replies":[{"embeddable":true,"href":"https:\/\/www.diario5.com.ar\/es\/wp-json\/wp\/v2\/comments?post=6799"}],"version-history":[{"count":1,"href":"https:\/\/www.diario5.com.ar\/es\/wp-json\/wp\/v2\/posts\/6799\/revisions"}],"predecessor-version":[{"id":6801,"href":"https:\/\/www.diario5.com.ar\/es\/wp-json\/wp\/v2\/posts\/6799\/revisions\/6801"}],"wp:featuredmedia":[{"embeddable":true,"href":"https:\/\/www.diario5.com.ar\/es\/wp-json\/wp\/v2\/media\/6800"}],"wp:attachment":[{"href":"https:\/\/www.diario5.com.ar\/es\/wp-json\/wp\/v2\/media?parent=6799"}],"wp:term":[{"taxonomy":"category","embeddable":true,"href":"https:\/\/www.diario5.com.ar\/es\/wp-json\/wp\/v2\/categories?post=6799"},{"taxonomy":"post_tag","embeddable":true,"href":"https:\/\/www.diario5.com.ar\/es\/wp-json\/wp\/v2\/tags?post=6799"},{"taxonomy":"series","embeddable":true,"href":"https:\/\/www.diario5.com.ar\/es\/wp-json\/wp\/v2\/series?post=6799"}],"curies":[{"name":"wp","href":"https:\/\/api.w.org\/{rel}","templated":true}]}}