{"id":678433,"date":"2023-06-15T15:04:26","date_gmt":"2023-06-15T18:04:26","guid":{"rendered":"https:\/\/www.diario5.com.ar\/?p=678433"},"modified":"2023-09-09T16:08:30","modified_gmt":"2023-09-09T19:08:30","slug":"promociones-del-bna-en-la-semana-del-padre","status":"publish","type":"post","link":"https:\/\/www.diario5.com.ar\/es\/promociones-del-bna-en-la-semana-del-padre\/","title":{"rendered":"Promociones en la Semana del Padre"},"content":{"rendered":"<h2 class=\"sub-title-primary\"><\/h2> <p><img decoding=\"async\" loading=\"lazy\" class=\"aligncenter size-full wp-image-678538\" src=\"https:\/\/www.diario5.com.ar\/wp-content\/uploads\/2023\/07\/6977301220230703.jpg\" width=\"400\" height=\"300\" srcset=\"https:\/\/www.diario5.com.ar\/wp-content\/uploads\/2023\/07\/6977301220230703.jpg 400w, https:\/\/www.diario5.com.ar\/wp-content\/uploads\/2023\/07\/6977301220230703-300x225.jpg 300w\" sizes=\"(max-width: 400px) 100vw, 400px\" \/><\/p>\n<p>Rige una una promoci\u00f3n con descuentos del 30%, en comercios y centros de compras, pagando con las tarjetas de cr\u00e9dito Visa y Mastercard, del Banco Naci\u00f3n. Puede haber una reducci\u00f3n adicional del 20% si los locales cobran con el sistema BNA+MODO.<\/p>\n<p><img decoding=\"async\" loading=\"lazy\" class=\"alignnone size-full wp-image-678537\" src=\"https:\/\/www.diario5.com.ar\/wp-content\/uploads\/2023\/06\/bna_dia_del_padre.jpg\" alt=\"\" width=\"842\" height=\"945\" srcset=\"https:\/\/www.diario5.com.ar\/wp-content\/uploads\/2023\/06\/bna_dia_del_padre.jpg 842w, https:\/\/www.diario5.com.ar\/wp-content\/uploads\/2023\/06\/bna_dia_del_padre-267x300.jpg 267w, https:\/\/www.diario5.com.ar\/wp-content\/uploads\/2023\/06\/bna_dia_del_padre-768x862.jpg 768w\" sizes=\"(max-width: 842px) 100vw, 842px\" \/><\/p>","protected":false},"excerpt":{"rendered":"<p>Rige una una promoci\u00f3n con descuentos del 30%, en comercios y centros de compras, pagando con las tarjetas de cr\u00e9dito Visa y Mastercard, del Banco Naci\u00f3n. Puede haber una reducci\u00f3n adicional del 20% si los locales cobran con el sistema BNA+MODO.<\/p>","protected":false},"author":13,"featured_media":678538,"comment_status":"closed","ping_status":"closed","sticky":false,"template":"","format":"standard","meta":[],"categories":[81],"tags":[],"series":[],"_links":{"self":[{"href":"https:\/\/www.diario5.com.ar\/es\/wp-json\/wp\/v2\/posts\/678433"}],"collection":[{"href":"https:\/\/www.diario5.com.ar\/es\/wp-json\/wp\/v2\/posts"}],"about":[{"href":"https:\/\/www.diario5.com.ar\/es\/wp-json\/wp\/v2\/types\/post"}],"author":[{"embeddable":true,"href":"https:\/\/www.diario5.com.ar\/es\/wp-json\/wp\/v2\/users\/13"}],"replies":[{"embeddable":true,"href":"https:\/\/www.diario5.com.ar\/es\/wp-json\/wp\/v2\/comments?post=678433"}],"version-history":[{"count":3,"href":"https:\/\/www.diario5.com.ar\/es\/wp-json\/wp\/v2\/posts\/678433\/revisions"}],"predecessor-version":[{"id":680781,"href":"https:\/\/www.diario5.com.ar\/es\/wp-json\/wp\/v2\/posts\/678433\/revisions\/680781"}],"wp:featuredmedia":[{"embeddable":true,"href":"https:\/\/www.diario5.com.ar\/es\/wp-json\/wp\/v2\/media\/678538"}],"wp:attachment":[{"href":"https:\/\/www.diario5.com.ar\/es\/wp-json\/wp\/v2\/media?parent=678433"}],"wp:term":[{"taxonomy":"category","embeddable":true,"href":"https:\/\/www.diario5.com.ar\/es\/wp-json\/wp\/v2\/categories?post=678433"},{"taxonomy":"post_tag","embeddable":true,"href":"https:\/\/www.diario5.com.ar\/es\/wp-json\/wp\/v2\/tags?post=678433"},{"taxonomy":"series","embeddable":true,"href":"https:\/\/www.diario5.com.ar\/es\/wp-json\/wp\/v2\/series?post=678433"}],"curies":[{"name":"wp","href":"https:\/\/api.w.org\/{rel}","templated":true}]}}