{"id":677638,"date":"2025-06-12T06:11:00","date_gmt":"2025-06-12T09:11:00","guid":{"rendered":"http:\/\/diario5.com.ar\/?p=677638"},"modified":"2025-06-12T14:51:04","modified_gmt":"2025-06-12T17:51:04","slug":"677638","status":"publish","type":"post","link":"https:\/\/www.diario5.com.ar\/es\/677638\/","title":{"rendered":"Siempre se est\u00e1 a tiempo"},"content":{"rendered":"<h2 class=\"sub-title-primary\">El t\u00edtulo se refiere a la posibilidad de que las personas que ignoran  el concepto de Rep\u00fablica, lo aprendan y comprendan que se podr\u00e1 estar frustrado al ver que el l\u00edder a quien han apoyado y a\u00fan lo hacen, enfrenta a una sentencia desarticuladora pero no debe pasarse jam\u00e1s el l\u00edmite racional que ubica a los tres Poderes de la Democracia en su lugar correspondiente. En el \u00e1mbito pol\u00edtico, ya nadie deber\u00eda seguir perdiendo el tiempo en explicarle a un terco por qu\u00e9 no corresponde que se voten los jueces. Si la Constituci\u00f3n no te gusta, intent\u00e1 llamar una constituyente y cambiala. Mientras tanto, respetala.<\/h2> <p><img decoding=\"async\" loading=\"lazy\" class=\"alignnone size-full wp-image-693292\" src=\"https:\/\/www.diario5.com.ar\/wp-content\/uploads\/2025\/06\/muro_constitucion_d5.jpg\" alt=\"\" width=\"861\" height=\"452\" srcset=\"https:\/\/www.diario5.com.ar\/wp-content\/uploads\/2025\/06\/muro_constitucion_d5.jpg 861w, https:\/\/www.diario5.com.ar\/wp-content\/uploads\/2025\/06\/muro_constitucion_d5-300x157.jpg 300w, https:\/\/www.diario5.com.ar\/wp-content\/uploads\/2025\/06\/muro_constitucion_d5-768x403.jpg 768w\" sizes=\"(max-width: 861px) 100vw, 861px\" \/><\/p>\n<p>La confirmaci\u00f3n de la condena a Cristina Fern\u00e1ndez de Kirchner por parte de la Corte Suprema de Justicia de Argentina parece haber agrandado la profunda divisi\u00f3n que ya est\u00e1 declarada en la sociedad argentina. Estas reacciones reflejan tanto apoyo como rechazo, y reavivan el debate sobre la justicia y la pol\u00edtica en el pa\u00eds.<\/p>\n<p>\u00bfY qu\u00e9 es lo que discutimos? Porque si la discusi\u00f3n es que los jueces no son democr\u00e1ticos o que deber\u00edan -como muchos \u00abpiensan\u00bb- que deber\u00edan ser elegidos por el pueblo, hasta aqu\u00ed lleg\u00f3 la discusi\u00f3n. Si vamos a pensar que los jueces de un pa\u00eds deben responder al \u00abmandato popular\u00bb es no entender ni m\u00ednimamente de qu\u00e9 se trata la Justicia: Menos a\u00fan qu\u00e9 representa un Poder Judicial.<\/p>\n<p>Si las reacciones sociales y pol\u00edticas tiene mayor peso que las institucionales, tampoco entendimos un pito a la vela. En apoyo al fallo, sectores cercanos al gobierno, al Pro y a las expresiones pol\u00edticas no peronistas, libre de lazos afectivos con la ex-presidente tomaron la sentencia como un avance en la lucha contra la corrupci\u00f3n.<\/p>\n<p>Realmente, ciertas simpat\u00edas pol\u00edticas basadas en lo atractivo de su folklore,\u00a0 pueden desencadenar problemas realmente mayores. Por supuesto que nada detiene a algunos inversores y analistas econ\u00f3micos que mostraron \u00aboptimismo\u00bb, interpretando la decisi\u00f3n de la Corte como un factor de estabilidad pol\u00edtica que podr\u00eda favorecer la econom\u00eda nacional. En t\u00e9rminos estrictos, esa celebraci\u00f3n no conlleva a una mejora real de la condici\u00f3n sociocultural de la naci\u00f3n. Todo lo contrario: es una forma de responderles con un pulgar hacia arriba a quienes desde hace unos 14 a\u00f1os fogonean un conflicto interno de caracter\u00edsticas repudiables.<\/p>\n<p>Del otro lado, naturalmente, rechazo y movilizaci\u00f3n: El kirchnerismo convoc\u00f3 a movilizaciones en diversas ciudades, para seguir a Buenos Aires: La Plata, Tucum\u00e1n y C\u00f3rdoba tienen zonas \u00aben alerta\u00bb para expresar su desacuerdo con el fallo. Lo singular es que L\u00edderes como M\u00e1ximo Kirchner y dirigentes sindicales encabezan estas protestas, calificando la sentencia de persecuci\u00f3n pol\u00edtica, aunque ninguno alza su voz para dar a entender alg\u00fan motivo claro que contradiga las pruebas sobre las que se basa el fallo condenatorio en triple instancia.<\/p>\n<p>En cuanto a las reacciones internacionales, es natural que medios internacionales destaquen el car\u00e1cter hist\u00f3rico y libre de precenentes del fallo. Por ejemplo, Bloomberg, en un an\u00e1lisis bastante obvio, se\u00f1ala la inhabilitaci\u00f3n perpetua de Kirchner como un mensaje claro sobre los l\u00edmites de la corrupci\u00f3n en la funci\u00f3n p\u00fablica .<\/p>\n<p>Efectivamente, hay encuestas y opini\u00f3n p\u00fablica. Las primeras surgidas de trabajos de estad\u00edstica m\u00e1s o menos serios, confirman una sociedad argentina profundamente dividida respecto del fallo. Un estudio de la consultora CB indica que, aunque hay un respaldo mayoritario al fallo, persiste una fuerte polarizaci\u00f3n en torno a la figura de Cristina Kirchner y su legado pol\u00edtico .<\/p>\n<p>\u00bfPerspectivas pol\u00edticas? Todo lo que se diga como certeza comprada, puede pasar a la \u00abenclenquez\u00bb en un pase mano. La condena tendr\u00e1 un impacto en el panorama pol\u00edtico argentino como nadie puede imaginarlo. Por un lado, ha debilitado al kirchnerismo como fuerza electoral, especialmente en la provincia de Buenos Aires, donde se estaba armando la campa\u00f1a para esa candidatura de Cristina Kirchner a diputada provincial u qie, ahora, no podr\u00e1 llevar adelante. Por otro lado y por ahora, el que cree que se ha fortalecido es el oficialismo, que tiene miembros bastante desahogados, exultantes y payasoides que celebran el fallo como un supuesto triunfo para su proyecto, como si se tratara de que la agrupaci\u00f3n que comanda la Rosada hubiera tenido alg\u00fan tipo de m\u00e9rito hist\u00f3rico o coyuntural respecto de la lucha contra la corrupci\u00f3n.<\/p>\n<p>Cada poder en su lugar. Y empecemos a pensar en ense\u00f1ar Republicanismo en los colegios. Ya estamos en un cada vez m\u00e1s alto nivel de personas j\u00f3venes que no saben absolutamente nada sobre institucionalidad y desconocen de qu\u00e9 se trata la Constituci\u00f3n Nacional. Siempre se est\u00e1 a tiempo para aprender.<\/p>\n<div class=\"no-scrollbar mt-1 mb-6 flex min-h-36 flex-nowrap gap-0.5 overflow-auto sm:gap-1 sm:overflow-hidden xl:min-h-44\">\n<div class=\"border-token-border-default relative aspect-square max-h-48 w-32 shrink-0 overflow-hidden rounded-xl border-[0.5px] sm:w-[calc((100%-1rem)\/4)] md:shrink rounded-s-xl\">\n<div><\/div>\n<div><img decoding=\"async\" loading=\"lazy\" class=\"aligncenter size-full wp-image-693294\" src=\"https:\/\/www.diario5.com.ar\/wp-content\/uploads\/2025\/06\/5T7DZ7SZ65GVZHV7UGJZDIUCDU20250612.jpg\" alt=\"https:\/\/cloudfront-us-east-1.images.arcpublishing.com\/infobae\/5T7DZ7SZ65GVZHV7UGJZDIUCDU.jpg\" width=\"700\" height=\"864\" srcset=\"https:\/\/www.diario5.com.ar\/wp-content\/uploads\/2025\/06\/5T7DZ7SZ65GVZHV7UGJZDIUCDU20250612.jpg 700w, https:\/\/www.diario5.com.ar\/wp-content\/uploads\/2025\/06\/5T7DZ7SZ65GVZHV7UGJZDIUCDU20250612-243x300.jpg 243w\" sizes=\"(max-width: 700px) 100vw, 700px\" \/><\/div>\n<\/div>\n<div class=\"border-token-border-default relative aspect-square max-h-48 w-32 shrink-0 overflow-hidden rounded-xl border-[0.5px] sm:w-[calc((100%-1rem)\/4)] md:shrink\">\n<div><img decoding=\"async\" loading=\"lazy\" class=\"aligncenter size-full wp-image-693295\" src=\"https:\/\/www.diario5.com.ar\/wp-content\/uploads\/2025\/06\/las-repercusiones-la-condena-cristina-kirchner-los-medios-del-mundo20250612.png\" alt=\"https:\/\/media.losandes.com.ar\/p\/e70e22dd182c52930425d585dfab42e2\/adjuntos\/368\/imagenes\/100\/628\/0100628971\/1000x0\/smart\/las-repercusiones-la-condena-cristina-kirchner-los-medios-del-mundo.png\" width=\"700\" height=\"392\" srcset=\"https:\/\/www.diario5.com.ar\/wp-content\/uploads\/2025\/06\/las-repercusiones-la-condena-cristina-kirchner-los-medios-del-mundo20250612.png 700w, https:\/\/www.diario5.com.ar\/wp-content\/uploads\/2025\/06\/las-repercusiones-la-condena-cristina-kirchner-los-medios-del-mundo20250612-300x168.png 300w\" sizes=\"(max-width: 700px) 100vw, 700px\" \/><\/div>\n<\/div>\n<div class=\"border-token-border-default relative aspect-square max-h-48 w-32 shrink-0 overflow-hidden rounded-xl border-[0.5px] sm:w-[calc((100%-1rem)\/4)] md:shrink\">\n<div><img decoding=\"async\" loading=\"lazy\" class=\"aligncenter size-full wp-image-693296\" src=\"https:\/\/www.diario5.com.ar\/wp-content\/uploads\/2025\/06\/image-1220250612.jpg\" alt=\"https:\/\/www.labrujula24.com\/wp-content\/uploads\/2025\/06\/image-12.jpg\" width=\"700\" height=\"461\" srcset=\"https:\/\/www.diario5.com.ar\/wp-content\/uploads\/2025\/06\/image-1220250612.jpg 700w, https:\/\/www.diario5.com.ar\/wp-content\/uploads\/2025\/06\/image-1220250612-300x198.jpg 300w\" sizes=\"(max-width: 700px) 100vw, 700px\" \/><\/div>\n<\/div>\n<div class=\"border-token-border-default relative aspect-square max-h-48 w-32 shrink-0 overflow-hidden rounded-xl border-[0.5px] sm:w-[calc((100%-1rem)\/4)] md:shrink rounded-e-xl\">\n<div><img decoding=\"async\" class=\"bg-token-main-surface-tertiary m-0 h-full w-full object-cover\" src=\"https:\/\/imagenes.elpais.com\/resizer\/v2\/O4P52PPXNVM4FW6TKETJK4QKM4.jpg?auth=aada9d19be46b689555f54c84e60715ccee1d2459965964114fd602abd0acc7b&amp;focal=2553%2C1481&amp;height=1470&amp;width=1960\" alt=\"https:\/\/imagenes.elpais.com\/resizer\/v2\/O4P52PPXNVM4FW6TKETJK4QKM4.jpg?auth=aada9d19be46b689555f54c84e60715ccee1d2459965964114fd602abd0acc7b&amp;focal=2553%2C1481&amp;height=1470&amp;width=1960\" \/><\/div>\n<\/div>\n<\/div>\n<p><!--googleoff: index--><br \/>\n<!--googleon: index--><\/p>\n<p>&nbsp;<\/p>\n<p><img decoding=\"async\" loading=\"lazy\" class=\"aligncenter size-full wp-image-693297\" src=\"https:\/\/www.diario5.com.ar\/wp-content\/uploads\/2025\/06\/ar_capital_rosario20250612.jpg\" width=\"700\" height=\"939\" srcset=\"https:\/\/www.diario5.com.ar\/wp-content\/uploads\/2025\/06\/ar_capital_rosario20250612.jpg 700w, https:\/\/www.diario5.com.ar\/wp-content\/uploads\/2025\/06\/ar_capital_rosario20250612-224x300.jpg 224w\" sizes=\"(max-width: 700px) 100vw, 700px\" \/><\/p>\n<p><img decoding=\"async\" loading=\"lazy\" class=\"aligncenter size-full wp-image-693298\" src=\"https:\/\/www.diario5.com.ar\/wp-content\/uploads\/2025\/06\/esquiu20250612.jpg\" width=\"700\" height=\"932\" srcset=\"https:\/\/www.diario5.com.ar\/wp-content\/uploads\/2025\/06\/esquiu20250612.jpg 700w, https:\/\/www.diario5.com.ar\/wp-content\/uploads\/2025\/06\/esquiu20250612-225x300.jpg 225w\" sizes=\"(max-width: 700px) 100vw, 700px\" \/><\/p>\n<p><img decoding=\"async\" loading=\"lazy\" class=\"aligncenter size-full wp-image-693299\" src=\"https:\/\/www.diario5.com.ar\/wp-content\/uploads\/2025\/06\/ar_cronista20250612.jpg\" width=\"700\" height=\"993\" srcset=\"https:\/\/www.diario5.com.ar\/wp-content\/uploads\/2025\/06\/ar_cronista20250612.jpg 700w, https:\/\/www.diario5.com.ar\/wp-content\/uploads\/2025\/06\/ar_cronista20250612-211x300.jpg 211w\" sizes=\"(max-width: 700px) 100vw, 700px\" \/><\/p>\n<p><img decoding=\"async\" loading=\"lazy\" class=\"aligncenter size-full wp-image-693300\" src=\"https:\/\/www.diario5.com.ar\/wp-content\/uploads\/2025\/06\/ar_eldia20250612.jpg\" width=\"700\" height=\"1004\" srcset=\"https:\/\/www.diario5.com.ar\/wp-content\/uploads\/2025\/06\/ar_eldia20250612.jpg 700w, https:\/\/www.diario5.com.ar\/wp-content\/uploads\/2025\/06\/ar_eldia20250612-209x300.jpg 209w\" sizes=\"(max-width: 700px) 100vw, 700px\" \/><\/p>\n<p><img decoding=\"async\" loading=\"lazy\" class=\"aligncenter size-full wp-image-693301\" src=\"https:\/\/www.diario5.com.ar\/wp-content\/uploads\/2025\/06\/ar_hoy20250612.jpg\" width=\"700\" height=\"920\" srcset=\"https:\/\/www.diario5.com.ar\/wp-content\/uploads\/2025\/06\/ar_hoy20250612.jpg 700w, https:\/\/www.diario5.com.ar\/wp-content\/uploads\/2025\/06\/ar_hoy20250612-228x300.jpg 228w\" sizes=\"(max-width: 700px) 100vw, 700px\" \/><\/p>\n<p><img decoding=\"async\" loading=\"lazy\" class=\"aligncenter size-full wp-image-693302\" src=\"https:\/\/www.diario5.com.ar\/wp-content\/uploads\/2025\/06\/ar_chubut20250612.jpg\" width=\"700\" height=\"907\" srcset=\"https:\/\/www.diario5.com.ar\/wp-content\/uploads\/2025\/06\/ar_chubut20250612.jpg 700w, https:\/\/www.diario5.com.ar\/wp-content\/uploads\/2025\/06\/ar_chubut20250612-232x300.jpg 232w\" sizes=\"(max-width: 700px) 100vw, 700px\" \/><\/p>\n<p><img decoding=\"async\" loading=\"lazy\" class=\"aligncenter size-full wp-image-693303\" src=\"https:\/\/www.diario5.com.ar\/wp-content\/uploads\/2025\/06\/ar_clarin20250612.jpg\" width=\"700\" height=\"977\" srcset=\"https:\/\/www.diario5.com.ar\/wp-content\/uploads\/2025\/06\/ar_clarin20250612.jpg 700w, https:\/\/www.diario5.com.ar\/wp-content\/uploads\/2025\/06\/ar_clarin20250612-215x300.jpg 215w\" sizes=\"(max-width: 700px) 100vw, 700px\" \/><\/p>\n<p><img decoding=\"async\" loading=\"lazy\" class=\"aligncenter size-full wp-image-693304\" src=\"https:\/\/www.diario5.com.ar\/wp-content\/uploads\/2025\/06\/nacion20250612.jpg\" width=\"700\" height=\"1051\" srcset=\"https:\/\/www.diario5.com.ar\/wp-content\/uploads\/2025\/06\/nacion20250612.jpg 700w, https:\/\/www.diario5.com.ar\/wp-content\/uploads\/2025\/06\/nacion20250612-200x300.jpg 200w, https:\/\/www.diario5.com.ar\/wp-content\/uploads\/2025\/06\/nacion20250612-682x1024.jpg 682w\" sizes=\"(max-width: 700px) 100vw, 700px\" \/><\/p>\n<p><img decoding=\"async\" loading=\"lazy\" class=\"aligncenter size-full wp-image-693305\" src=\"https:\/\/www.diario5.com.ar\/wp-content\/uploads\/2025\/06\/ar_ancasti20250612.jpg\" width=\"700\" height=\"949\" srcset=\"https:\/\/www.diario5.com.ar\/wp-content\/uploads\/2025\/06\/ar_ancasti20250612.jpg 700w, https:\/\/www.diario5.com.ar\/wp-content\/uploads\/2025\/06\/ar_ancasti20250612-221x300.jpg 221w\" sizes=\"(max-width: 700px) 100vw, 700px\" \/><\/p>\n<p><img decoding=\"async\" loading=\"lazy\" class=\"aligncenter size-full wp-image-693306\" src=\"https:\/\/www.diario5.com.ar\/wp-content\/uploads\/2025\/06\/ar_rio_negro20250612.jpg\" width=\"700\" height=\"960\" srcset=\"https:\/\/www.diario5.com.ar\/wp-content\/uploads\/2025\/06\/ar_rio_negro20250612.jpg 700w, https:\/\/www.diario5.com.ar\/wp-content\/uploads\/2025\/06\/ar_rio_negro20250612-219x300.jpg 219w\" sizes=\"(max-width: 700px) 100vw, 700px\" \/><\/p>","protected":false},"excerpt":{"rendered":"<p>El t\u00edtulo se refiere a la posibilidad de que las personas que ignoran el concepto de Rep\u00fablica, lo aprendan y comprendan que se podr\u00e1 estar frustrado al ver que el l\u00edder a quien han apoyado y a\u00fan lo hacen, enfrenta a una sentencia desarticuladora pero no debe pasarse jam\u00e1s el l\u00edmite racional que ubica a [&hellip;]<\/p>","protected":false},"author":5,"featured_media":693292,"comment_status":"open","ping_status":"open","sticky":false,"template":"","format":"standard","meta":[],"categories":[75,45,56],"tags":[1177,1281,474,958,934,1817,1818,734,2794,1035,931,1860,1873,2963,1869,2982,1907,944],"series":[],"_links":{"self":[{"href":"https:\/\/www.diario5.com.ar\/es\/wp-json\/wp\/v2\/posts\/677638"}],"collection":[{"href":"https:\/\/www.diario5.com.ar\/es\/wp-json\/wp\/v2\/posts"}],"about":[{"href":"https:\/\/www.diario5.com.ar\/es\/wp-json\/wp\/v2\/types\/post"}],"author":[{"embeddable":true,"href":"https:\/\/www.diario5.com.ar\/es\/wp-json\/wp\/v2\/users\/5"}],"replies":[{"embeddable":true,"href":"https:\/\/www.diario5.com.ar\/es\/wp-json\/wp\/v2\/comments?post=677638"}],"version-history":[{"count":3,"href":"https:\/\/www.diario5.com.ar\/es\/wp-json\/wp\/v2\/posts\/677638\/revisions"}],"predecessor-version":[{"id":693307,"href":"https:\/\/www.diario5.com.ar\/es\/wp-json\/wp\/v2\/posts\/677638\/revisions\/693307"}],"wp:featuredmedia":[{"embeddable":true,"href":"https:\/\/www.diario5.com.ar\/es\/wp-json\/wp\/v2\/media\/693292"}],"wp:attachment":[{"href":"https:\/\/www.diario5.com.ar\/es\/wp-json\/wp\/v2\/media?parent=677638"}],"wp:term":[{"taxonomy":"category","embeddable":true,"href":"https:\/\/www.diario5.com.ar\/es\/wp-json\/wp\/v2\/categories?post=677638"},{"taxonomy":"post_tag","embeddable":true,"href":"https:\/\/www.diario5.com.ar\/es\/wp-json\/wp\/v2\/tags?post=677638"},{"taxonomy":"series","embeddable":true,"href":"https:\/\/www.diario5.com.ar\/es\/wp-json\/wp\/v2\/series?post=677638"}],"curies":[{"name":"wp","href":"https:\/\/api.w.org\/{rel}","templated":true}]}}