{"id":677633,"date":"2025-06-07T06:11:00","date_gmt":"2025-06-07T09:11:00","guid":{"rendered":"http:\/\/diario5.com.ar\/?p=677633"},"modified":"2025-06-07T06:14:07","modified_gmt":"2025-06-07T09:14:07","slug":"677633","status":"publish","type":"post","link":"https:\/\/www.diario5.com.ar\/es\/677633\/","title":{"rendered":"Col\u00f3n, Feria y Periodistas"},"content":{"rendered":"<h2 class=\"sub-title-primary\"><\/h2> <p><img decoding=\"async\" src=\"https:\/\/www.diario5.com.ar\/imgtapas\/urgente_01.jpg\" \/><\/p>\n<p>En el D\u00eda del Periodista, el evento m\u00e1s af\u00edn a esta actividad tiene lugar en el Museo G\u00fciraldes. Construcci\u00f3n hermosa, si las hay. Est\u00e1 cerrando, hoy, all\u00ed, el ciclo llamado Urgente! Libros y Periodistas. Diario 5 anticip\u00f3 todas las actividades y los notables panelistas que all\u00ed participan. Es una extraordinaria actividad gratuita.<\/p>\n<p>En este fin de semana, Buenos Aires tambi\u00e9n propone una nueva edici\u00f3n del ciclo \u201cCol\u00f3n para Ni\u00f1os\u201d. Todos los antecedentes de ofertas para chicos en la sala l\u00edrica mayor de las Am\u00e9ricas fueron exitosos. La iniciativa busca acercar a los m\u00e1s chicos al universo art\u00edstico del Teatro Col\u00f3n a trav\u00e9s de espect\u00e1culos, talleres y experiencias participativas especialmente dise\u00f1adas para el p\u00fablico infantil.<\/p>\n<p>En el trimestre patrio, otro de los eventos centrales ser\u00e1 el aniversario de la Feria de Mataderos. Si ya es costumbre su inclinaci\u00f3n a rescatar tradiciones argentinas, en esta etapa vayamos tildando como \u00abrecargado\u00bb a este cl\u00e1sico porte\u00f1o. Es un paseo de jerarqu\u00eda, con oferta variada en cuanto a gastronom\u00eda regional. All\u00ed, algunos de los puestos de artesan\u00edas son \u00fanicos en su rubro. El punto porte\u00f1o de encuentro para la cultura criolla, m\u00fasica en vivo y danzas folcl\u00f3ricas suma, esta vez, un mayor entorno festivo para celebrar su propia existencia por la preservaci\u00f3n de lo argentino aut\u00e9ntico.<\/p>\n<p>Entonces, ya anticipamos que Buenos Aires tiene abierto este fin de semana un espacio para la reflexi\u00f3n y el pensamiento cr\u00edtico con el primer encuentro del ciclo \u201cLibros y Periodistas\u201d. Ser\u00e1 en la Biblioteca Ricardo G\u00fciraldes. All\u00ed estaremos La propuesta re\u00fane a autores, cronistas y lectores en un espacio abierto al di\u00e1logo sobre la actualidad, la literatura y el rol del periodismo en la vida cultural de la ciudad.<\/p>\n<p>Hoy cierra con estos paneles:<\/p>\n<p>14.00 | \u00bfEl poder enferma?<br \/>\nEntrevista a Nelson Castro por Demetrio L\u00f3pez<\/p>\n<p>15.00 | Auge del policial y el true crime<br \/>\nEntrevista a Ricardo Canaletti por Rita Zanola<\/p>\n<p>16.00 | Costumbres argentinas: FMI, inflaci\u00f3n, d\u00f3lar, recesi\u00f3n<br \/>\nParticipan: Alejandro Bercovich, Alejandra Gallo, Silvia Naishtat<br \/>\nModera: Alejandro Alen Vilas<\/p>\n<p>17.00 | C\u00f3mo se informa en el nuevo milenio. Formar periodistas<br \/>\nParticipan: Reynaldo Sietecase, Hinde Pomeraniec, Carlos Ares, Jos\u00e9 Crettaz<br \/>\nModera: Gustavo Coscarello<\/p>\n<p>18.00 | Conversatorio final: El periodismo frente al poder<br \/>\nParticipan: Pablo Sirv\u00e9n, Facundo Pastor, Romina Manguel, Agust\u00edn Lecchi<\/p>\n<p>&nbsp;<\/p>\n<p><img decoding=\"async\" src=\"https:\/\/img.kiosko.net\/2025\/06\/07\/ar\/ar_capital_rosario.jpg\" \/><\/p>\n<p><img decoding=\"async\" loading=\"lazy\" class=\"aligncenter size-full wp-image-693231\" src=\"https:\/\/www.diario5.com.ar\/wp-content\/uploads\/2025\/06\/ar_nueva_provincia20250607.jpg\" width=\"700\" height=\"970\" srcset=\"https:\/\/www.diario5.com.ar\/wp-content\/uploads\/2025\/06\/ar_nueva_provincia20250607.jpg 700w, https:\/\/www.diario5.com.ar\/wp-content\/uploads\/2025\/06\/ar_nueva_provincia20250607-216x300.jpg 216w\" sizes=\"(max-width: 700px) 100vw, 700px\" \/><\/p>\n<p><img decoding=\"async\" src=\"https:\/\/img.kiosko.net\/2025\/06\/07\/ar\/ar_duplicado.jpg\" \/><\/p>\n<p><img decoding=\"async\" loading=\"lazy\" class=\"aligncenter size-full wp-image-693232\" src=\"https:\/\/www.diario5.com.ar\/wp-content\/uploads\/2025\/06\/esquiu20250607.jpg\" width=\"700\" height=\"932\" srcset=\"https:\/\/www.diario5.com.ar\/wp-content\/uploads\/2025\/06\/esquiu20250607.jpg 700w, https:\/\/www.diario5.com.ar\/wp-content\/uploads\/2025\/06\/esquiu20250607-225x300.jpg 225w\" sizes=\"(max-width: 700px) 100vw, 700px\" \/><\/p>\n<p><img decoding=\"async\" src=\"https:\/\/img.kiosko.net\/2025\/06\/07\/ar\/ar_diario_norte.jpg\" \/><\/p>\n<p><img decoding=\"async\" src=\"https:\/\/img.kiosko.net\/2025\/06\/07\/ar\/voz_chaco.jpg\" \/><\/p>\n<p><img decoding=\"async\" src=\"https:\/\/img.kiosko.net\/2025\/06\/07\/ar\/ar_diario_madryn.jpg\" \/><\/p>\n<p><img decoding=\"async\" src=\"https:\/\/img.kiosko.net\/2025\/06\/07\/ar\/ar_laprensa.jpg\" \/><\/p>\n<p><img decoding=\"async\" src=\"https:\/\/img.kiosko.net\/2025\/06\/07\/ar\/ar_cronista.jpg\" \/><\/p>\n<p><img decoding=\"async\" src=\"https:\/\/img.kiosko.net\/2025\/06\/07\/ar\/buenosaires_economico.jpg\" \/><\/p>\n<p><img decoding=\"async\" src=\"https:\/\/img.kiosko.net\/2025\/06\/07\/ar\/ar_perfil.jpg\" \/><\/p>\n<p><img decoding=\"async\" loading=\"lazy\" class=\"aligncenter size-full wp-image-693233\" src=\"https:\/\/www.diario5.com.ar\/wp-content\/uploads\/2025\/06\/ar_eldia20250607.jpg\" width=\"700\" height=\"1004\" srcset=\"https:\/\/www.diario5.com.ar\/wp-content\/uploads\/2025\/06\/ar_eldia20250607.jpg 700w, https:\/\/www.diario5.com.ar\/wp-content\/uploads\/2025\/06\/ar_eldia20250607-209x300.jpg 209w\" sizes=\"(max-width: 700px) 100vw, 700px\" \/><\/p>\n<p><img decoding=\"async\" src=\"https:\/\/img.kiosko.net\/2025\/06\/07\/ar\/ar_hoy.jpg\" \/><\/p>\n<p><img decoding=\"async\" src=\"https:\/\/img.kiosko.net\/2025\/06\/07\/ar\/ar_democracia.jpg\" \/><\/p>\n<p><img decoding=\"async\" loading=\"lazy\" class=\"aligncenter size-full wp-image-693234\" src=\"https:\/\/www.diario5.com.ar\/wp-content\/uploads\/2025\/06\/ar_chubut20250607.jpg\" width=\"700\" height=\"902\" srcset=\"https:\/\/www.diario5.com.ar\/wp-content\/uploads\/2025\/06\/ar_chubut20250607.jpg 700w, https:\/\/www.diario5.com.ar\/wp-content\/uploads\/2025\/06\/ar_chubut20250607-233x300.jpg 233w\" sizes=\"(max-width: 700px) 100vw, 700px\" \/><\/p>\n<p><img decoding=\"async\" src=\"https:\/\/img.kiosko.net\/2025\/06\/07\/ar\/ar_epoca.jpg\" \/><\/p>\n<p><img decoding=\"async\" src=\"https:\/\/img.kiosko.net\/2025\/06\/07\/ar\/ar_litoral.jpg\" \/><\/p>\n<p><img decoding=\"async\" src=\"https:\/\/img.kiosko.net\/2025\/06\/07\/ar\/ar_heraldo.jpg\" \/><\/p>\n<p><img decoding=\"async\" src=\"https:\/\/img.kiosko.net\/2025\/06\/07\/ar\/ar_manana_formosa.jpg\" \/><\/p>\n<p><img decoding=\"async\" src=\"https:\/\/img.kiosko.net\/2025\/06\/07\/ar\/ar_diario_pampa.jpg\" \/><\/p>\n<p><img decoding=\"async\" src=\"https:\/\/img.kiosko.net\/2025\/06\/07\/ar\/ar_pagina12.jpg\" \/><\/p>\n<p><img decoding=\"async\" src=\"https:\/\/img.kiosko.net\/2025\/06\/07\/ar\/ar_arena.jpg\" \/><\/p>\n<p><img decoding=\"async\" src=\"https:\/\/img.kiosko.net\/2025\/06\/07\/ar\/independiente.jpg\" \/><\/p>\n<p><img decoding=\"async\" src=\"https:\/\/img.kiosko.net\/2025\/06\/07\/ar\/nueva_rioja.jpg\" \/><\/p>\n<p><img decoding=\"async\" src=\"https:\/\/img.kiosko.net\/2025\/06\/07\/ar\/ar_losandes.jpg\" \/><\/p>\n<p><img decoding=\"async\" src=\"https:\/\/img.kiosko.net\/2025\/06\/07\/ar\/ar_tribuno.jpg\" \/><\/p>\n<p><img decoding=\"async\" src=\"https:\/\/img.kiosko.net\/2025\/06\/07\/ar\/lea.jpg\" \/><\/p>\n<p><img decoding=\"async\" src=\"https:\/\/img.kiosko.net\/2025\/06\/07\/ar\/ar_nuevo_diario.jpg\" \/><\/p>\n<p><img decoding=\"async\" src=\"https:\/\/img.kiosko.net\/2025\/06\/07\/ar\/ar_diario_cuyo.jpg\" \/><\/p>\n<p><img decoding=\"async\" src=\"https:\/\/img.kiosko.net\/2025\/06\/07\/ar\/huarpe.jpg\" \/><\/p>\n<p><img decoding=\"async\" src=\"https:\/\/img.kiosko.net\/2025\/06\/07\/ar\/ar_diario_republica.jpg\" \/><\/p>\n<p><img decoding=\"async\" src=\"https:\/\/img.kiosko.net\/2025\/06\/07\/ar\/ar_litoral_sfe.jpg\" \/><\/p>\n<p><img decoding=\"async\" src=\"https:\/\/img.kiosko.net\/2025\/06\/07\/ar\/ciudadano.jpg\" \/><\/p>\n<p><img decoding=\"async\" src=\"https:\/\/img.kiosko.net\/2025\/06\/07\/ar\/ar_mirador_provincial.jpg\" \/><\/p>\n<p><img decoding=\"async\" src=\"https:\/\/img.kiosko.net\/2025\/06\/07\/ar\/ar_gaceta.jpg\" \/><\/p>\n<p><img decoding=\"async\" src=\"https:\/\/img.kiosko.net\/2025\/06\/07\/ar\/ar_cronica.jpg\" \/><\/p>\n<p><img decoding=\"async\" loading=\"lazy\" class=\"aligncenter size-full wp-image-693235\" src=\"https:\/\/www.diario5.com.ar\/wp-content\/uploads\/2025\/06\/ar_clarin20250607.jpg\" width=\"700\" height=\"977\" srcset=\"https:\/\/www.diario5.com.ar\/wp-content\/uploads\/2025\/06\/ar_clarin20250607.jpg 700w, https:\/\/www.diario5.com.ar\/wp-content\/uploads\/2025\/06\/ar_clarin20250607-215x300.jpg 215w\" sizes=\"(max-width: 700px) 100vw, 700px\" \/><\/p>\n<p><img decoding=\"async\" loading=\"lazy\" class=\"aligncenter size-full wp-image-693236\" src=\"https:\/\/www.diario5.com.ar\/wp-content\/uploads\/2025\/06\/nacion20250607.jpg\" width=\"700\" height=\"1056\" srcset=\"https:\/\/www.diario5.com.ar\/wp-content\/uploads\/2025\/06\/nacion20250607.jpg 700w, https:\/\/www.diario5.com.ar\/wp-content\/uploads\/2025\/06\/nacion20250607-199x300.jpg 199w, https:\/\/www.diario5.com.ar\/wp-content\/uploads\/2025\/06\/nacion20250607-679x1024.jpg 679w\" sizes=\"(max-width: 700px) 100vw, 700px\" \/><\/p>\n<p><img decoding=\"async\" src=\"https:\/\/img.kiosko.net\/2025\/06\/07\/ar\/ar_eco.jpg\" \/><\/p>\n<p><img decoding=\"async\" src=\"https:\/\/img.kiosko.net\/2025\/06\/07\/ar\/nuevo_diario.jpg\" \/><\/p>\n<p><img decoding=\"async\" src=\"https:\/\/img.kiosko.net\/2025\/06\/07\/ar\/sureno.jpg\" \/><\/p>\n<p><img decoding=\"async\" src=\"https:\/\/img.kiosko.net\/2025\/06\/07\/ar\/ar_duplicado.jpg\" \/><\/p>\n<p><img decoding=\"async\" src=\"https:\/\/img.kiosko.net\/2025\/06\/07\/ar\/tiempo_sur.jpg\" \/><\/p>\n<p><img decoding=\"async\" src=\"https:\/\/img.kiosko.net\/2025\/06\/07\/ar\/tiempo_argentino.jpg\" \/><\/p>\n<p><img decoding=\"async\" src=\"https:\/\/img.kiosko.net\/2025\/06\/07\/ar\/ar_epoca.jpg\" \/><\/p>\n<p><img decoding=\"async\" src=\"https:\/\/img.kiosko.net\/2025\/06\/07\/ar\/ar_elsol.jpg\" \/><\/p>\n<p><img decoding=\"async\" loading=\"lazy\" class=\"aligncenter size-full wp-image-693237\" src=\"https:\/\/www.diario5.com.ar\/wp-content\/uploads\/2025\/06\/ar_ancasti20250607.jpg\" width=\"700\" height=\"942\" srcset=\"https:\/\/www.diario5.com.ar\/wp-content\/uploads\/2025\/06\/ar_ancasti20250607.jpg 700w, https:\/\/www.diario5.com.ar\/wp-content\/uploads\/2025\/06\/ar_ancasti20250607-223x300.jpg 223w\" sizes=\"(max-width: 700px) 100vw, 700px\" \/><\/p>\n<p><img decoding=\"async\" loading=\"lazy\" class=\"aligncenter size-full wp-image-693238\" src=\"https:\/\/www.diario5.com.ar\/wp-content\/uploads\/2025\/06\/ar_rio_negro20250607.jpg\" width=\"700\" height=\"954\" srcset=\"https:\/\/www.diario5.com.ar\/wp-content\/uploads\/2025\/06\/ar_rio_negro20250607.jpg 700w, https:\/\/www.diario5.com.ar\/wp-content\/uploads\/2025\/06\/ar_rio_negro20250607-220x300.jpg 220w\" sizes=\"(max-width: 700px) 100vw, 700px\" \/><\/p>\n<p><img decoding=\"async\" src=\"https:\/\/img.kiosko.net\/2025\/06\/07\/ar\/ar_03.jpg\" \/><\/p>\n<p><img decoding=\"async\" src=\"https:\/\/img.kiosko.net\/2025\/06\/07\/ar\/ar_04.jpg\" \/><\/p>\n<p><img decoding=\"async\" src=\"https:\/\/img.kiosko.net\/2025\/06\/07\/ar\/ar_05.jpg\" \/><\/p>\n<p>&nbsp;<\/p>","protected":false},"excerpt":{"rendered":"<p>En el D\u00eda del Periodista, el evento m\u00e1s af\u00edn a esta actividad tiene lugar en el Museo G\u00fciraldes. Construcci\u00f3n hermosa, si las hay. Est\u00e1 cerrando, hoy, all\u00ed, el ciclo llamado Urgente! Libros y Periodistas. Diario 5 anticip\u00f3 todas las actividades y los notables panelistas que all\u00ed participan. Es una extraordinaria actividad gratuita. En este fin [&hellip;]<\/p>","protected":false},"author":5,"featured_media":693229,"comment_status":"open","ping_status":"open","sticky":false,"template":"","format":"standard","meta":[],"categories":[3112,5,3113,52],"tags":[3130,3142,3131,3133,474,2043,3114,3134,3137,3124,3117,3118,1283,3128,3138,3121,3140,3116,1776,3122,2301,2026,3120,2529,3127,1774,3123,3139,1863,3136,3135,3129,3125,2614,3126,3141,3132,1859,3115,3143,3119],"series":[],"_links":{"self":[{"href":"https:\/\/www.diario5.com.ar\/es\/wp-json\/wp\/v2\/posts\/677633"}],"collection":[{"href":"https:\/\/www.diario5.com.ar\/es\/wp-json\/wp\/v2\/posts"}],"about":[{"href":"https:\/\/www.diario5.com.ar\/es\/wp-json\/wp\/v2\/types\/post"}],"author":[{"embeddable":true,"href":"https:\/\/www.diario5.com.ar\/es\/wp-json\/wp\/v2\/users\/5"}],"replies":[{"embeddable":true,"href":"https:\/\/www.diario5.com.ar\/es\/wp-json\/wp\/v2\/comments?post=677633"}],"version-history":[{"count":5,"href":"https:\/\/www.diario5.com.ar\/es\/wp-json\/wp\/v2\/posts\/677633\/revisions"}],"predecessor-version":[{"id":693228,"href":"https:\/\/www.diario5.com.ar\/es\/wp-json\/wp\/v2\/posts\/677633\/revisions\/693228"}],"wp:featuredmedia":[{"embeddable":true,"href":"https:\/\/www.diario5.com.ar\/es\/wp-json\/wp\/v2\/media\/693229"}],"wp:attachment":[{"href":"https:\/\/www.diario5.com.ar\/es\/wp-json\/wp\/v2\/media?parent=677633"}],"wp:term":[{"taxonomy":"category","embeddable":true,"href":"https:\/\/www.diario5.com.ar\/es\/wp-json\/wp\/v2\/categories?post=677633"},{"taxonomy":"post_tag","embeddable":true,"href":"https:\/\/www.diario5.com.ar\/es\/wp-json\/wp\/v2\/tags?post=677633"},{"taxonomy":"series","embeddable":true,"href":"https:\/\/www.diario5.com.ar\/es\/wp-json\/wp\/v2\/series?post=677633"}],"curies":[{"name":"wp","href":"https:\/\/api.w.org\/{rel}","templated":true}]}}