{"id":677620,"date":"2025-05-25T06:11:00","date_gmt":"2025-05-25T09:11:00","guid":{"rendered":"http:\/\/diario5.com.ar\/?p=677620"},"modified":"2025-05-25T06:14:09","modified_gmt":"2025-05-25T09:14:09","slug":"677620","status":"publish","type":"post","link":"https:\/\/www.diario5.com.ar\/es\/677620\/","title":{"rendered":"Carrera Maya"},"content":{"rendered":"<h2 class=\"sub-title-primary\">El 25 de mayo es Buenos Aires<\/h2> <p><img decoding=\"async\" loading=\"lazy\" class=\"alignnone size-full wp-image-693016\" src=\"https:\/\/www.diario5.com.ar\/wp-content\/uploads\/2025\/05\/carrera_maya_d5.jpg\" alt=\"\" width=\"1505\" height=\"923\" srcset=\"https:\/\/www.diario5.com.ar\/wp-content\/uploads\/2025\/05\/carrera_maya_d5.jpg 1505w, https:\/\/www.diario5.com.ar\/wp-content\/uploads\/2025\/05\/carrera_maya_d5-300x184.jpg 300w, https:\/\/www.diario5.com.ar\/wp-content\/uploads\/2025\/05\/carrera_maya_d5-1024x628.jpg 1024w, https:\/\/www.diario5.com.ar\/wp-content\/uploads\/2025\/05\/carrera_maya_d5-768x471.jpg 768w\" sizes=\"(max-width: 1505px) 100vw, 1505px\" \/><\/p>\n<p>Habr\u00e1 algunos cortes de tr\u00e1nsito, mucha historia y un esp\u00edritu patrio que a muchos nos gusta renovar cada 25 de mayo.<\/p>\n<p>Hoy, adem\u00e1s de izar la bandera y saborear el locro, la Ciudad de Buenos Aires es escenario de una de sus postales cl\u00e1sicas: la Carrera Maya 2025. Una prueba que combina deporte, tradici\u00f3n y homenaje a la Revoluci\u00f3n de Mayo. Como cada a\u00f1o, miles de corredores vestir\u00e1n camisetas celestes y blancas para recorrer las calles porte\u00f1as en un evento de incorporaci\u00f3n definitiva al calendario patrio.<\/p>\n<p>La largada ser\u00e1 a las 08.00 en el tramo de Av. Figueroa Alcorta entre Monroe y Juramento, y se estima que el evento se extienda hasta el mediod\u00eda. Por eso, se implementar\u00e1n cortes y desv\u00edos de tr\u00e1nsito que afectar\u00e1n zonas clave de los barrios de Palermo y N\u00fa\u00f1ez.<\/p>\n<p>Cortes programados para el domingo 25<br \/>\nAv. Figueroa Alcorta, entre Monroe y Juramento, permanecer\u00e1 cerrada de manera total desde las 00.00 hasta las 12.00, aunque no se ver\u00e1n afectadas las bocacalles.<\/p>\n<p>Entre las 08.00 y las 12.00, habr\u00e1 cortes totales, moment\u00e1neos y sucesivos a lo largo del siguiente circuito:<\/p>\n<ul>\n<li>Av. Figueroa Alcorta (desde Monroe hasta Juramento)<\/li>\n<li>Av. Sarmiento (dos carriles)<\/li>\n<li>Av. Del Libertador (dos carriles)<\/li>\n<li>Av. Dorrego<\/li>\n<li>Av. De los Omb\u00faes<\/li>\n<li>Av. Ernesto Tornquist<\/li>\n<li>Andr\u00e9s Bello, hasta regresar al punto de partida por la misma traza.<\/li>\n<\/ul>\n<p>Adem\u00e1s, se interrumpir\u00e1 el paso en arterias transversales durante el paso de los corredores, por lo que se recomienda a vecinos y automovilistas prever rutas alternativas y estar atentos a la se\u00f1alizaci\u00f3n y las indicaciones del personal de tr\u00e1nsito.<\/p>\n<p>La Carrera Maya naci\u00f3 en 1972, impulsada por el Club de Corredores como una forma de celebrar el esp\u00edritu de la Revoluci\u00f3n con los valores del deporte: esfuerzo, constancia y comunidad. Desde entonces, se ha convertido en un cl\u00e1sico de la ciudad, con participaci\u00f3n masiva tanto de atletas profesionales como de aficionados, familias enteras y visitantes.<\/p>\n<p>Cada edici\u00f3n tiene su particularidad, pero el esp\u00edritu siempre es el mismo: poner el cuerpo en movimiento para homenajear el 25 de Mayo, en una Buenos Aires que amanece vestida de celeste y blanco, con banderas flameando, aplausos a cada paso y una meta que no solo se mide en kil\u00f3metros.<\/p>\n<p>Siempre se consider\u00f3 a la Carrera Maya una fiesta ciudadana. A lo largo del recorrido, vecinos salen a alentar, hay m\u00fasica en vivo, batucadas, puestos de hidrataci\u00f3n decorados con escarapelas y una atm\u00f3sfera general que combina lo deportivo con lo patri\u00f3tico.<\/p>\n<p>Con m\u00e1s de 50 ediciones en su haber, el evento forma parte del ADN cultural del 25 de Mayo en la ciudad, al punto de que muchos ya la consideran tan emblem\u00e1tica como el locro, los actos escolares o la Feria de Mataderos.<\/p>\n<p>\u00bfEs esta carrera la heredera de las monumentales Fiestas Mayas?<\/p>\n<p>&nbsp;<\/p>\n<p>&nbsp;<\/p>\n<p><img decoding=\"async\" loading=\"lazy\" class=\"aligncenter size-full wp-image-693036\" src=\"https:\/\/www.diario5.com.ar\/wp-content\/uploads\/2025\/05\/ar_capital_rosario20250525.jpg\" width=\"700\" height=\"925\" srcset=\"https:\/\/www.diario5.com.ar\/wp-content\/uploads\/2025\/05\/ar_capital_rosario20250525.jpg 700w, https:\/\/www.diario5.com.ar\/wp-content\/uploads\/2025\/05\/ar_capital_rosario20250525-227x300.jpg 227w\" sizes=\"(max-width: 700px) 100vw, 700px\" \/><\/p>\n<p><img decoding=\"async\" src=\"https:\/\/img.kiosko.net\/2025\/05\/25\/ar\/ar_nueva_provincia.jpg\" \/><\/p>\n<p><img decoding=\"async\" src=\"https:\/\/img.kiosko.net\/2025\/05\/25\/ar\/ar_duplicado.jpg\" \/><\/p>\n<p><img decoding=\"async\" loading=\"lazy\" class=\"aligncenter size-full wp-image-693037\" src=\"https:\/\/www.diario5.com.ar\/wp-content\/uploads\/2025\/05\/esquiu20250525.jpg\" width=\"700\" height=\"932\" srcset=\"https:\/\/www.diario5.com.ar\/wp-content\/uploads\/2025\/05\/esquiu20250525.jpg 700w, https:\/\/www.diario5.com.ar\/wp-content\/uploads\/2025\/05\/esquiu20250525-225x300.jpg 225w\" sizes=\"(max-width: 700px) 100vw, 700px\" \/><\/p>\n<p><img decoding=\"async\" src=\"https:\/\/img.kiosko.net\/2025\/05\/25\/ar\/ar_diario_norte.jpg\" \/><\/p>\n<p><img decoding=\"async\" src=\"https:\/\/img.kiosko.net\/2025\/05\/25\/ar\/voz_chaco.jpg\" \/><\/p>\n<p><img decoding=\"async\" src=\"https:\/\/img.kiosko.net\/2025\/05\/25\/ar\/ar_diario_madryn.jpg\" \/><\/p>\n<p><img decoding=\"async\" src=\"https:\/\/img.kiosko.net\/2025\/05\/25\/ar\/ar_laprensa.jpg\" \/><\/p>\n<p><img decoding=\"async\" src=\"https:\/\/img.kiosko.net\/2025\/05\/25\/ar\/ar_cronista.jpg\" \/><\/p>\n<p><img decoding=\"async\" src=\"https:\/\/img.kiosko.net\/2025\/05\/25\/ar\/buenosaires_economico.jpg\" \/><\/p>\n<p><img decoding=\"async\" src=\"https:\/\/img.kiosko.net\/2025\/05\/25\/ar\/ar_perfil.jpg\" \/><\/p>\n<p><img decoding=\"async\" src=\"https:\/\/img.kiosko.net\/2025\/05\/25\/ar\/ar_eldia.jpg\" \/><\/p>\n<p><img decoding=\"async\" loading=\"lazy\" class=\"aligncenter size-full wp-image-693038\" src=\"https:\/\/www.diario5.com.ar\/wp-content\/uploads\/2025\/05\/ar_hoy20250525.jpg\" width=\"700\" height=\"892\" srcset=\"https:\/\/www.diario5.com.ar\/wp-content\/uploads\/2025\/05\/ar_hoy20250525.jpg 700w, https:\/\/www.diario5.com.ar\/wp-content\/uploads\/2025\/05\/ar_hoy20250525-235x300.jpg 235w\" sizes=\"(max-width: 700px) 100vw, 700px\" \/><\/p>\n<p><img decoding=\"async\" src=\"https:\/\/img.kiosko.net\/2025\/05\/25\/ar\/ar_democracia.jpg\" \/><\/p>\n<p><img decoding=\"async\" loading=\"lazy\" class=\"aligncenter size-full wp-image-693039\" src=\"https:\/\/www.diario5.com.ar\/wp-content\/uploads\/2025\/05\/ar_chubut20250525.jpg\" width=\"700\" height=\"902\" srcset=\"https:\/\/www.diario5.com.ar\/wp-content\/uploads\/2025\/05\/ar_chubut20250525.jpg 700w, https:\/\/www.diario5.com.ar\/wp-content\/uploads\/2025\/05\/ar_chubut20250525-233x300.jpg 233w\" sizes=\"(max-width: 700px) 100vw, 700px\" \/><\/p>\n<p><img decoding=\"async\" src=\"https:\/\/img.kiosko.net\/2025\/05\/25\/ar\/ar_epoca.jpg\" \/><\/p>\n<p><img decoding=\"async\" src=\"https:\/\/img.kiosko.net\/2025\/05\/25\/ar\/ar_litoral.jpg\" \/><\/p>\n<p><img decoding=\"async\" src=\"https:\/\/img.kiosko.net\/2025\/05\/25\/ar\/ar_heraldo.jpg\" \/><\/p>\n<p><img decoding=\"async\" src=\"https:\/\/img.kiosko.net\/2025\/05\/25\/ar\/ar_manana_formosa.jpg\" \/><\/p>\n<p><img decoding=\"async\" src=\"https:\/\/img.kiosko.net\/2025\/05\/25\/ar\/ar_diario_pampa.jpg\" \/><\/p>\n<p><img decoding=\"async\" src=\"https:\/\/img.kiosko.net\/2025\/05\/25\/ar\/ar_pagina12.jpg\" \/><\/p>\n<p><img decoding=\"async\" src=\"https:\/\/img.kiosko.net\/2025\/05\/25\/ar\/ar_arena.jpg\" \/><\/p>\n<p><img decoding=\"async\" src=\"https:\/\/img.kiosko.net\/2025\/05\/25\/ar\/independiente.jpg\" \/><\/p>\n<p><img decoding=\"async\" src=\"https:\/\/img.kiosko.net\/2025\/05\/25\/ar\/nueva_rioja.jpg\" \/><\/p>\n<p><img decoding=\"async\" src=\"https:\/\/img.kiosko.net\/2025\/05\/25\/ar\/ar_losandes.jpg\" \/><\/p>\n<p><img decoding=\"async\" src=\"https:\/\/img.kiosko.net\/2025\/05\/25\/ar\/ar_tribuno.jpg\" \/><\/p>\n<p><img decoding=\"async\" src=\"https:\/\/img.kiosko.net\/2025\/05\/25\/ar\/lea.jpg\" \/><\/p>\n<p><img decoding=\"async\" src=\"https:\/\/img.kiosko.net\/2025\/05\/25\/ar\/ar_nuevo_diario.jpg\" \/><\/p>\n<p><img decoding=\"async\" src=\"https:\/\/img.kiosko.net\/2025\/05\/25\/ar\/ar_diario_cuyo.jpg\" \/><\/p>\n<p><img decoding=\"async\" src=\"https:\/\/img.kiosko.net\/2025\/05\/25\/ar\/huarpe.jpg\" \/><\/p>\n<p><img decoding=\"async\" src=\"https:\/\/img.kiosko.net\/2025\/05\/25\/ar\/ar_diario_republica.jpg\" \/><\/p>\n<p><img decoding=\"async\" src=\"https:\/\/img.kiosko.net\/2025\/05\/25\/ar\/ar_litoral_sfe.jpg\" \/><\/p>\n<p><img decoding=\"async\" src=\"https:\/\/img.kiosko.net\/2025\/05\/25\/ar\/ciudadano.jpg\" \/><\/p>\n<p><img decoding=\"async\" src=\"https:\/\/img.kiosko.net\/2025\/05\/25\/ar\/ar_mirador_provincial.jpg\" \/><\/p>\n<p><img decoding=\"async\" src=\"https:\/\/img.kiosko.net\/2025\/05\/25\/ar\/ar_gaceta.jpg\" \/><\/p>\n<p><img decoding=\"async\" src=\"https:\/\/img.kiosko.net\/2025\/05\/25\/ar\/ar_cronica.jpg\" \/><\/p>\n<p><img decoding=\"async\" loading=\"lazy\" class=\"aligncenter size-full wp-image-693040\" src=\"https:\/\/www.diario5.com.ar\/wp-content\/uploads\/2025\/05\/ar_clarin20250525.jpg\" width=\"700\" height=\"977\" srcset=\"https:\/\/www.diario5.com.ar\/wp-content\/uploads\/2025\/05\/ar_clarin20250525.jpg 700w, https:\/\/www.diario5.com.ar\/wp-content\/uploads\/2025\/05\/ar_clarin20250525-215x300.jpg 215w\" sizes=\"(max-width: 700px) 100vw, 700px\" \/><\/p>\n<p><img decoding=\"async\" loading=\"lazy\" class=\"aligncenter size-full wp-image-693041\" src=\"https:\/\/www.diario5.com.ar\/wp-content\/uploads\/2025\/05\/nacion20250525.jpg\" width=\"700\" height=\"1062\" srcset=\"https:\/\/www.diario5.com.ar\/wp-content\/uploads\/2025\/05\/nacion20250525.jpg 700w, https:\/\/www.diario5.com.ar\/wp-content\/uploads\/2025\/05\/nacion20250525-198x300.jpg 198w, https:\/\/www.diario5.com.ar\/wp-content\/uploads\/2025\/05\/nacion20250525-675x1024.jpg 675w\" sizes=\"(max-width: 700px) 100vw, 700px\" \/><\/p>\n<p><img decoding=\"async\" src=\"https:\/\/img.kiosko.net\/2025\/05\/25\/ar\/ar_eco.jpg\" \/><\/p>\n<p><img decoding=\"async\" src=\"https:\/\/img.kiosko.net\/2025\/05\/25\/ar\/nuevo_diario.jpg\" \/><\/p>\n<p><img decoding=\"async\" src=\"https:\/\/img.kiosko.net\/2025\/05\/25\/ar\/sureno.jpg\" \/><\/p>\n<p><img decoding=\"async\" src=\"https:\/\/img.kiosko.net\/2025\/05\/25\/ar\/ar_duplicado.jpg\" \/><\/p>\n<p><img decoding=\"async\" src=\"https:\/\/img.kiosko.net\/2025\/05\/25\/ar\/tiempo_sur.jpg\" \/><\/p>\n<p><img decoding=\"async\" src=\"https:\/\/img.kiosko.net\/2025\/05\/25\/ar\/tiempo_argentino.jpg\" \/><\/p>\n<p><img decoding=\"async\" src=\"https:\/\/img.kiosko.net\/2025\/05\/25\/ar\/ar_epoca.jpg\" \/><\/p>\n<p><img decoding=\"async\" src=\"https:\/\/img.kiosko.net\/2025\/05\/25\/ar\/ar_elsol.jpg\" \/><\/p>\n<p><img decoding=\"async\" loading=\"lazy\" class=\"aligncenter size-full wp-image-693042\" src=\"https:\/\/www.diario5.com.ar\/wp-content\/uploads\/2025\/05\/ar_ancasti20250525.jpg\" width=\"700\" height=\"943\" srcset=\"https:\/\/www.diario5.com.ar\/wp-content\/uploads\/2025\/05\/ar_ancasti20250525.jpg 700w, https:\/\/www.diario5.com.ar\/wp-content\/uploads\/2025\/05\/ar_ancasti20250525-223x300.jpg 223w\" sizes=\"(max-width: 700px) 100vw, 700px\" \/><\/p>\n<p><img decoding=\"async\" loading=\"lazy\" class=\"aligncenter size-full wp-image-693043\" src=\"https:\/\/www.diario5.com.ar\/wp-content\/uploads\/2025\/05\/ar_rio_negro20250525.jpg\" width=\"700\" height=\"944\" srcset=\"https:\/\/www.diario5.com.ar\/wp-content\/uploads\/2025\/05\/ar_rio_negro20250525.jpg 700w, https:\/\/www.diario5.com.ar\/wp-content\/uploads\/2025\/05\/ar_rio_negro20250525-222x300.jpg 222w\" sizes=\"(max-width: 700px) 100vw, 700px\" \/><\/p>\n<p><img decoding=\"async\" src=\"https:\/\/img.kiosko.net\/2025\/05\/25\/ar\/ar_03.jpg\" \/><\/p>\n<p><img decoding=\"async\" src=\"https:\/\/img.kiosko.net\/2025\/05\/25\/ar\/ar_04.jpg\" \/><\/p>\n<p><img decoding=\"async\" src=\"https:\/\/img.kiosko.net\/2025\/05\/25\/ar\/ar_05.jpg\" \/><\/p>\n<p>&nbsp;<\/p>","protected":false},"excerpt":{"rendered":"<p>El 25 de mayo es Buenos Aires Habr\u00e1 algunos cortes de tr\u00e1nsito, mucha historia y un esp\u00edritu patrio que a muchos nos gusta renovar cada 25 de mayo. Hoy, adem\u00e1s de izar la bandera y saborear el locro, la Ciudad de Buenos Aires es escenario de una de sus postales cl\u00e1sicas: la Carrera Maya 2025. [&hellip;]<\/p>","protected":false},"author":5,"featured_media":693016,"comment_status":"open","ping_status":"open","sticky":false,"template":"","format":"standard","meta":[],"categories":[49,482,52,56],"tags":[2872,2007,474,2503,1130,630,125,85,123,2829,2008,1774,1362,2624,262,885],"series":[],"_links":{"self":[{"href":"https:\/\/www.diario5.com.ar\/es\/wp-json\/wp\/v2\/posts\/677620"}],"collection":[{"href":"https:\/\/www.diario5.com.ar\/es\/wp-json\/wp\/v2\/posts"}],"about":[{"href":"https:\/\/www.diario5.com.ar\/es\/wp-json\/wp\/v2\/types\/post"}],"author":[{"embeddable":true,"href":"https:\/\/www.diario5.com.ar\/es\/wp-json\/wp\/v2\/users\/5"}],"replies":[{"embeddable":true,"href":"https:\/\/www.diario5.com.ar\/es\/wp-json\/wp\/v2\/comments?post=677620"}],"version-history":[{"count":2,"href":"https:\/\/www.diario5.com.ar\/es\/wp-json\/wp\/v2\/posts\/677620\/revisions"}],"predecessor-version":[{"id":693017,"href":"https:\/\/www.diario5.com.ar\/es\/wp-json\/wp\/v2\/posts\/677620\/revisions\/693017"}],"wp:featuredmedia":[{"embeddable":true,"href":"https:\/\/www.diario5.com.ar\/es\/wp-json\/wp\/v2\/media\/693016"}],"wp:attachment":[{"href":"https:\/\/www.diario5.com.ar\/es\/wp-json\/wp\/v2\/media?parent=677620"}],"wp:term":[{"taxonomy":"category","embeddable":true,"href":"https:\/\/www.diario5.com.ar\/es\/wp-json\/wp\/v2\/categories?post=677620"},{"taxonomy":"post_tag","embeddable":true,"href":"https:\/\/www.diario5.com.ar\/es\/wp-json\/wp\/v2\/tags?post=677620"},{"taxonomy":"series","embeddable":true,"href":"https:\/\/www.diario5.com.ar\/es\/wp-json\/wp\/v2\/series?post=677620"}],"curies":[{"name":"wp","href":"https:\/\/api.w.org\/{rel}","templated":true}]}}