{"id":677619,"date":"2025-05-24T06:22:00","date_gmt":"2025-05-24T09:22:00","guid":{"rendered":"http:\/\/diario5.com.ar\/?p=677619"},"modified":"2025-05-24T06:26:37","modified_gmt":"2025-05-24T09:26:37","slug":"677619","status":"publish","type":"post","link":"https:\/\/www.diario5.com.ar\/es\/677619\/","title":{"rendered":"Mataderos, a pura tradici\u00f3n"},"content":{"rendered":"<h2 class=\"sub-title-primary\"><\/h2> <h3 data-start=\"112\" data-end=\"182\"><img decoding=\"async\" loading=\"lazy\" class=\"aligncenter size-full wp-image-693025\" src=\"https:\/\/www.diario5.com.ar\/wp-content\/uploads\/2025\/05\/Feria-de-Mataderos-12_720250524.jpg\" width=\"700\" height=\"466\" alt=\"Tango en la Ciudad\" srcset=\"https:\/\/www.diario5.com.ar\/wp-content\/uploads\/2025\/05\/Feria-de-Mataderos-12_720250524.jpg 700w, https:\/\/www.diario5.com.ar\/wp-content\/uploads\/2025\/05\/Feria-de-Mataderos-12_720250524-300x200.jpg 300w\" sizes=\"(max-width: 700px) 100vw, 700px\" \/><\/h3>\n<p data-start=\"184\" data-end=\"727\">Ma\u00f1ana, domingo 25 de mayo, Buenos Aires vivir\u00e1 su tradicional celebraci\u00f3n en la Feria de Mataderos, un cl\u00e1sico encuentro donde el esp\u00edritu criollo, la cultura popular y la memoria hist\u00f3rica se conjugan en un solo lugar. Desde las 11 hasta las 18, vecinos y turistas podr\u00e1n disfrutar de una jornada especial con shows folkl\u00f3ricos en vivo, demostraciones de destrezas gauchescas y una propuesta gastron\u00f3mica aut\u00e9nticamente argentina, que incluye desde asado y empanadas hasta locro, tamales, pastelitos y dulces regionales.<\/p>\n<p data-start=\"729\" data-end=\"1089\">El festejo tendr\u00e1 lugar en su ubicaci\u00f3n habitual: Av. de los Corrales y Av. Lisandro de la Torre, en pleno coraz\u00f3n del barrio que supo ser frontera entre la ciudad y la llanura pampeana. All\u00ed, el esp\u00edritu del 25 de Mayo no se vive como una postal de museo, sino como un encuentro vivo con las ra\u00edces, entre bombos, guitarras, boleadoras y pa\u00f1uelos al aire.<\/p>\n<p data-start=\"1121\" data-end=\"1530\">La Feria de Mataderos naci\u00f3 en 1986 como una iniciativa de la Municipalidad de la Ciudad de Buenos Aires, para rescatar las tradiciones del interior del pa\u00eds y acercarlas a los porte\u00f1os. Desde entonces, cada edici\u00f3n especial por el 25 de Mayo asume el compromiso de que los visitantes vivan verdaderamente el clima de fiesta patria. All\u00ed se rinde homenaje a los valores de la Revoluci\u00f3n de 1810 con s\u00edmbolos y costumbres de argentinidad que no decaen.<\/p>\n<p data-start=\"1532\" data-end=\"1853\">Independientemente de la convocatoria anual de los 25 de mayo, la feria se transform\u00f3 en una suerte de romer\u00eda urbana: artistas del folklore consagrados y emergentes, grupos de danzas tradicionales, comunidades provincianas, escuelas, centros tradicionalistas y turistas de todo el mundo se dan cita para celebrar la argentinidad en su expresi\u00f3n m\u00e1s genuina.<\/p>\n<p data-start=\"1894\" data-end=\"2206\">Uno de los grandes atractivos de esta jornada es la oferta gastron\u00f3mica criolla, que incluye locro cocido en grandes ollas, guisos regionales, carnes asadas al asador, choripanes, empanadas de carne cortada a cuchillo, humitas, dulces caseros, tortas fritas y, por supuesto, pastelitos de membrillo y batata.<\/p>\n<p data-start=\"2208\" data-end=\"2536\">Al paso de los a\u00f1os y de las fiscalizaciones de feriantes, crece la calidad de puestos de artesanos de todo el pa\u00eds, juegos tradicionales, talleres, charlas y muestras que conectan el presente con las ra\u00edces culturales de la Naci\u00f3n. En el escenario central siempre hay una programaci\u00f3n de espect\u00e1culos con artistas invitados, ballets folkl\u00f3ricos y agrupaciones gauchas.<\/p>\n<p data-start=\"2567\" data-end=\"3030\">La entrada nunca deja de ser libre y gratuita. Las actividades est\u00e1n pensadas para que puedan disfrutarlas personas de todas las edades. Adem\u00e1s, permite que -cuando eventualmente los hay- los turistas descubran una cara de Buenos Aires que no aparece en los folletos tur\u00edsticos: la de su v\u00ednculo con la historia rural, la m\u00fasica de tierra adentro y los sabores del pa\u00eds profundo que integraron la identidad porte\u00f1a en el nacimiento de la Patria.<\/p>\n<p data-start=\"3032\" data-end=\"3309\">Mataderos, el escenario. Linda oportunidad para hacer un aporte a la alegr\u00eda que significa que un pueblo no olvida sus or\u00edgenes. S\u00ed, por supuesto que es valios\u00edsimo que las personas -especialmente los m\u00e1s j\u00f3venes, perciban a coraz\u00f3n lleno que las zambas, las guitarras, el aroma a locro y las banderas celestes y blancas flameando al viento, integran. con absoluta validez, el legado de la Revoluci\u00f3n.<\/p>\n<p>Encuentros folkl\u00f3ricos, demostraciones gauchescas y una experiencia gastron\u00f3mica que va desde parrillas y carnes asadas hasta empanadas, locro y dulces tradicionales. La Feria de Mataderos funcionar\u00e1 ma\u00f1ana, de 11.00 a 18.00 en Av. de los Corrales y Av. Lisandro de la Torre.<\/p>\n<p>Aparte de los desfiles militares, que pod\u00edan situarse tanto en la Av. del Libertador como en la Av Santa F\u00e9, las celebraciones porte\u00f1as del 25 de mayo de otros tiempos inclu\u00edan grupos escolares en la Av de Mayo y cercan\u00edas del mism\u00edsimo Cabildo con mucha escarapela, reuniones sociales y representaciones teatrales amateurs en Costanera Sur, promociones en el Italpark y programaci\u00f3n alusiva a la Revoluci\u00f3n de Mayo en el viejo Canal 7, cert\u00e1menes y reparto de banderitas en Viamonte y Alem.<\/p>\n<p><!--googleoff: index--><br \/>\n<!--googleon: index--><br \/>\n<img decoding=\"async\" loading=\"lazy\" class=\"aligncenter size-full wp-image-693026\" src=\"https:\/\/www.diario5.com.ar\/wp-content\/uploads\/2025\/05\/ar_capital_rosario20250524.jpg\" width=\"700\" height=\"931\" srcset=\"https:\/\/www.diario5.com.ar\/wp-content\/uploads\/2025\/05\/ar_capital_rosario20250524.jpg 700w, https:\/\/www.diario5.com.ar\/wp-content\/uploads\/2025\/05\/ar_capital_rosario20250524-226x300.jpg 226w\" sizes=\"(max-width: 700px) 100vw, 700px\" \/><\/p>\n<p><img decoding=\"async\" loading=\"lazy\" class=\"aligncenter size-full wp-image-693027\" src=\"https:\/\/www.diario5.com.ar\/wp-content\/uploads\/2025\/05\/ar_nueva_provincia20250524.jpg\" width=\"700\" height=\"968\" srcset=\"https:\/\/www.diario5.com.ar\/wp-content\/uploads\/2025\/05\/ar_nueva_provincia20250524.jpg 700w, https:\/\/www.diario5.com.ar\/wp-content\/uploads\/2025\/05\/ar_nueva_provincia20250524-217x300.jpg 217w\" sizes=\"(max-width: 700px) 100vw, 700px\" \/><\/p>\n<p><img decoding=\"async\" src=\"https:\/\/img.kiosko.net\/2025\/05\/24\/ar\/ar_duplicado.jpg\" \/><\/p>\n<p><img decoding=\"async\" loading=\"lazy\" class=\"aligncenter size-full wp-image-693028\" src=\"https:\/\/www.diario5.com.ar\/wp-content\/uploads\/2025\/05\/esquiu20250524.jpg\" width=\"700\" height=\"928\" srcset=\"https:\/\/www.diario5.com.ar\/wp-content\/uploads\/2025\/05\/esquiu20250524.jpg 700w, https:\/\/www.diario5.com.ar\/wp-content\/uploads\/2025\/05\/esquiu20250524-226x300.jpg 226w\" sizes=\"(max-width: 700px) 100vw, 700px\" \/><\/p>\n<p><img decoding=\"async\" src=\"https:\/\/img.kiosko.net\/2025\/05\/24\/ar\/ar_diario_norte.jpg\" \/><\/p>\n<p><img decoding=\"async\" loading=\"lazy\" class=\"aligncenter size-full wp-image-693029\" src=\"https:\/\/www.diario5.com.ar\/wp-content\/uploads\/2025\/05\/voz_chaco20250524.jpg\" width=\"700\" height=\"816\" srcset=\"https:\/\/www.diario5.com.ar\/wp-content\/uploads\/2025\/05\/voz_chaco20250524.jpg 700w, https:\/\/www.diario5.com.ar\/wp-content\/uploads\/2025\/05\/voz_chaco20250524-257x300.jpg 257w\" sizes=\"(max-width: 700px) 100vw, 700px\" \/><\/p>\n<p><img decoding=\"async\" src=\"https:\/\/img.kiosko.net\/2025\/05\/24\/ar\/ar_diario_madryn.jpg\" \/><\/p>\n<p><img decoding=\"async\" src=\"https:\/\/img.kiosko.net\/2025\/05\/24\/ar\/ar_laprensa.jpg\" \/><\/p>\n<p><img decoding=\"async\" src=\"https:\/\/img.kiosko.net\/2025\/05\/24\/ar\/ar_cronista.jpg\" \/><\/p>\n<p><img decoding=\"async\" src=\"https:\/\/img.kiosko.net\/2025\/05\/24\/ar\/buenosaires_economico.jpg\" \/><\/p>\n<p><img decoding=\"async\" src=\"https:\/\/img.kiosko.net\/2025\/05\/24\/ar\/ar_perfil.jpg\" \/><\/p>\n<p><img decoding=\"async\" loading=\"lazy\" class=\"aligncenter size-full wp-image-693030\" src=\"https:\/\/www.diario5.com.ar\/wp-content\/uploads\/2025\/05\/ar_eldia20250524.jpg\" width=\"700\" height=\"999\" srcset=\"https:\/\/www.diario5.com.ar\/wp-content\/uploads\/2025\/05\/ar_eldia20250524.jpg 700w, https:\/\/www.diario5.com.ar\/wp-content\/uploads\/2025\/05\/ar_eldia20250524-210x300.jpg 210w\" sizes=\"(max-width: 700px) 100vw, 700px\" \/><\/p>\n<p><img decoding=\"async\" src=\"https:\/\/img.kiosko.net\/2025\/05\/24\/ar\/ar_hoy.jpg\" \/><\/p>\n<p><img decoding=\"async\" src=\"https:\/\/img.kiosko.net\/2025\/05\/24\/ar\/ar_democracia.jpg\" \/><\/p>\n<p><img decoding=\"async\" loading=\"lazy\" class=\"aligncenter size-full wp-image-693031\" src=\"https:\/\/www.diario5.com.ar\/wp-content\/uploads\/2025\/05\/ar_chubut20250524.jpg\" width=\"700\" height=\"906\" srcset=\"https:\/\/www.diario5.com.ar\/wp-content\/uploads\/2025\/05\/ar_chubut20250524.jpg 700w, https:\/\/www.diario5.com.ar\/wp-content\/uploads\/2025\/05\/ar_chubut20250524-232x300.jpg 232w\" sizes=\"(max-width: 700px) 100vw, 700px\" \/><\/p>\n<p><img decoding=\"async\" src=\"https:\/\/img.kiosko.net\/2025\/05\/24\/ar\/ar_epoca.jpg\" \/><\/p>\n<p><img decoding=\"async\" src=\"https:\/\/img.kiosko.net\/2025\/05\/24\/ar\/ar_litoral.jpg\" \/><\/p>\n<p><img decoding=\"async\" src=\"https:\/\/img.kiosko.net\/2025\/05\/24\/ar\/ar_heraldo.jpg\" \/><\/p>\n<p><img decoding=\"async\" src=\"https:\/\/img.kiosko.net\/2025\/05\/24\/ar\/ar_manana_formosa.jpg\" \/><\/p>\n<p><img decoding=\"async\" src=\"https:\/\/img.kiosko.net\/2025\/05\/24\/ar\/ar_diario_pampa.jpg\" \/><\/p>\n<p><img decoding=\"async\" src=\"https:\/\/img.kiosko.net\/2025\/05\/24\/ar\/ar_pagina12.jpg\" \/><\/p>\n<p><img decoding=\"async\" src=\"https:\/\/img.kiosko.net\/2025\/05\/24\/ar\/ar_arena.jpg\" \/><\/p>\n<p><img decoding=\"async\" src=\"https:\/\/img.kiosko.net\/2025\/05\/24\/ar\/independiente.jpg\" \/><\/p>\n<p><img decoding=\"async\" src=\"https:\/\/img.kiosko.net\/2025\/05\/24\/ar\/nueva_rioja.jpg\" \/><\/p>\n<p><img decoding=\"async\" src=\"https:\/\/img.kiosko.net\/2025\/05\/24\/ar\/ar_losandes.jpg\" \/><\/p>\n<p><img decoding=\"async\" src=\"https:\/\/img.kiosko.net\/2025\/05\/24\/ar\/ar_tribuno.jpg\" \/><\/p>\n<p><img decoding=\"async\" src=\"https:\/\/img.kiosko.net\/2025\/05\/24\/ar\/lea.jpg\" \/><\/p>\n<p><img decoding=\"async\" src=\"https:\/\/img.kiosko.net\/2025\/05\/24\/ar\/ar_nuevo_diario.jpg\" \/><\/p>\n<p><img decoding=\"async\" src=\"https:\/\/img.kiosko.net\/2025\/05\/24\/ar\/ar_diario_cuyo.jpg\" \/><\/p>\n<p><img decoding=\"async\" src=\"https:\/\/img.kiosko.net\/2025\/05\/24\/ar\/huarpe.jpg\" \/><\/p>\n<p><img decoding=\"async\" src=\"https:\/\/img.kiosko.net\/2025\/05\/24\/ar\/ar_diario_republica.jpg\" \/><\/p>\n<p><img decoding=\"async\" src=\"https:\/\/img.kiosko.net\/2025\/05\/24\/ar\/ar_litoral_sfe.jpg\" \/><\/p>\n<p><img decoding=\"async\" src=\"https:\/\/img.kiosko.net\/2025\/05\/24\/ar\/ciudadano.jpg\" \/><\/p>\n<p><img decoding=\"async\" src=\"https:\/\/img.kiosko.net\/2025\/05\/24\/ar\/ar_mirador_provincial.jpg\" \/><\/p>\n<p><img decoding=\"async\" src=\"https:\/\/img.kiosko.net\/2025\/05\/24\/ar\/ar_gaceta.jpg\" \/><\/p>\n<p><img decoding=\"async\" src=\"https:\/\/img.kiosko.net\/2025\/05\/24\/ar\/ar_cronica.jpg\" \/><\/p>\n<p><img decoding=\"async\" loading=\"lazy\" class=\"aligncenter size-full wp-image-693032\" src=\"https:\/\/www.diario5.com.ar\/wp-content\/uploads\/2025\/05\/ar_clarin20250524.jpg\" width=\"700\" height=\"977\" srcset=\"https:\/\/www.diario5.com.ar\/wp-content\/uploads\/2025\/05\/ar_clarin20250524.jpg 700w, https:\/\/www.diario5.com.ar\/wp-content\/uploads\/2025\/05\/ar_clarin20250524-215x300.jpg 215w\" sizes=\"(max-width: 700px) 100vw, 700px\" \/><\/p>\n<p><img decoding=\"async\" loading=\"lazy\" class=\"aligncenter size-full wp-image-693033\" src=\"https:\/\/www.diario5.com.ar\/wp-content\/uploads\/2025\/05\/nacion20250524.jpg\" width=\"700\" height=\"1058\" srcset=\"https:\/\/www.diario5.com.ar\/wp-content\/uploads\/2025\/05\/nacion20250524.jpg 700w, https:\/\/www.diario5.com.ar\/wp-content\/uploads\/2025\/05\/nacion20250524-198x300.jpg 198w, https:\/\/www.diario5.com.ar\/wp-content\/uploads\/2025\/05\/nacion20250524-678x1024.jpg 678w\" sizes=\"(max-width: 700px) 100vw, 700px\" \/><\/p>\n<p><img decoding=\"async\" src=\"https:\/\/img.kiosko.net\/2025\/05\/24\/ar\/ar_eco.jpg\" \/><\/p>\n<p><img decoding=\"async\" src=\"https:\/\/img.kiosko.net\/2025\/05\/24\/ar\/nuevo_diario.jpg\" \/><\/p>\n<p><img decoding=\"async\" src=\"https:\/\/img.kiosko.net\/2025\/05\/24\/ar\/sureno.jpg\" \/><\/p>\n<p><img decoding=\"async\" src=\"https:\/\/img.kiosko.net\/2025\/05\/24\/ar\/ar_duplicado.jpg\" \/><\/p>\n<p><img decoding=\"async\" src=\"https:\/\/img.kiosko.net\/2025\/05\/24\/ar\/tiempo_sur.jpg\" \/><\/p>\n<p><img decoding=\"async\" src=\"https:\/\/img.kiosko.net\/2025\/05\/24\/ar\/tiempo_argentino.jpg\" \/><\/p>\n<p><img decoding=\"async\" src=\"https:\/\/img.kiosko.net\/2025\/05\/24\/ar\/ar_epoca.jpg\" \/><\/p>\n<p><img decoding=\"async\" src=\"https:\/\/img.kiosko.net\/2025\/05\/24\/ar\/ar_elsol.jpg\" \/><\/p>\n<p><img decoding=\"async\" loading=\"lazy\" class=\"aligncenter size-full wp-image-693034\" src=\"https:\/\/www.diario5.com.ar\/wp-content\/uploads\/2025\/05\/ar_ancasti20250524.jpg\" width=\"700\" height=\"949\" srcset=\"https:\/\/www.diario5.com.ar\/wp-content\/uploads\/2025\/05\/ar_ancasti20250524.jpg 700w, https:\/\/www.diario5.com.ar\/wp-content\/uploads\/2025\/05\/ar_ancasti20250524-221x300.jpg 221w\" sizes=\"(max-width: 700px) 100vw, 700px\" \/><\/p>\n<p><img decoding=\"async\" loading=\"lazy\" class=\"aligncenter size-full wp-image-693035\" src=\"https:\/\/www.diario5.com.ar\/wp-content\/uploads\/2025\/05\/ar_rio_negro20250524.jpg\" width=\"700\" height=\"949\" srcset=\"https:\/\/www.diario5.com.ar\/wp-content\/uploads\/2025\/05\/ar_rio_negro20250524.jpg 700w, https:\/\/www.diario5.com.ar\/wp-content\/uploads\/2025\/05\/ar_rio_negro20250524-221x300.jpg 221w\" sizes=\"(max-width: 700px) 100vw, 700px\" \/><\/p>\n<p><img decoding=\"async\" src=\"https:\/\/img.kiosko.net\/2025\/05\/24\/ar\/ar_03.jpg\" \/><\/p>\n<p><img decoding=\"async\" src=\"https:\/\/img.kiosko.net\/2025\/05\/24\/ar\/ar_04.jpg\" \/><\/p>\n<p><img decoding=\"async\" src=\"https:\/\/img.kiosko.net\/2025\/05\/24\/ar\/ar_05.jpg\" \/><\/p>\n<p>&nbsp;<\/p>","protected":false},"excerpt":{"rendered":"<p>Ma\u00f1ana, domingo 25 de mayo, Buenos Aires vivir\u00e1 su tradicional celebraci\u00f3n en la Feria de Mataderos, un cl\u00e1sico encuentro donde el esp\u00edritu criollo, la cultura popular y la memoria hist\u00f3rica se conjugan en un solo lugar. Desde las 11 hasta las 18, vecinos y turistas podr\u00e1n disfrutar de una jornada especial con shows folkl\u00f3ricos en [&hellip;]<\/p>","protected":false},"author":5,"featured_media":693025,"comment_status":"open","ping_status":"open","sticky":false,"template":"","format":"standard","meta":[],"categories":[5,2420,161,16,56],"tags":[2007,1937,1177,633,474,2398,630,2114,2829,2008,1246,1525,1774,1873,262],"series":[],"_links":{"self":[{"href":"https:\/\/www.diario5.com.ar\/es\/wp-json\/wp\/v2\/posts\/677619"}],"collection":[{"href":"https:\/\/www.diario5.com.ar\/es\/wp-json\/wp\/v2\/posts"}],"about":[{"href":"https:\/\/www.diario5.com.ar\/es\/wp-json\/wp\/v2\/types\/post"}],"author":[{"embeddable":true,"href":"https:\/\/www.diario5.com.ar\/es\/wp-json\/wp\/v2\/users\/5"}],"replies":[{"embeddable":true,"href":"https:\/\/www.diario5.com.ar\/es\/wp-json\/wp\/v2\/comments?post=677619"}],"version-history":[{"count":2,"href":"https:\/\/www.diario5.com.ar\/es\/wp-json\/wp\/v2\/posts\/677619\/revisions"}],"predecessor-version":[{"id":693001,"href":"https:\/\/www.diario5.com.ar\/es\/wp-json\/wp\/v2\/posts\/677619\/revisions\/693001"}],"wp:featuredmedia":[{"embeddable":true,"href":"https:\/\/www.diario5.com.ar\/es\/wp-json\/wp\/v2\/media\/693025"}],"wp:attachment":[{"href":"https:\/\/www.diario5.com.ar\/es\/wp-json\/wp\/v2\/media?parent=677619"}],"wp:term":[{"taxonomy":"category","embeddable":true,"href":"https:\/\/www.diario5.com.ar\/es\/wp-json\/wp\/v2\/categories?post=677619"},{"taxonomy":"post_tag","embeddable":true,"href":"https:\/\/www.diario5.com.ar\/es\/wp-json\/wp\/v2\/tags?post=677619"},{"taxonomy":"series","embeddable":true,"href":"https:\/\/www.diario5.com.ar\/es\/wp-json\/wp\/v2\/series?post=677619"}],"curies":[{"name":"wp","href":"https:\/\/api.w.org\/{rel}","templated":true}]}}