{"id":677617,"date":"2025-05-22T06:11:00","date_gmt":"2025-05-22T09:11:00","guid":{"rendered":"http:\/\/diario5.com.ar\/?p=677617"},"modified":"2025-05-22T13:28:00","modified_gmt":"2025-05-22T16:28:00","slug":"677617","status":"publish","type":"post","link":"https:\/\/www.diario5.com.ar\/es\/677617\/","title":{"rendered":"Un acto alta pol\u00edtica"},"content":{"rendered":"<h2 class=\"sub-title-primary\">C\u00f3mo fue el Cabildo Abierto del 22 de mayo de 1810 en Buenos Aires. <\/h2> <p><img decoding=\"async\" loading=\"lazy\" class=\"alignnone size-full wp-image-692982\" src=\"https:\/\/www.diario5.com.ar\/wp-content\/uploads\/2025\/05\/cabildo_abierto_combinado_d5.jpg\" alt=\"\" width=\"1272\" height=\"754\" srcset=\"https:\/\/www.diario5.com.ar\/wp-content\/uploads\/2025\/05\/cabildo_abierto_combinado_d5.jpg 1272w, https:\/\/www.diario5.com.ar\/wp-content\/uploads\/2025\/05\/cabildo_abierto_combinado_d5-300x178.jpg 300w, https:\/\/www.diario5.com.ar\/wp-content\/uploads\/2025\/05\/cabildo_abierto_combinado_d5-1024x607.jpg 1024w, https:\/\/www.diario5.com.ar\/wp-content\/uploads\/2025\/05\/cabildo_abierto_combinado_d5-768x455.jpg 768w\" sizes=\"(max-width: 1272px) 100vw, 1272px\" \/><\/p>\n<p>Un puerto comercial de cueros, carne salada y plata. Muchas restricciones impuestas por el monopolio comercial espa\u00f1ol. Mucho contrabando.\u00a0Un hito. Un debate real y tangible sobre el futuro de un virreinato y el nacimiento de una naci\u00f3n. Un reflejo de las tensiones sociales y econ\u00f3micas de una \u00e9poca en la que tener la libertad o perderla eran dos opciones con poca brecha. Buenos Aires, un centro comercial en auge. Una poblaci\u00f3n que busca una identidad pol\u00edtica y econ\u00f3mica propia. Una piedra que sent\u00f3 las bases para la participaci\u00f3n ciudadana en la pol\u00edtica.<\/p>\n<p>Ese martes, 251 vecinos destacados de Buenos Aires se reunieron en el Cabildo para debatir el futuro del Virreinato del R\u00edo de la Plata. Aunque se hab\u00edan invitado a 450 personas, solo asistieron poco m\u00e1s de la mitad. Los participantes inclu\u00edan militares, alcaldes de barrio, marinos, cl\u00e9rigos, escribanos, abogados, comerciantes y otros ciudadanos influyentes.<\/p>\n<p>La sesi\u00f3n comenz\u00f3 a las 9 de la ma\u00f1ana y se extendi\u00f3 hasta altas horas de la noche. El debate principal gir\u00f3 en torno a la legitimidad del virrey Baltasar Hidalgo de Cisneros, considerando la situaci\u00f3n pol\u00edtica en Espa\u00f1a tras la invasi\u00f3n napole\u00f3nica y la abdicaci\u00f3n del rey Fernando VII.<\/p>\n<p>Hubo muchos discursos y las decisiones deb\u00edan apurarse. El obispo Benito Lu\u00e9 y Riega fue uno de los primeros en hablar, defendiendo la continuidad de Cisneros. Sin embargo, figuras como Juan Jos\u00e9 Paso y Juan Jos\u00e9 Castelli argumentaron que, ante la ausencia de una autoridad leg\u00edtima en Espa\u00f1a, el poder deb\u00eda pasar a manos de los criollos.<\/p>\n<p>La votaci\u00f3n result\u00f3 en 155 votos a favor de la destituci\u00f3n del virrey y 69 en contra. Esta decisi\u00f3n sent\u00f3 las bases para la formaci\u00f3n de una Junta de Gobierno, que se concretar\u00eda el 25 de mayo.<\/p>\n<p>Los libros de historia con inclinaci\u00f3n complaciente al nacionalismo populista contaron innumerables historias con detalles curiosos y an\u00e9cdotas de todo lo que, supuestamente, sucedi\u00f3 entre el Cabildo abierto del 22 y la decisi\u00f3n de armar gobierno tres d\u00edas despu\u00e9s. Lo que es absolutamente cierto es la convocatoria al Cabildo Abierto se realiz\u00f3 mediante invitaciones impresas en papel hecho a mano, dirigidas a los \u00abvecinos notables\u00bb de la ciudad.<\/p>\n<p>Durante la sesi\u00f3n, hubo momentos de tensi\u00f3n y desorden. La intensidad del debate y la importancia de las decisiones que se estaban tomando no ameritaban un relax generalizado. Como reflejo buena parte de la idiosincrasia de tales tiempos, es de comprender con resignaci\u00f3n que la participaci\u00f3n en el Cabildo Abierto estaba limitada a hombres blancos, propietarios y reconocidos socialmente, excluyendo a mujeres, afrodescendientes y otros grupos.<\/p>\n<p>Buena parte de los historiadores y analistas del devenir pol\u00edtico de nuestro pa\u00eds atribuyen al Cabildo Abierto del 22 de mayo, un resultado superlativo, con consecuencias inmejorables para el impulso de una decisi\u00f3n revolucionaria y un legado que result\u00f3 un paso decisivo hacia la Independencia de la Provincias Unidas de R\u00edo de la Plata. Ya el 25, la formaci\u00f3n de la Primera Junta marcaron el inicio de un proceso revolucionario en el que, a boca de varios intelectuales de la \u00e9poca, las acciones pol\u00edticas pasaron a identificarse como \u00abargentinas\u00bb.<\/p>\n<p>En algunos libros hay informaci\u00f3n acerca de qui\u00e9nes fueron los que votaron en contra. Aparte del obispo Benito Lu\u00e9 y Riega, lo hicieron el hacendado Jos\u00e9 Mart\u00ednez de Hoz y el fiscal Manuel Genaro Villota, quienes defend\u00edan la continuidad del virrey y la obediencia a la autoridad espa\u00f1ola. Por otro lado, l\u00edderes como Juan Jos\u00e9 Castelli y Juan Jos\u00e9 Paso argumentaban que, ante la ausencia de una autoridad leg\u00edtima en Espa\u00f1a, el poder deb\u00eda recaer en el pueblo.<\/p>\n<p>&nbsp;<\/p>\n<p><strong>Cuando la palabra fue poder<\/strong><\/p>\n<p>La tensi\u00f3n se pod\u00eda cortar con un cuchillo. Los realistas jugaban su carta m\u00e1s fuerte: la palabra del obispo Benito Lu\u00e9 y Riega, l\u00edder espiritual de Buenos Aires, cuya autoridad moral impon\u00eda respeto incluso entre los m\u00e1s decididos patriotas. Su discurso, en defensa de la permanencia del virrey, pretend\u00eda clausurar cualquier intento revolucionario. Pero el bando criollo ten\u00eda un as bajo la manga.<\/p>\n<p>En ese clima cargado, las miradas se posaron sobre Juan Jos\u00e9 Castelli, abogado brillante y orador temido por sus adversarios. Lo conoc\u00edan por haber dado vuelta causas que parec\u00edan perdidas. Y una vez m\u00e1s, no defraud\u00f3.<\/p>\n<p>Castelli fue al grano: con la disoluci\u00f3n de la Junta Central de Sevilla, el gobierno espa\u00f1ol hab\u00eda caducado. El Consejo de Regencia de C\u00e1diz, seg\u00fan explic\u00f3, carec\u00eda de autoridad sobre Am\u00e9rica, ya que los pueblos del continente jam\u00e1s le hab\u00edan delegado poder alguno. En otras palabras, la soberan\u00eda deb\u00eda retornar al pueblo de Buenos Aires, que estaba en condiciones de decidir por s\u00ed mismo qui\u00e9n deb\u00eda gobernarlo. Como en Espa\u00f1a.<\/p>\n<p>La respuesta de Castelli fue tambi\u00e9n una estocada contra la tesis del obispo. Rechaz\u00f3 cualquier diferencia entre americanos y peninsulares, afirmando que los espa\u00f1oles no hab\u00edan engendrado \u00abcarneros\u00bb en estas tierras, sino personas con iguales derechos que los nacidos en Europa.<\/p>\n<p>Otro de los argumentos m\u00e1s firmes contra la continuidad del virrey vino del marino Pascual Ruiz Huidobro, figura respetada desde su rol en las Invasiones Inglesas. Con l\u00f3gica simple, sostuvo que si el virrey representaba al rey y el rey ya no estaba, entonces Cisneros tampoco ten\u00eda a qui\u00e9n representar. Por lo tanto, deb\u00eda dejar el poder.<\/p>\n<p>Del lado realista, el fiscal Manuel Genaro Villota plante\u00f3 una objeci\u00f3n razonable: Buenos Aires no era todo el Virreinato. Decidir el destino de la autoridad sin consultar a las provincias era, cuanto menos, una usurpaci\u00f3n.<\/p>\n<p>Pero entonces intervino Juan Jos\u00e9 Paso, quien defendi\u00f3 la postura porte\u00f1a con una met\u00e1fora fraternal: Buenos Aires actuar\u00eda como una \u201chermana mayor\u201d, asumiendo la responsabilidad de dar el primer paso y luego invitar a las dem\u00e1s provincias a sumarse al nuevo gobierno.<\/p>\n<p>As\u00ed transcurri\u00f3 aquel hist\u00f3rico Cabildo Abierto del 22 de mayo de 1810: entre discursos encendidos, tensiones ideol\u00f3gicas y una sociedad que empezaba a tomar conciencia de que su destino ya no se decid\u00eda en Madrid, sino en las calles y plazas del R\u00edo de la Plata.<\/p>\n<p>&nbsp;<\/p>\n<p><img decoding=\"async\" loading=\"lazy\" class=\"aligncenter size-full wp-image-692984\" src=\"https:\/\/www.diario5.com.ar\/wp-content\/uploads\/2025\/05\/esquiu20250522.jpg\" width=\"700\" height=\"932\" srcset=\"https:\/\/www.diario5.com.ar\/wp-content\/uploads\/2025\/05\/esquiu20250522.jpg 700w, https:\/\/www.diario5.com.ar\/wp-content\/uploads\/2025\/05\/esquiu20250522-225x300.jpg 225w\" sizes=\"(max-width: 700px) 100vw, 700px\" \/><\/p>\n<p><img decoding=\"async\" src=\"https:\/\/img.kiosko.net\/2025\/05\/22\/ar\/ar_diario_norte.jpg\" \/><\/p>\n<p><img decoding=\"async\" loading=\"lazy\" class=\"aligncenter size-full wp-image-692985\" src=\"https:\/\/www.diario5.com.ar\/wp-content\/uploads\/2025\/05\/voz_chaco20250522.jpg\" width=\"700\" height=\"816\" srcset=\"https:\/\/www.diario5.com.ar\/wp-content\/uploads\/2025\/05\/voz_chaco20250522.jpg 700w, https:\/\/www.diario5.com.ar\/wp-content\/uploads\/2025\/05\/voz_chaco20250522-257x300.jpg 257w\" sizes=\"(max-width: 700px) 100vw, 700px\" \/><\/p>\n<p><img decoding=\"async\" loading=\"lazy\" class=\"aligncenter size-full wp-image-692986\" src=\"https:\/\/www.diario5.com.ar\/wp-content\/uploads\/2025\/05\/ar_cronista20250522.jpg\" width=\"700\" height=\"1002\" srcset=\"https:\/\/www.diario5.com.ar\/wp-content\/uploads\/2025\/05\/ar_cronista20250522.jpg 700w, https:\/\/www.diario5.com.ar\/wp-content\/uploads\/2025\/05\/ar_cronista20250522-210x300.jpg 210w\" sizes=\"(max-width: 700px) 100vw, 700px\" \/><\/p>\n<p><img decoding=\"async\" loading=\"lazy\" class=\"aligncenter size-full wp-image-692992\" src=\"https:\/\/www.diario5.com.ar\/wp-content\/uploads\/2025\/05\/ar_eldia20250522.jpg\" width=\"700\" height=\"1009\" srcset=\"https:\/\/www.diario5.com.ar\/wp-content\/uploads\/2025\/05\/ar_eldia20250522.jpg 700w, https:\/\/www.diario5.com.ar\/wp-content\/uploads\/2025\/05\/ar_eldia20250522-208x300.jpg 208w\" sizes=\"(max-width: 700px) 100vw, 700px\" \/><\/p>\n<p><img decoding=\"async\" loading=\"lazy\" class=\"aligncenter size-full wp-image-692987\" src=\"https:\/\/www.diario5.com.ar\/wp-content\/uploads\/2025\/05\/ar_chubut20250522.jpg\" width=\"700\" height=\"897\" srcset=\"https:\/\/www.diario5.com.ar\/wp-content\/uploads\/2025\/05\/ar_chubut20250522.jpg 700w, https:\/\/www.diario5.com.ar\/wp-content\/uploads\/2025\/05\/ar_chubut20250522-234x300.jpg 234w\" sizes=\"(max-width: 700px) 100vw, 700px\" \/><\/p>\n<p><img decoding=\"async\" loading=\"lazy\" class=\"aligncenter size-full wp-image-692993\" src=\"https:\/\/www.diario5.com.ar\/wp-content\/uploads\/2025\/05\/ar_litoral_sfe20250522.jpg\" width=\"700\" height=\"923\" srcset=\"https:\/\/www.diario5.com.ar\/wp-content\/uploads\/2025\/05\/ar_litoral_sfe20250522.jpg 700w, https:\/\/www.diario5.com.ar\/wp-content\/uploads\/2025\/05\/ar_litoral_sfe20250522-228x300.jpg 228w\" sizes=\"(max-width: 700px) 100vw, 700px\" \/><\/p>\n<p><img decoding=\"async\" loading=\"lazy\" class=\"aligncenter size-full wp-image-692994\" src=\"https:\/\/www.diario5.com.ar\/wp-content\/uploads\/2025\/05\/ar_mirador_provincial20250522.jpg\" width=\"700\" height=\"939\" srcset=\"https:\/\/www.diario5.com.ar\/wp-content\/uploads\/2025\/05\/ar_mirador_provincial20250522.jpg 700w, https:\/\/www.diario5.com.ar\/wp-content\/uploads\/2025\/05\/ar_mirador_provincial20250522-224x300.jpg 224w\" sizes=\"(max-width: 700px) 100vw, 700px\" \/><\/p>\n<p><img decoding=\"async\" loading=\"lazy\" class=\"aligncenter size-full wp-image-692988\" src=\"https:\/\/www.diario5.com.ar\/wp-content\/uploads\/2025\/05\/ar_clarin20250522.jpg\" width=\"700\" height=\"977\" srcset=\"https:\/\/www.diario5.com.ar\/wp-content\/uploads\/2025\/05\/ar_clarin20250522.jpg 700w, https:\/\/www.diario5.com.ar\/wp-content\/uploads\/2025\/05\/ar_clarin20250522-215x300.jpg 215w\" sizes=\"(max-width: 700px) 100vw, 700px\" \/><\/p>\n<p><img decoding=\"async\" loading=\"lazy\" class=\"aligncenter size-full wp-image-692989\" src=\"https:\/\/www.diario5.com.ar\/wp-content\/uploads\/2025\/05\/nacion20250522.jpg\" width=\"700\" height=\"1062\" srcset=\"https:\/\/www.diario5.com.ar\/wp-content\/uploads\/2025\/05\/nacion20250522.jpg 700w, https:\/\/www.diario5.com.ar\/wp-content\/uploads\/2025\/05\/nacion20250522-198x300.jpg 198w, https:\/\/www.diario5.com.ar\/wp-content\/uploads\/2025\/05\/nacion20250522-675x1024.jpg 675w\" sizes=\"(max-width: 700px) 100vw, 700px\" \/><\/p>\n<p><img decoding=\"async\" loading=\"lazy\" class=\"aligncenter size-full wp-image-692990\" src=\"https:\/\/www.diario5.com.ar\/wp-content\/uploads\/2025\/05\/ar_ancasti20250522.jpg\" width=\"700\" height=\"941\" srcset=\"https:\/\/www.diario5.com.ar\/wp-content\/uploads\/2025\/05\/ar_ancasti20250522.jpg 700w, https:\/\/www.diario5.com.ar\/wp-content\/uploads\/2025\/05\/ar_ancasti20250522-223x300.jpg 223w\" sizes=\"(max-width: 700px) 100vw, 700px\" \/><\/p>\n<p><img decoding=\"async\" loading=\"lazy\" class=\"aligncenter size-full wp-image-692991\" src=\"https:\/\/www.diario5.com.ar\/wp-content\/uploads\/2025\/05\/ar_rio_negro20250522.jpg\" width=\"700\" height=\"968\" srcset=\"https:\/\/www.diario5.com.ar\/wp-content\/uploads\/2025\/05\/ar_rio_negro20250522.jpg 700w, https:\/\/www.diario5.com.ar\/wp-content\/uploads\/2025\/05\/ar_rio_negro20250522-217x300.jpg 217w\" sizes=\"(max-width: 700px) 100vw, 700px\" \/><\/p>","protected":false},"excerpt":{"rendered":"<p>C\u00f3mo fue el Cabildo Abierto del 22 de mayo de 1810 en Buenos Aires. Un puerto comercial de cueros, carne salada y plata. Muchas restricciones impuestas por el monopolio comercial espa\u00f1ol. Mucho contrabando.\u00a0Un hito. Un debate real y tangible sobre el futuro de un virreinato y el nacimiento de una naci\u00f3n. Un reflejo de las [&hellip;]<\/p>","protected":false},"author":27,"featured_media":692982,"comment_status":"open","ping_status":"open","sticky":false,"template":"","format":"standard","meta":[],"categories":[161,56],"tags":[2007,1387,474,2398,2833,2503,2880,642,1300,2794,2094,414,931,1860,1385,2598,1873,1869,1874,418],"series":[],"_links":{"self":[{"href":"https:\/\/www.diario5.com.ar\/es\/wp-json\/wp\/v2\/posts\/677617"}],"collection":[{"href":"https:\/\/www.diario5.com.ar\/es\/wp-json\/wp\/v2\/posts"}],"about":[{"href":"https:\/\/www.diario5.com.ar\/es\/wp-json\/wp\/v2\/types\/post"}],"author":[{"embeddable":true,"href":"https:\/\/www.diario5.com.ar\/es\/wp-json\/wp\/v2\/users\/27"}],"replies":[{"embeddable":true,"href":"https:\/\/www.diario5.com.ar\/es\/wp-json\/wp\/v2\/comments?post=677617"}],"version-history":[{"count":4,"href":"https:\/\/www.diario5.com.ar\/es\/wp-json\/wp\/v2\/posts\/677617\/revisions"}],"predecessor-version":[{"id":692995,"href":"https:\/\/www.diario5.com.ar\/es\/wp-json\/wp\/v2\/posts\/677617\/revisions\/692995"}],"wp:featuredmedia":[{"embeddable":true,"href":"https:\/\/www.diario5.com.ar\/es\/wp-json\/wp\/v2\/media\/692982"}],"wp:attachment":[{"href":"https:\/\/www.diario5.com.ar\/es\/wp-json\/wp\/v2\/media?parent=677617"}],"wp:term":[{"taxonomy":"category","embeddable":true,"href":"https:\/\/www.diario5.com.ar\/es\/wp-json\/wp\/v2\/categories?post=677617"},{"taxonomy":"post_tag","embeddable":true,"href":"https:\/\/www.diario5.com.ar\/es\/wp-json\/wp\/v2\/tags?post=677617"},{"taxonomy":"series","embeddable":true,"href":"https:\/\/www.diario5.com.ar\/es\/wp-json\/wp\/v2\/series?post=677617"}],"curies":[{"name":"wp","href":"https:\/\/api.w.org\/{rel}","templated":true}]}}