{"id":677611,"date":"2025-05-16T06:11:00","date_gmt":"2025-05-16T09:11:00","guid":{"rendered":"http:\/\/diario5.com.ar\/?p=677611"},"modified":"2025-05-16T06:13:13","modified_gmt":"2025-05-16T09:13:13","slug":"677611","status":"publish","type":"post","link":"https:\/\/www.diario5.com.ar\/es\/677611\/","title":{"rendered":"Piden conferencias de prensa presidenciales"},"content":{"rendered":"<h2 class=\"sub-title-primary\">Libertad de prensa y responsabilidad gubernamental. Una amalgama relaci\u00f3n indispensable para la democracia, que en 42 a\u00f1os no logr\u00f3 consolidarse. <\/h2> <p><img decoding=\"async\" loading=\"lazy\" class=\"alignnone size-full wp-image-692870\" src=\"https:\/\/www.diario5.com.ar\/wp-content\/uploads\/2025\/05\/ANP.jpg\" alt=\"\" width=\"751\" height=\"441\" srcset=\"https:\/\/www.diario5.com.ar\/wp-content\/uploads\/2025\/05\/ANP.jpg 751w, https:\/\/www.diario5.com.ar\/wp-content\/uploads\/2025\/05\/ANP-300x176.jpg 300w\" sizes=\"(max-width: 751px) 100vw, 751px\" \/><\/p>\n<p>Un comunicado de la Academia Nacional de Periodismo, emitido en el D\u00eda Mundial de la Libertad de Prensa, plantea un necesario llamado de atenci\u00f3n acerca del v\u00ednculo entre el periodismo y el poder pol\u00edtico en la Argentina. All\u00ed se sugiere con singular energ\u00eda que el presidente convoque a conferencias de prensa peri\u00f3dicas, abiertas y respetuosas, subraya la necesidad de un di\u00e1logo genuino entre el gobierno y los medios. Esta exigencia no es un mero formalismo, sino un derecho de la sociedad a ser informada de manera veraz y transparente.<\/p>\n<p>Si la importancia de la libertad de prensa en el contexto democr\u00e1tico es innegable, esa misma misma libre condici\u00f3n debe ser innegociable. Para todo y todos: abarca al comunicador y al poder que lo respeta. Abarca al medio y a sus estructuras de financiaci\u00f3n. Son las cuatro columnas que deben sostener la honestidad comunicacional del mensaje que llega al p\u00fablico.<\/p>\n<p>Como lo expresa el comunicado, el periodismo cumple la funci\u00f3n esencial de informar, opinar y exigir rendici\u00f3n de cuentas de los actos de gobierno. Es esta tarea la que permite a la ciudadan\u00eda participar con mayor conocimiento y juicio en los asuntos p\u00fablicos. Sin embargo, la pr\u00e1ctica period\u00edstica debe sostenerse sobre principios \u00e9ticos claros, como el respeto a la verdad, la independencia de criterios y el rechazo de cualquier forma de manipulaci\u00f3n o coacci\u00f3n.<\/p>\n<p>Los veinte principios formulados por la Academia constituyen una gu\u00eda clara para el ejercicio responsable del periodismo. En ellos se refleja la necesidad de mantener una frontera n\u00edtida entre la informaci\u00f3n y la opini\u00f3n, proteger el secreto profesional, corregir los errores con rapidez y evitar el uso irresponsable de herramientas digitales que puedan propagar informaci\u00f3n no verificada. La responsabilidad del periodista de no incitar al odio ni caer en expresiones violentas resalta la importancia de ejercer la profesi\u00f3n con conciencia y sensibilidad social.<\/p>\n<p>Este comunicado, lejos de ser una declaraci\u00f3n aislada, debe servir de impulso para que el gobierno reflexione sobre su v\u00ednculo con la prensa. La democracia demanda transparencia y la rendici\u00f3n de cuentas no debe estar sujeta a preferencias o conveniencias pol\u00edticas. Facilitar el acceso de los periodistas a la informaci\u00f3n p\u00fablica fortalece la legitimidad de quienes ejercen el poder y contribuye a una ciudadan\u00eda mejor informada.<\/p>\n<p>El periodismo es un pilar fundamental de la democracia, aunque su fortaleza se hace dependiente, por un lado, del compromiso \u00e9tico de los profesionales y -en la orilla opuesta- de la voluntad de los poderes p\u00fablicos de reconocer y respetar su rol. La convocatoria a conferencias de prensa abiertas, sin restricciones, no debe ser tomada como demanda period\u00edstica. Hablamos de una obligaci\u00f3n gubernamental en un sistema republicano y pluralista.<\/p>\n<hr \/>\n<p>&nbsp;<\/p>\n<p><em><strong>Comunicado en el D\u00eda Mundial de la Libertad de Prensa 2025<\/strong><\/em><\/p>\n<p><em>Ante el reiterado debate sobre la relaci\u00f3n del periodismo con el poder, la Academia Nacional de Periodismo considera oportuno volver a difundir el 3 de mayo, D\u00eda Mundial de la Libertad de Prensa, los principios b\u00e1sicos para el ejercicio de la profesi\u00f3n period\u00edstica elaborados recientemente por esta instituci\u00f3n. Al mismo tiempo, estima necesario exigirle al presidente de la Naci\u00f3n que convoque a peri\u00f3dicas conferencias de prensa, sin exclusiones ni segregaciones, y que responda las preguntas con el debido respeto hacia los periodistas que las formulen. Es obligaci\u00f3n del Gobierno rendir cuentas de sus actos ante la sociedad y darle al periodismo el lugar que le corresponde como instituci\u00f3n imprescindible de la democracia.<\/em><\/p>\n<p>&nbsp;<\/p>\n<p><em><strong>Veinte principios permanentes del periodismo<\/strong><\/em><\/p>\n<p><em>Sobre la base del art\u00edculo II del estatuto de la Academia Nacional de Periodismo, sin que signifique una coacci\u00f3n legal, recomendamos a todos los periodistas la defensa de estos conceptos:<\/em><\/p>\n<p><em>1. La viga maestra del periodismo profesional, independiente, ejercido de manera honesta, es una informaci\u00f3n basada en la verdad.<\/em><\/p>\n<p><em>2. El rol del periodismo en la democracia del siglo XXI es informar, opinar, y hacer rendir cuentas a todos los poderes. La informaci\u00f3n es un derecho, no una mercanc\u00eda.<\/em><\/p>\n<p><em>3. El periodista debe resguardar su independencia frente a los gobiernos de turno, otros poderes, las empresas privadas y sus propias audiencias.<\/em><\/p>\n<p><em>4. Se recomienda distinguir la informaci\u00f3n de la opini\u00f3n, incluso en las redes personales del periodista.<\/em><\/p>\n<p><em>5. Las noticias deben estar separadas claramente del contenido esponsoreado por empresas, partidos pol\u00edticos, asociaciones sociales o particulares.<\/em><\/p>\n<p><em>6. La libertad de expresi\u00f3n tiene una limitaci\u00f3n de hierro: no incitar al odio ni a la violencia, de modo que deben evitarse las agresiones verbales o escritas.<\/em><\/p>\n<p><em>7. El periodista debe atribuir la informaci\u00f3n. Siempre que sea posible, debe identificar al emisor con nombre y apellido (\u201con the record\u201d). Cuando la informaci\u00f3n es difundida por personas que no quieren identificarse (\u201coff the record\u201d), el periodista debe aportar datos que ayuden a evaluar esa informaci\u00f3n, siempre que no pongan en riesgo el compromiso de anonimato.<\/em><\/p>\n<p><em>8. Los errores deben ser corregidos e informados a las audiencias lo m\u00e1s r\u00e1pido posible.<\/em><\/p>\n<p><em>9. El secreto profesional est\u00e1 protegido por el art\u00edculo 43 de la Constituci\u00f3n, no como un privilegio personal sino por su funci\u00f3n en beneficio del derecho de la ciudadan\u00eda a ser informada de manera fidedigna, especialmente cuando se trata de informaci\u00f3n que los poderes intentan ocultar.<\/em><\/p>\n<p><em>10. Antes de dar a conocer una informaci\u00f3n que pueda resultar acusatoria, se debe recurrir a las personas o entidades que son objeto de esa informaci\u00f3n, para que den su visi\u00f3n de los hechos.<\/em><\/p>\n<p><em>11. Deben evitarse los comentarios sexistas, racistas y los prejuicios de cualquier tipo; al igual que las generalizaciones que afecten a personas por su etnia, nacionalidad, ideolog\u00eda, religi\u00f3n, sexo, educaci\u00f3n o condici\u00f3n econ\u00f3mica, o que se basen en prejuicios de cualquier otra \u00edndole.<\/em><\/p>\n<p><em>12. El periodismo profesional rechaza el plagio, los sobornos, las extorsiones y otras pr\u00e1cticas similares. Ning\u00fan periodista debe aceptar pagos, retribuciones, d\u00e1divas ni privilegios que pudieran influir en el contenido de su trabajo.<\/em><\/p>\n<p><em>13. La b\u00fasqueda de primicias no justifica poner en riesgo la vida de una persona, entrometerse en el trabajo de la Polic\u00eda en una toma de rehenes, ni obstaculizar la labor de los jueces de manera deliberada.<\/em><\/p>\n<p><em>14. Los periodistas dar\u00e1n cobertura a las noticias de inter\u00e9s p\u00fablico de una sociedad democr\u00e1tica. Las personas p\u00fablicas est\u00e1n sometidas a un mayor escrutinio, pero sus vidas privadas s\u00f3lo ser\u00e1n de inter\u00e9s cuando afecten al bien com\u00fan, al uso de los recursos del Estado, a la vida de otras personas, de manera directa o indirecta, o cuando ellas mismas las expongan.<\/em><\/p>\n<p><em>15. En toda noticia se respetar\u00e1 el principio constitucional de inocencia de las personas hasta que el fallo confirme la culpabilidad. No se publicar\u00e1n fotos ni nombres de menores de edad vinculados a causas judiciales.<\/em><\/p>\n<p><em>16. El uso de c\u00e1maras, micr\u00f3fonos ocultos u otros m\u00e9todos no convencionales para lograr datos u obtener testimonios puede ser utilizado s\u00f3lo cuando se viera involucrado un bien o valor p\u00fablico mayor al derecho a la intimidad de las personas; y, adem\u00e1s, cuando se hayan agotado los m\u00e9todos convencionales de b\u00fasqueda de informaci\u00f3n.<\/em><\/p>\n<p><em>17. Las fotograf\u00edas y los videos deben ser aut\u00e9nticos. Si se realiza un montaje con fines ilustrativos se debe explicitar claramente que se trata de una recreaci\u00f3n.<\/em><\/p>\n<p><em>18. Los periodistas deben dar a los datos que les lleguen a trav\u00e9s de las redes sociales u otros canales digitales el mismo tratamiento de verificaci\u00f3n y contrastaci\u00f3n que aquellos surgidos de las fuentes tradicionales de informaci\u00f3n.<\/em><\/p>\n<p><em>19. Las buenas pr\u00e1cticas period\u00edsticas se recomiendan no s\u00f3lo para la tarea que los periodistas realizan en los medios sino tambi\u00e9n para la actividad que desarrollan en sus propias redes sociales.<\/em><\/p>\n<p><em>20. Es obligaci\u00f3n de los periodistas respetar las leyes y el sistema que fundamenta y protege nuestra profesi\u00f3n, la democracia republicana, garant\u00eda del pluralismo y el respeto a las minor\u00edas. Un debate democr\u00e1tico es el que admite la pluralidad de voces y miradas que conviven en una sociedad.<\/em><\/p>\n<p>&nbsp;<\/p>\n<p>&nbsp;<\/p>\n<p><img decoding=\"async\" loading=\"lazy\" class=\"aligncenter size-full wp-image-692895\" src=\"https:\/\/www.diario5.com.ar\/wp-content\/uploads\/2025\/05\/ar_capital_rosario20250516.jpg\" width=\"700\" height=\"930\" srcset=\"https:\/\/www.diario5.com.ar\/wp-content\/uploads\/2025\/05\/ar_capital_rosario20250516.jpg 700w, https:\/\/www.diario5.com.ar\/wp-content\/uploads\/2025\/05\/ar_capital_rosario20250516-226x300.jpg 226w\" sizes=\"(max-width: 700px) 100vw, 700px\" \/><\/p>\n<p><img decoding=\"async\" src=\"https:\/\/img.kiosko.net\/2025\/05\/16\/ar\/ar_nueva_provincia.jpg\" \/><\/p>\n<p><img decoding=\"async\" src=\"https:\/\/img.kiosko.net\/2025\/05\/16\/ar\/ar_duplicado.jpg\" \/><\/p>\n<p><img decoding=\"async\" loading=\"lazy\" class=\"aligncenter size-full wp-image-692896\" src=\"https:\/\/www.diario5.com.ar\/wp-content\/uploads\/2025\/05\/esquiu20250516.jpg\" width=\"700\" height=\"924\" srcset=\"https:\/\/www.diario5.com.ar\/wp-content\/uploads\/2025\/05\/esquiu20250516.jpg 700w, https:\/\/www.diario5.com.ar\/wp-content\/uploads\/2025\/05\/esquiu20250516-227x300.jpg 227w\" sizes=\"(max-width: 700px) 100vw, 700px\" \/><\/p>\n<p><img decoding=\"async\" src=\"https:\/\/img.kiosko.net\/2025\/05\/16\/ar\/ar_diario_norte.jpg\" \/><\/p>\n<p><img decoding=\"async\" loading=\"lazy\" class=\"aligncenter size-full wp-image-692897\" src=\"https:\/\/www.diario5.com.ar\/wp-content\/uploads\/2025\/05\/voz_chaco20250516.jpg\" width=\"700\" height=\"808\" srcset=\"https:\/\/www.diario5.com.ar\/wp-content\/uploads\/2025\/05\/voz_chaco20250516.jpg 700w, https:\/\/www.diario5.com.ar\/wp-content\/uploads\/2025\/05\/voz_chaco20250516-260x300.jpg 260w\" sizes=\"(max-width: 700px) 100vw, 700px\" \/><\/p>\n<p><img decoding=\"async\" src=\"https:\/\/img.kiosko.net\/2025\/05\/16\/ar\/ar_diario_madryn.jpg\" \/><\/p>\n<p><img decoding=\"async\" src=\"https:\/\/img.kiosko.net\/2025\/05\/16\/ar\/ar_laprensa.jpg\" \/><\/p>\n<p><img decoding=\"async\" loading=\"lazy\" class=\"aligncenter size-full wp-image-692898\" src=\"https:\/\/www.diario5.com.ar\/wp-content\/uploads\/2025\/05\/ar_cronista20250516.jpg\" width=\"700\" height=\"1001\" srcset=\"https:\/\/www.diario5.com.ar\/wp-content\/uploads\/2025\/05\/ar_cronista20250516.jpg 700w, https:\/\/www.diario5.com.ar\/wp-content\/uploads\/2025\/05\/ar_cronista20250516-210x300.jpg 210w\" sizes=\"(max-width: 700px) 100vw, 700px\" \/><\/p>\n<p><img decoding=\"async\" src=\"https:\/\/img.kiosko.net\/2025\/05\/16\/ar\/buenosaires_economico.jpg\" \/><\/p>\n<p><img decoding=\"async\" src=\"https:\/\/img.kiosko.net\/2025\/05\/16\/ar\/ar_perfil.jpg\" \/><\/p>\n<p><img decoding=\"async\" loading=\"lazy\" class=\"aligncenter size-full wp-image-692899\" src=\"https:\/\/www.diario5.com.ar\/wp-content\/uploads\/2025\/05\/ar_eldia20250516.jpg\" width=\"700\" height=\"1032\" srcset=\"https:\/\/www.diario5.com.ar\/wp-content\/uploads\/2025\/05\/ar_eldia20250516.jpg 700w, https:\/\/www.diario5.com.ar\/wp-content\/uploads\/2025\/05\/ar_eldia20250516-203x300.jpg 203w, https:\/\/www.diario5.com.ar\/wp-content\/uploads\/2025\/05\/ar_eldia20250516-695x1024.jpg 695w\" sizes=\"(max-width: 700px) 100vw, 700px\" \/><\/p>\n<p><img decoding=\"async\" loading=\"lazy\" class=\"aligncenter size-full wp-image-692900\" src=\"https:\/\/www.diario5.com.ar\/wp-content\/uploads\/2025\/05\/ar_hoy20250516.jpg\" width=\"700\" height=\"923\" srcset=\"https:\/\/www.diario5.com.ar\/wp-content\/uploads\/2025\/05\/ar_hoy20250516.jpg 700w, https:\/\/www.diario5.com.ar\/wp-content\/uploads\/2025\/05\/ar_hoy20250516-228x300.jpg 228w\" sizes=\"(max-width: 700px) 100vw, 700px\" \/><\/p>\n<p><img decoding=\"async\" src=\"https:\/\/img.kiosko.net\/2025\/05\/16\/ar\/ar_democracia.jpg\" \/><\/p>\n<p><img decoding=\"async\" loading=\"lazy\" class=\"aligncenter size-full wp-image-692901\" src=\"https:\/\/www.diario5.com.ar\/wp-content\/uploads\/2025\/05\/ar_chubut20250516.jpg\" width=\"700\" height=\"896\" srcset=\"https:\/\/www.diario5.com.ar\/wp-content\/uploads\/2025\/05\/ar_chubut20250516.jpg 700w, https:\/\/www.diario5.com.ar\/wp-content\/uploads\/2025\/05\/ar_chubut20250516-234x300.jpg 234w\" sizes=\"(max-width: 700px) 100vw, 700px\" \/><\/p>\n<p><img decoding=\"async\" src=\"https:\/\/img.kiosko.net\/2025\/05\/16\/ar\/ar_epoca.jpg\" \/><\/p>\n<p><img decoding=\"async\" src=\"https:\/\/img.kiosko.net\/2025\/05\/16\/ar\/ar_litoral.jpg\" \/><\/p>\n<p><img decoding=\"async\" src=\"https:\/\/img.kiosko.net\/2025\/05\/16\/ar\/ar_heraldo.jpg\" \/><\/p>\n<p><img decoding=\"async\" src=\"https:\/\/img.kiosko.net\/2025\/05\/16\/ar\/ar_manana_formosa.jpg\" \/><\/p>\n<p><img decoding=\"async\" src=\"https:\/\/img.kiosko.net\/2025\/05\/16\/ar\/ar_diario_pampa.jpg\" \/><\/p>\n<p><img decoding=\"async\" src=\"https:\/\/img.kiosko.net\/2025\/05\/16\/ar\/ar_pagina12.jpg\" \/><\/p>\n<p><img decoding=\"async\" src=\"https:\/\/img.kiosko.net\/2025\/05\/16\/ar\/ar_arena.jpg\" \/><\/p>\n<p><img decoding=\"async\" src=\"https:\/\/img.kiosko.net\/2025\/05\/16\/ar\/independiente.jpg\" \/><\/p>\n<p><img decoding=\"async\" src=\"https:\/\/img.kiosko.net\/2025\/05\/16\/ar\/nueva_rioja.jpg\" \/><\/p>\n<p><img decoding=\"async\" src=\"https:\/\/img.kiosko.net\/2025\/05\/16\/ar\/ar_losandes.jpg\" \/><\/p>\n<p><img decoding=\"async\" src=\"https:\/\/img.kiosko.net\/2025\/05\/16\/ar\/ar_tribuno.jpg\" \/><\/p>\n<p><img decoding=\"async\" src=\"https:\/\/img.kiosko.net\/2025\/05\/16\/ar\/lea.jpg\" \/><\/p>\n<p><img decoding=\"async\" src=\"https:\/\/img.kiosko.net\/2025\/05\/16\/ar\/ar_nuevo_diario.jpg\" \/><\/p>\n<p><img decoding=\"async\" src=\"https:\/\/img.kiosko.net\/2025\/05\/16\/ar\/ar_diario_cuyo.jpg\" \/><\/p>\n<p><img decoding=\"async\" src=\"https:\/\/img.kiosko.net\/2025\/05\/16\/ar\/huarpe.jpg\" \/><\/p>\n<p><img decoding=\"async\" src=\"https:\/\/img.kiosko.net\/2025\/05\/16\/ar\/ar_diario_republica.jpg\" \/><\/p>\n<p><img decoding=\"async\" src=\"https:\/\/img.kiosko.net\/2025\/05\/16\/ar\/ar_litoral_sfe.jpg\" \/><\/p>\n<p><img decoding=\"async\" src=\"https:\/\/img.kiosko.net\/2025\/05\/16\/ar\/ciudadano.jpg\" \/><\/p>\n<p><img decoding=\"async\" src=\"https:\/\/img.kiosko.net\/2025\/05\/16\/ar\/ar_mirador_provincial.jpg\" \/><\/p>\n<p><img decoding=\"async\" src=\"https:\/\/img.kiosko.net\/2025\/05\/16\/ar\/ar_gaceta.jpg\" \/><\/p>\n<p><img decoding=\"async\" src=\"https:\/\/img.kiosko.net\/2025\/05\/16\/ar\/ar_cronica.jpg\" \/><\/p>\n<p><img decoding=\"async\" loading=\"lazy\" class=\"aligncenter size-full wp-image-692902\" src=\"https:\/\/www.diario5.com.ar\/wp-content\/uploads\/2025\/05\/ar_clarin20250516.jpg\" width=\"700\" height=\"977\" srcset=\"https:\/\/www.diario5.com.ar\/wp-content\/uploads\/2025\/05\/ar_clarin20250516.jpg 700w, https:\/\/www.diario5.com.ar\/wp-content\/uploads\/2025\/05\/ar_clarin20250516-215x300.jpg 215w\" sizes=\"(max-width: 700px) 100vw, 700px\" \/><\/p>\n<p><img decoding=\"async\" loading=\"lazy\" class=\"aligncenter size-full wp-image-692903\" src=\"https:\/\/www.diario5.com.ar\/wp-content\/uploads\/2025\/05\/nacion20250516.jpg\" width=\"700\" height=\"1062\" srcset=\"https:\/\/www.diario5.com.ar\/wp-content\/uploads\/2025\/05\/nacion20250516.jpg 700w, https:\/\/www.diario5.com.ar\/wp-content\/uploads\/2025\/05\/nacion20250516-198x300.jpg 198w, https:\/\/www.diario5.com.ar\/wp-content\/uploads\/2025\/05\/nacion20250516-675x1024.jpg 675w\" sizes=\"(max-width: 700px) 100vw, 700px\" \/><\/p>\n<p><img decoding=\"async\" src=\"https:\/\/img.kiosko.net\/2025\/05\/16\/ar\/ar_eco.jpg\" \/><\/p>\n<p><img decoding=\"async\" src=\"https:\/\/img.kiosko.net\/2025\/05\/16\/ar\/nuevo_diario.jpg\" \/><\/p>\n<p><img decoding=\"async\" src=\"https:\/\/img.kiosko.net\/2025\/05\/16\/ar\/sureno.jpg\" \/><\/p>\n<p><img decoding=\"async\" src=\"https:\/\/img.kiosko.net\/2025\/05\/16\/ar\/ar_duplicado.jpg\" \/><\/p>\n<p><img decoding=\"async\" src=\"https:\/\/img.kiosko.net\/2025\/05\/16\/ar\/tiempo_sur.jpg\" \/><\/p>\n<p><img decoding=\"async\" src=\"https:\/\/img.kiosko.net\/2025\/05\/16\/ar\/tiempo_argentino.jpg\" \/><\/p>\n<p><img decoding=\"async\" src=\"https:\/\/img.kiosko.net\/2025\/05\/16\/ar\/ar_epoca.jpg\" \/><\/p>\n<p><img decoding=\"async\" src=\"https:\/\/img.kiosko.net\/2025\/05\/16\/ar\/ar_elsol.jpg\" \/><\/p>\n<p><img decoding=\"async\" loading=\"lazy\" class=\"aligncenter size-full wp-image-692904\" src=\"https:\/\/www.diario5.com.ar\/wp-content\/uploads\/2025\/05\/ar_ancasti20250516.jpg\" width=\"700\" height=\"949\" srcset=\"https:\/\/www.diario5.com.ar\/wp-content\/uploads\/2025\/05\/ar_ancasti20250516.jpg 700w, https:\/\/www.diario5.com.ar\/wp-content\/uploads\/2025\/05\/ar_ancasti20250516-221x300.jpg 221w\" sizes=\"(max-width: 700px) 100vw, 700px\" \/><\/p>\n<p><img decoding=\"async\" loading=\"lazy\" class=\"aligncenter size-full wp-image-692905\" src=\"https:\/\/www.diario5.com.ar\/wp-content\/uploads\/2025\/05\/ar_rio_negro20250516.jpg\" width=\"700\" height=\"971\" srcset=\"https:\/\/www.diario5.com.ar\/wp-content\/uploads\/2025\/05\/ar_rio_negro20250516.jpg 700w, https:\/\/www.diario5.com.ar\/wp-content\/uploads\/2025\/05\/ar_rio_negro20250516-216x300.jpg 216w\" sizes=\"(max-width: 700px) 100vw, 700px\" \/><\/p>\n<p><img decoding=\"async\" src=\"https:\/\/img.kiosko.net\/2025\/05\/16\/ar\/ar_03.jpg\" \/><\/p>\n<p><img decoding=\"async\" src=\"https:\/\/img.kiosko.net\/2025\/05\/16\/ar\/ar_04.jpg\" \/><\/p>\n<p><img decoding=\"async\" src=\"https:\/\/img.kiosko.net\/2025\/05\/16\/ar\/ar_05.jpg\" \/><\/p>\n<p>&nbsp;<\/p>","protected":false},"excerpt":{"rendered":"<p>Libertad de prensa y responsabilidad gubernamental. Una amalgama relaci\u00f3n indispensable para la democracia, que en 42 a\u00f1os no logr\u00f3 consolidarse. Un comunicado de la Academia Nacional de Periodismo, emitido en el D\u00eda Mundial de la Libertad de Prensa, plantea un necesario llamado de atenci\u00f3n acerca del v\u00ednculo entre el periodismo y el poder pol\u00edtico en [&hellip;]<\/p>","protected":false},"author":9,"featured_media":692870,"comment_status":"open","ping_status":"open","sticky":false,"template":"","format":"standard","meta":[],"categories":[75,5,487,56],"tags":[2872,1177,958,1718,668,27,1826,2794,2094,2382,1873,1863,635,567,1685,2904,1683],"series":[],"_links":{"self":[{"href":"https:\/\/www.diario5.com.ar\/es\/wp-json\/wp\/v2\/posts\/677611"}],"collection":[{"href":"https:\/\/www.diario5.com.ar\/es\/wp-json\/wp\/v2\/posts"}],"about":[{"href":"https:\/\/www.diario5.com.ar\/es\/wp-json\/wp\/v2\/types\/post"}],"author":[{"embeddable":true,"href":"https:\/\/www.diario5.com.ar\/es\/wp-json\/wp\/v2\/users\/9"}],"replies":[{"embeddable":true,"href":"https:\/\/www.diario5.com.ar\/es\/wp-json\/wp\/v2\/comments?post=677611"}],"version-history":[{"count":3,"href":"https:\/\/www.diario5.com.ar\/es\/wp-json\/wp\/v2\/posts\/677611\/revisions"}],"predecessor-version":[{"id":692875,"href":"https:\/\/www.diario5.com.ar\/es\/wp-json\/wp\/v2\/posts\/677611\/revisions\/692875"}],"wp:featuredmedia":[{"embeddable":true,"href":"https:\/\/www.diario5.com.ar\/es\/wp-json\/wp\/v2\/media\/692870"}],"wp:attachment":[{"href":"https:\/\/www.diario5.com.ar\/es\/wp-json\/wp\/v2\/media?parent=677611"}],"wp:term":[{"taxonomy":"category","embeddable":true,"href":"https:\/\/www.diario5.com.ar\/es\/wp-json\/wp\/v2\/categories?post=677611"},{"taxonomy":"post_tag","embeddable":true,"href":"https:\/\/www.diario5.com.ar\/es\/wp-json\/wp\/v2\/tags?post=677611"},{"taxonomy":"series","embeddable":true,"href":"https:\/\/www.diario5.com.ar\/es\/wp-json\/wp\/v2\/series?post=677611"}],"curies":[{"name":"wp","href":"https:\/\/api.w.org\/{rel}","templated":true}]}}