{"id":677605,"date":"2025-05-10T06:11:00","date_gmt":"2025-05-10T09:11:00","guid":{"rendered":"http:\/\/diario5.com.ar\/?p=677605"},"modified":"2025-05-11T00:46:47","modified_gmt":"2025-05-11T03:46:47","slug":"677605","status":"publish","type":"post","link":"https:\/\/www.diario5.com.ar\/es\/677605\/","title":{"rendered":"TramBus, en marcha"},"content":{"rendered":"<h2 class=\"sub-title-primary\"><\/h2> <p><img decoding=\"async\" loading=\"lazy\" class=\"aligncenter size-full wp-image-692783\" src=\"https:\/\/www.diario5.com.ar\/wp-content\/uploads\/2025\/05\/WhatsApp-Image-2025-05-07-at-12.36.4720250510.jpeg\" alt=\"Jorge Macri present\u00f3 los nuevos buses el\u00e9ctricos de la Ciudad.\" width=\"700\" height=\"465\" srcset=\"https:\/\/www.diario5.com.ar\/wp-content\/uploads\/2025\/05\/WhatsApp-Image-2025-05-07-at-12.36.4720250510.jpeg 700w, https:\/\/www.diario5.com.ar\/wp-content\/uploads\/2025\/05\/WhatsApp-Image-2025-05-07-at-12.36.4720250510-300x199.jpeg 300w\" sizes=\"(max-width: 700px) 100vw, 700px\" \/><\/p>\n<p>Buenos Aires dio inicio a la operaci\u00f3n de la primera l\u00ednea de buses totalmente el\u00e9ctricos, un paso significativo hacia la modernizaci\u00f3n del transporte urbano y la reducci\u00f3n del impacto ambiental. El recorrido une Parque Lezama con la Plaza San Mart\u00edn, atravesando los barrios de Retiro, San Nicol\u00e1s, Monserrat, San Telmo y La Boca. Las unidades son de 7 metros de largo, con capacidad para 30 pasajeros (13 sentados) y una autonom\u00eda de 170 kil\u00f3metros por carga completa.<\/p>\n<p>Durante los primeros dos meses, el servicio ser\u00e1 gratuito. Los buses el\u00e9ctricos tienen piso bajo para facilitar el acceso a personas con movilidad reducida, cuentan con c\u00e1maras de seguridad, sensores de conteo de pasajeros y un sistema de c\u00f3digos QR que permite conocer el tiempo de espera. La terminal de carga y mantenimiento est\u00e1 ubicada en el cruce de las avenidas Ingeniero Huergo y Brasil. Adem\u00e1s, este servicio ser\u00e1 operado exclusivamente por conductoras mujeres.<\/p>\n<p>El recorrido cuenta con 36 paradas y tiene una frecuencia de diez minutos, funcionando de 5.00 a 1.00. La velocidad m\u00e1xima en el Casco Hist\u00f3rico ser\u00e1 de 20 km\/h, mientras que en calles comunes y avenidas puede alcanzar los 30, 40 o 50 km\/h, seg\u00fan la normativa vigente. Se estima que el sistema transportar\u00e1 alrededor de 500.000 pasajeros al a\u00f1o.<\/p>\n<p>El uso de buses el\u00e9ctricos representa un avance en la reducci\u00f3n de la contaminaci\u00f3n sonora y de gases de efecto invernadero, que en Buenos Aires provienen en gran parte del transporte p\u00fablico. La electromovilidad ya ha demostrado ser eficiente en ciudades como Bogot\u00e1 y Santiago de Chile, donde los buses el\u00e9ctricos han mejorado la calidad del aire y reducido significativamente el ruido urbano.<\/p>\n<p>Para el pr\u00f3ximo a\u00f1o, la Ciudad planea incorporar dos l\u00edneas el\u00e9ctricas de TramBus, un sistema de transporte similar a un subte en superficie, que conectar\u00e1 el sur y el norte porte\u00f1o sin necesidad de v\u00edas ni catenarias. Este proyecto es parte de una estrategia m\u00e1s amplia para modernizar el sistema de transporte y hacerlo m\u00e1s amigable con el medio ambiente.<\/p>\n<p><img decoding=\"async\" loading=\"lazy\" class=\"aligncenter size-full wp-image-692784\" src=\"https:\/\/www.diario5.com.ar\/wp-content\/uploads\/2025\/05\/ar_capital_rosario20250510.jpg\" width=\"700\" height=\"913\" srcset=\"https:\/\/www.diario5.com.ar\/wp-content\/uploads\/2025\/05\/ar_capital_rosario20250510.jpg 700w, https:\/\/www.diario5.com.ar\/wp-content\/uploads\/2025\/05\/ar_capital_rosario20250510-230x300.jpg 230w\" sizes=\"(max-width: 700px) 100vw, 700px\" \/><\/p>\n<p><img decoding=\"async\" loading=\"lazy\" class=\"aligncenter size-full wp-image-692785\" src=\"https:\/\/www.diario5.com.ar\/wp-content\/uploads\/2025\/05\/ar_nueva_provincia20250510.jpg\" width=\"700\" height=\"981\" srcset=\"https:\/\/www.diario5.com.ar\/wp-content\/uploads\/2025\/05\/ar_nueva_provincia20250510.jpg 700w, https:\/\/www.diario5.com.ar\/wp-content\/uploads\/2025\/05\/ar_nueva_provincia20250510-214x300.jpg 214w\" sizes=\"(max-width: 700px) 100vw, 700px\" \/><\/p>\n<p><img decoding=\"async\" loading=\"lazy\" class=\"aligncenter size-full wp-image-692786\" src=\"https:\/\/www.diario5.com.ar\/wp-content\/uploads\/2025\/05\/esquiu20250510.jpg\" width=\"700\" height=\"928\" srcset=\"https:\/\/www.diario5.com.ar\/wp-content\/uploads\/2025\/05\/esquiu20250510.jpg 700w, https:\/\/www.diario5.com.ar\/wp-content\/uploads\/2025\/05\/esquiu20250510-226x300.jpg 226w\" sizes=\"(max-width: 700px) 100vw, 700px\" \/><\/p>\n<p><img decoding=\"async\" loading=\"lazy\" class=\"aligncenter size-full wp-image-692787\" src=\"https:\/\/www.diario5.com.ar\/wp-content\/uploads\/2025\/05\/voz_chaco20250510.jpg\" width=\"700\" height=\"823\" srcset=\"https:\/\/www.diario5.com.ar\/wp-content\/uploads\/2025\/05\/voz_chaco20250510.jpg 700w, https:\/\/www.diario5.com.ar\/wp-content\/uploads\/2025\/05\/voz_chaco20250510-255x300.jpg 255w\" sizes=\"(max-width: 700px) 100vw, 700px\" \/><\/p>\n<p><img decoding=\"async\" loading=\"lazy\" class=\"aligncenter size-full wp-image-692788\" src=\"https:\/\/www.diario5.com.ar\/wp-content\/uploads\/2025\/05\/ar_eldia20250510.jpg\" width=\"700\" height=\"1009\" srcset=\"https:\/\/www.diario5.com.ar\/wp-content\/uploads\/2025\/05\/ar_eldia20250510.jpg 700w, https:\/\/www.diario5.com.ar\/wp-content\/uploads\/2025\/05\/ar_eldia20250510-208x300.jpg 208w\" sizes=\"(max-width: 700px) 100vw, 700px\" \/><\/p>\n<p><img decoding=\"async\" loading=\"lazy\" class=\"aligncenter size-full wp-image-692789\" src=\"https:\/\/www.diario5.com.ar\/wp-content\/uploads\/2025\/05\/ar_chubut20250510.jpg\" width=\"700\" height=\"904\" srcset=\"https:\/\/www.diario5.com.ar\/wp-content\/uploads\/2025\/05\/ar_chubut20250510.jpg 700w, https:\/\/www.diario5.com.ar\/wp-content\/uploads\/2025\/05\/ar_chubut20250510-232x300.jpg 232w\" sizes=\"(max-width: 700px) 100vw, 700px\" \/><\/p>\n<p><img decoding=\"async\" loading=\"lazy\" class=\"aligncenter size-full wp-image-692790\" src=\"https:\/\/www.diario5.com.ar\/wp-content\/uploads\/2025\/05\/ar_clarin20250510.jpg\" width=\"700\" height=\"977\" srcset=\"https:\/\/www.diario5.com.ar\/wp-content\/uploads\/2025\/05\/ar_clarin20250510.jpg 700w, https:\/\/www.diario5.com.ar\/wp-content\/uploads\/2025\/05\/ar_clarin20250510-215x300.jpg 215w\" sizes=\"(max-width: 700px) 100vw, 700px\" \/><\/p>\n<p><img decoding=\"async\" loading=\"lazy\" class=\"aligncenter size-full wp-image-692791\" src=\"https:\/\/www.diario5.com.ar\/wp-content\/uploads\/2025\/05\/nacion20250510.jpg\" width=\"700\" height=\"1062\" srcset=\"https:\/\/www.diario5.com.ar\/wp-content\/uploads\/2025\/05\/nacion20250510.jpg 700w, https:\/\/www.diario5.com.ar\/wp-content\/uploads\/2025\/05\/nacion20250510-198x300.jpg 198w, https:\/\/www.diario5.com.ar\/wp-content\/uploads\/2025\/05\/nacion20250510-675x1024.jpg 675w\" sizes=\"(max-width: 700px) 100vw, 700px\" \/><\/p>\n<p><img decoding=\"async\" loading=\"lazy\" class=\"aligncenter size-full wp-image-692792\" src=\"https:\/\/www.diario5.com.ar\/wp-content\/uploads\/2025\/05\/ar_ancasti20250510.jpg\" width=\"700\" height=\"950\" srcset=\"https:\/\/www.diario5.com.ar\/wp-content\/uploads\/2025\/05\/ar_ancasti20250510.jpg 700w, https:\/\/www.diario5.com.ar\/wp-content\/uploads\/2025\/05\/ar_ancasti20250510-221x300.jpg 221w\" sizes=\"(max-width: 700px) 100vw, 700px\" \/><\/p>\n<p><img decoding=\"async\" loading=\"lazy\" class=\"aligncenter size-full wp-image-692793\" src=\"https:\/\/www.diario5.com.ar\/wp-content\/uploads\/2025\/05\/ar_rio_negro20250510.jpg\" width=\"700\" height=\"954\" srcset=\"https:\/\/www.diario5.com.ar\/wp-content\/uploads\/2025\/05\/ar_rio_negro20250510.jpg 700w, https:\/\/www.diario5.com.ar\/wp-content\/uploads\/2025\/05\/ar_rio_negro20250510-220x300.jpg 220w\" sizes=\"(max-width: 700px) 100vw, 700px\" \/><\/p>","protected":false},"excerpt":{"rendered":"<p>Buenos Aires dio inicio a la operaci\u00f3n de la primera l\u00ednea de buses totalmente el\u00e9ctricos, un paso significativo hacia la modernizaci\u00f3n del transporte urbano y la reducci\u00f3n del impacto ambiental. El recorrido une Parque Lezama con la Plaza San Mart\u00edn, atravesando los barrios de Retiro, San Nicol\u00e1s, Monserrat, San Telmo y La Boca. Las unidades [&hellip;]<\/p>","protected":false},"author":5,"featured_media":692783,"comment_status":"open","ping_status":"open","sticky":false,"template":"","format":"standard","meta":[],"categories":[2406,3,56,25],"tags":[474,2503,2712,1891,527,2703,331,362,2063,1398,2671,2706,2719,2707,2223,817,955,537,928,929],"series":[],"_links":{"self":[{"href":"https:\/\/www.diario5.com.ar\/es\/wp-json\/wp\/v2\/posts\/677605"}],"collection":[{"href":"https:\/\/www.diario5.com.ar\/es\/wp-json\/wp\/v2\/posts"}],"about":[{"href":"https:\/\/www.diario5.com.ar\/es\/wp-json\/wp\/v2\/types\/post"}],"author":[{"embeddable":true,"href":"https:\/\/www.diario5.com.ar\/es\/wp-json\/wp\/v2\/users\/5"}],"replies":[{"embeddable":true,"href":"https:\/\/www.diario5.com.ar\/es\/wp-json\/wp\/v2\/comments?post=677605"}],"version-history":[{"count":4,"href":"https:\/\/www.diario5.com.ar\/es\/wp-json\/wp\/v2\/posts\/677605\/revisions"}],"predecessor-version":[{"id":692780,"href":"https:\/\/www.diario5.com.ar\/es\/wp-json\/wp\/v2\/posts\/677605\/revisions\/692780"}],"wp:featuredmedia":[{"embeddable":true,"href":"https:\/\/www.diario5.com.ar\/es\/wp-json\/wp\/v2\/media\/692783"}],"wp:attachment":[{"href":"https:\/\/www.diario5.com.ar\/es\/wp-json\/wp\/v2\/media?parent=677605"}],"wp:term":[{"taxonomy":"category","embeddable":true,"href":"https:\/\/www.diario5.com.ar\/es\/wp-json\/wp\/v2\/categories?post=677605"},{"taxonomy":"post_tag","embeddable":true,"href":"https:\/\/www.diario5.com.ar\/es\/wp-json\/wp\/v2\/tags?post=677605"},{"taxonomy":"series","embeddable":true,"href":"https:\/\/www.diario5.com.ar\/es\/wp-json\/wp\/v2\/series?post=677605"}],"curies":[{"name":"wp","href":"https:\/\/api.w.org\/{rel}","templated":true}]}}