{"id":677596,"date":"2025-05-01T06:11:00","date_gmt":"2025-05-01T09:11:00","guid":{"rendered":"http:\/\/diario5.com.ar\/?p=677596"},"modified":"2025-05-01T06:12:44","modified_gmt":"2025-05-01T09:12:44","slug":"677596","status":"publish","type":"post","link":"https:\/\/www.diario5.com.ar\/es\/677596\/","title":{"rendered":"Los fanatismos: ese da\u00f1o que nunca cesa"},"content":{"rendered":"<h2 class=\"sub-title-primary\"><\/h2> <p><img decoding=\"async\" loading=\"lazy\" class=\"alignnone size-full wp-image-691960\" src=\"https:\/\/www.diario5.com.ar\/wp-content\/uploads\/2025\/05\/afiche_Papa_sindicalismo.jpg\" alt=\"\" width=\"699\" height=\"455\" srcset=\"https:\/\/www.diario5.com.ar\/wp-content\/uploads\/2025\/05\/afiche_Papa_sindicalismo.jpg 699w, https:\/\/www.diario5.com.ar\/wp-content\/uploads\/2025\/05\/afiche_Papa_sindicalismo-300x195.jpg 300w\" sizes=\"(max-width: 699px) 100vw, 699px\" \/><\/p>\n<p>En la Argentina, pocos temas unen tanto como dividen. Y en el centro de esa paradoja vive, lamentablemente, el fanatismo. En nombre de ideolog\u00edas, banderas o lealtades mal entendidas, se ha insultado, negado, perseguido o endiosado seg\u00fan convenga al momento pol\u00edtico, sin mediar autocr\u00edtica ni memoria.<\/p>\n<p>La figura del Papa Francisco es un ejemplo n\u00edtido.<\/p>\n<p>El afiche que reza: \u00abHasta siempre compa\u00f1ero\u00bb es una de las m\u00e1s profundas demostraciones de hipocres\u00eda que se hayan perfilado en la pol\u00edtica argentina<\/p>\n<p>En sus a\u00f1os como Jorge Bergoglio, arzobispo de Buenos Aires, fue objeto de una campa\u00f1a sostenida de difamaci\u00f3n por parte del kirchnerismo y sus aliados sindicales desde el a\u00f1o 2003.\u00a0 Es legendaria la \u00abmudanza de Tedeum\u00bb que decidi\u00f3 N\u00e9stor Kirchner en 2006, para no tener que escuchar la homil\u00eda cr\u00edtica que el cardenal le descerrajar\u00eda en la cara a \u00e9l, su esposa la senadora Cristina Kirchner y a todo su gabinete. <a href=\"https:\/\/www.pagina12.com.ar\/diario\/elpais\/subnotas\/68656-22309-2006-06-18.html\" target=\"_blank\" rel=\"noopener\">Un registro de P\u00e1gina 12 no nos deja mentir.<\/a><\/p>\n<p>Como si ese precedente no fuera suficiente, en 2023, un desaforado Javier Milei en campa\u00f1a, no tuvo tapujos de expresar por TV que Francisco era \u00abel representante del maligno en la Tierra\u00bb y otras calamidades.<\/p>\n<p>Pero lo peor &#8211; y volviendo al primer grupo de malabaristas del cinismo- se hab\u00eda producido apenas fue consagrado como jefe de la Iglesia, en 2013: Ah\u00ed lo acusaron, sin pruebas y con una malicia pocas veces aplicada en la pol\u00edtica universal, de haber sido c\u00f3mplice de la dictadura. En medios afines al \u00ababarcativo\u00bb gobierno de entonces, se lo tild\u00f3 de \u00aboscurantista\u00bb, \u00abenemigo de los derechos humanos\u00bb, \u201cencubridor\u201d y hasta \u201crepresentante del poder eclesi\u00e1stico m\u00e1s rancio\u201d. Nada de eso impidi\u00f3, sin embargo, que el mundo lo saludara con entusiasmo como el primer Papa latinoamericano. Tampoco detuvo a sus acusadores: simplemente dieron vuelta la p\u00e1gina cuando les convino.<\/p>\n<p>Hoy esos mismos sectores lo reivindican. Lo presentan como un faro moral, como una voz que acompa\u00f1a sus consignas, como si siempre hubiese sido \u201cuno de los suyos\u201d. Lo usan en discursos, en marchas, en homenajes. Francisco pas\u00f3 de ser el blanco de una operaci\u00f3n de demolici\u00f3n simb\u00f3lica, a convertirse en estandarte de causas que \u2014m\u00e1s all\u00e1 de su contenido\u2014 s\u00f3lo se agitan cuando conviene electoral o corporativamente.<\/p>\n<p>Este mecanismo de destrucci\u00f3n y posterior apropiaci\u00f3n es t\u00edpico del fanatismo. No importa la verdad, ni la trayectoria, ni la coherencia. Importa el relato, la oportunidad, el beneficio. El Papa no es el \u00fanico. Tambi\u00e9n lo han hecho con artistas, cient\u00edficos, periodistas, h\u00e9roes populares o enemigos circunstanciales. Se los descalifica con brutalidad o se los exalta con exageraci\u00f3n, sin detenerse un segundo en lo esencial: la persona y su obra.<\/p>\n<p>Lo peligroso es que esta l\u00f3gica maniquea no s\u00f3lo distorsiona la historia: tambi\u00e9n bloquea la posibilidad de di\u00e1logo, de consenso, de futuro. Y lo peor, es que muchas veces los que m\u00e1s agitan el odio se escudan luego en la paz, como si fueran inocentes. Fanatismo puro.<\/p>\n<p>Si alguna ense\u00f1anza podemos sacar de esto es que, cuando un sector pol\u00edtico dice defender la verdad, la justicia o la memoria, conviene revisar c\u00f3mo ha tratado a quienes no le eran funcionales. Porque all\u00ed, en esos gestos, est\u00e1 la verdadera medida de su integridad.<\/p>\n<p>Lo peligroso es que esta l\u00f3gica maniquea no s\u00f3lo distorsiona la historia: tambi\u00e9n bloquea la posibilidad de di\u00e1logo, de consenso, de futuro. Y lo peor, es que muchas veces los que m\u00e1s agitan el odio se escudan luego en la paz, como si fueran inocentes. Fanatismo puro.<\/p>\n<p>El fil\u00f3sofo George Santayana advirti\u00f3 que \u201cel fanatismo consiste en redoblar los esfuerzos cuando se ha olvidado el objetivo\u201d. Y esa frase resuena hoy m\u00e1s que nunca. Porque cuando la pasi\u00f3n pol\u00edtica se convierte en negaci\u00f3n del otro, cuando la militancia se transforma en ceguera, el da\u00f1o no es s\u00f3lo moral: es cultural, es institucional, es humano.<\/p>\n<p>Stefan Zweig, testigo del derrumbe europeo por la intolerancia ideol\u00f3gica, dijo que \u201cnada endurece tanto el coraz\u00f3n como la fe ciega en una causa\u201d. Y eso es exactamente lo que seguimos viendo. En nombre de \u201cla causa\u201d, se ha permitido todo: desde la difamaci\u00f3n hasta el olvido selectivo.<\/p>\n<p>Quiz\u00e1s por eso, vale recordar tambi\u00e9n a Albert Camus, que nos advirti\u00f3 contra el totalitarismo emocional que convierte al adversario en enemigo, y a la discrepancia en traici\u00f3n. A estas alturas, la Argentina no necesita m\u00e1s cruzadas. Necesita verdad, memoria completa, y un poco de decencia.<\/p>\n<p><img decoding=\"async\" src=\"https:\/\/img.kiosko.net\/2025\/05\/01\/ar\/ar_capital_rosario.jpg\" \/><\/p>\n<p><img decoding=\"async\" src=\"https:\/\/img.kiosko.net\/2025\/05\/01\/ar\/ar_nueva_provincia.jpg\" \/><\/p>\n<p><img decoding=\"async\" src=\"https:\/\/img.kiosko.net\/2025\/05\/01\/ar\/ar_duplicado.jpg\" \/><\/p>\n<p><img decoding=\"async\" loading=\"lazy\" class=\"aligncenter size-full wp-image-691962\" src=\"https:\/\/www.diario5.com.ar\/wp-content\/uploads\/2025\/05\/esquiu20250501.jpg\" width=\"700\" height=\"920\" srcset=\"https:\/\/www.diario5.com.ar\/wp-content\/uploads\/2025\/05\/esquiu20250501.jpg 700w, https:\/\/www.diario5.com.ar\/wp-content\/uploads\/2025\/05\/esquiu20250501-228x300.jpg 228w\" sizes=\"(max-width: 700px) 100vw, 700px\" \/><\/p>\n<p><img decoding=\"async\" src=\"https:\/\/img.kiosko.net\/2025\/05\/01\/ar\/ar_diario_norte.jpg\" \/><\/p>\n<p><img decoding=\"async\" src=\"https:\/\/img.kiosko.net\/2025\/05\/01\/ar\/voz_chaco.jpg\" \/><\/p>\n<p><img decoding=\"async\" src=\"https:\/\/img.kiosko.net\/2025\/05\/01\/ar\/ar_diario_madryn.jpg\" \/><\/p>\n<p><img decoding=\"async\" src=\"https:\/\/img.kiosko.net\/2025\/05\/01\/ar\/ar_laprensa.jpg\" \/><\/p>\n<p><img decoding=\"async\" src=\"https:\/\/img.kiosko.net\/2025\/05\/01\/ar\/ar_cronista.jpg\" \/><\/p>\n<p><img decoding=\"async\" src=\"https:\/\/img.kiosko.net\/2025\/05\/01\/ar\/buenosaires_economico.jpg\" \/><\/p>\n<p><img decoding=\"async\" src=\"https:\/\/img.kiosko.net\/2025\/05\/01\/ar\/ar_perfil.jpg\" \/><\/p>\n<p><img decoding=\"async\" src=\"https:\/\/img.kiosko.net\/2025\/05\/01\/ar\/ar_eldia.jpg\" \/><\/p>\n<p><img decoding=\"async\" src=\"https:\/\/img.kiosko.net\/2025\/05\/01\/ar\/ar_hoy.jpg\" \/><\/p>\n<p><img decoding=\"async\" src=\"https:\/\/img.kiosko.net\/2025\/05\/01\/ar\/ar_democracia.jpg\" \/><\/p>\n<p><img decoding=\"async\" src=\"https:\/\/img.kiosko.net\/2025\/05\/01\/ar\/ar_chubut.jpg\" \/><\/p>\n<p><img decoding=\"async\" src=\"https:\/\/img.kiosko.net\/2025\/05\/01\/ar\/ar_epoca.jpg\" \/><\/p>\n<p><img decoding=\"async\" src=\"https:\/\/img.kiosko.net\/2025\/05\/01\/ar\/ar_litoral.jpg\" \/><\/p>\n<p><img decoding=\"async\" src=\"https:\/\/img.kiosko.net\/2025\/05\/01\/ar\/ar_heraldo.jpg\" \/><\/p>\n<p><img decoding=\"async\" src=\"https:\/\/img.kiosko.net\/2025\/05\/01\/ar\/ar_manana_formosa.jpg\" \/><\/p>\n<p><img decoding=\"async\" src=\"https:\/\/img.kiosko.net\/2025\/05\/01\/ar\/ar_diario_pampa.jpg\" \/><\/p>\n<p><img decoding=\"async\" src=\"https:\/\/img.kiosko.net\/2025\/05\/01\/ar\/ar_pagina12.jpg\" \/><\/p>\n<p><img decoding=\"async\" src=\"https:\/\/img.kiosko.net\/2025\/05\/01\/ar\/ar_arena.jpg\" \/><\/p>\n<p><img decoding=\"async\" src=\"https:\/\/img.kiosko.net\/2025\/05\/01\/ar\/independiente.jpg\" \/><\/p>\n<p><img decoding=\"async\" src=\"https:\/\/img.kiosko.net\/2025\/05\/01\/ar\/nueva_rioja.jpg\" \/><\/p>\n<p><img decoding=\"async\" src=\"https:\/\/img.kiosko.net\/2025\/05\/01\/ar\/ar_losandes.jpg\" \/><\/p>\n<p><img decoding=\"async\" src=\"https:\/\/img.kiosko.net\/2025\/05\/01\/ar\/ar_tribuno.jpg\" \/><\/p>\n<p><img decoding=\"async\" src=\"https:\/\/img.kiosko.net\/2025\/05\/01\/ar\/lea.jpg\" \/><\/p>\n<p><img decoding=\"async\" src=\"https:\/\/img.kiosko.net\/2025\/05\/01\/ar\/ar_nuevo_diario.jpg\" \/><\/p>\n<p><img decoding=\"async\" src=\"https:\/\/img.kiosko.net\/2025\/05\/01\/ar\/ar_diario_cuyo.jpg\" \/><\/p>\n<p><img decoding=\"async\" src=\"https:\/\/img.kiosko.net\/2025\/05\/01\/ar\/huarpe.jpg\" \/><\/p>\n<p><img decoding=\"async\" src=\"https:\/\/img.kiosko.net\/2025\/05\/01\/ar\/ar_diario_republica.jpg\" \/><\/p>\n<p><img decoding=\"async\" src=\"https:\/\/img.kiosko.net\/2025\/05\/01\/ar\/ar_litoral_sfe.jpg\" \/><\/p>\n<p><img decoding=\"async\" src=\"https:\/\/img.kiosko.net\/2025\/05\/01\/ar\/ciudadano.jpg\" \/><\/p>\n<p><img decoding=\"async\" src=\"https:\/\/img.kiosko.net\/2025\/05\/01\/ar\/ar_mirador_provincial.jpg\" \/><\/p>\n<p><img decoding=\"async\" src=\"https:\/\/img.kiosko.net\/2025\/05\/01\/ar\/ar_gaceta.jpg\" \/><\/p>\n<p><img decoding=\"async\" src=\"https:\/\/img.kiosko.net\/2025\/05\/01\/ar\/ar_cronica.jpg\" \/><\/p>\n<p><img decoding=\"async\" src=\"https:\/\/img.kiosko.net\/2025\/05\/01\/ar\/ar_clarin.jpg\" \/><\/p>\n<p><img decoding=\"async\" src=\"https:\/\/img.kiosko.net\/2025\/05\/01\/ar\/nacion.jpg\" \/><\/p>\n<p><img decoding=\"async\" src=\"https:\/\/img.kiosko.net\/2025\/05\/01\/ar\/ar_eco.jpg\" \/><\/p>\n<p><img decoding=\"async\" src=\"https:\/\/img.kiosko.net\/2025\/05\/01\/ar\/nuevo_diario.jpg\" \/><\/p>\n<p><img decoding=\"async\" src=\"https:\/\/img.kiosko.net\/2025\/05\/01\/ar\/sureno.jpg\" \/><\/p>\n<p><img decoding=\"async\" src=\"https:\/\/img.kiosko.net\/2025\/05\/01\/ar\/ar_duplicado.jpg\" \/><\/p>\n<p><img decoding=\"async\" src=\"https:\/\/img.kiosko.net\/2025\/05\/01\/ar\/tiempo_sur.jpg\" \/><\/p>\n<p><img decoding=\"async\" src=\"https:\/\/img.kiosko.net\/2025\/05\/01\/ar\/tiempo_argentino.jpg\" \/><\/p>\n<p><img decoding=\"async\" src=\"https:\/\/img.kiosko.net\/2025\/05\/01\/ar\/ar_epoca.jpg\" \/><\/p>\n<p><img decoding=\"async\" src=\"https:\/\/img.kiosko.net\/2025\/05\/01\/ar\/ar_elsol.jpg\" \/><\/p>\n<p><img decoding=\"async\" src=\"https:\/\/img.kiosko.net\/2025\/05\/01\/ar\/ar_ancasti.jpg\" \/><\/p>\n<p><img decoding=\"async\" src=\"https:\/\/img.kiosko.net\/2025\/05\/01\/ar\/ar_rio_negro.jpg\" \/><\/p>\n<p><img decoding=\"async\" src=\"https:\/\/img.kiosko.net\/2025\/05\/01\/ar\/ar_03.jpg\" \/><\/p>\n<p><img decoding=\"async\" src=\"https:\/\/img.kiosko.net\/2025\/05\/01\/ar\/ar_04.jpg\" \/><\/p>\n<p><img decoding=\"async\" src=\"https:\/\/img.kiosko.net\/2025\/05\/01\/ar\/ar_05.jpg\" \/><\/p>\n<p>&nbsp;<\/p>","protected":false},"excerpt":{"rendered":"<p>En la Argentina, pocos temas unen tanto como dividen. Y en el centro de esa paradoja vive, lamentablemente, el fanatismo. En nombre de ideolog\u00edas, banderas o lealtades mal entendidas, se ha insultado, negado, perseguido o endiosado seg\u00fan convenga al momento pol\u00edtico, sin mediar autocr\u00edtica ni memoria. La figura del Papa Francisco es un ejemplo n\u00edtido. [&hellip;]<\/p>","protected":false},"author":27,"featured_media":691960,"comment_status":"open","ping_status":"open","sticky":false,"template":"","format":"standard","meta":[],"categories":[161,45,56],"tags":[1177,1658,474,3032,1297,3037,3026,2794,3028,1030,1035,226,1860,1246,1060,1650],"series":[],"_links":{"self":[{"href":"https:\/\/www.diario5.com.ar\/es\/wp-json\/wp\/v2\/posts\/677596"}],"collection":[{"href":"https:\/\/www.diario5.com.ar\/es\/wp-json\/wp\/v2\/posts"}],"about":[{"href":"https:\/\/www.diario5.com.ar\/es\/wp-json\/wp\/v2\/types\/post"}],"author":[{"embeddable":true,"href":"https:\/\/www.diario5.com.ar\/es\/wp-json\/wp\/v2\/users\/27"}],"replies":[{"embeddable":true,"href":"https:\/\/www.diario5.com.ar\/es\/wp-json\/wp\/v2\/comments?post=677596"}],"version-history":[{"count":2,"href":"https:\/\/www.diario5.com.ar\/es\/wp-json\/wp\/v2\/posts\/677596\/revisions"}],"predecessor-version":[{"id":691961,"href":"https:\/\/www.diario5.com.ar\/es\/wp-json\/wp\/v2\/posts\/677596\/revisions\/691961"}],"wp:featuredmedia":[{"embeddable":true,"href":"https:\/\/www.diario5.com.ar\/es\/wp-json\/wp\/v2\/media\/691960"}],"wp:attachment":[{"href":"https:\/\/www.diario5.com.ar\/es\/wp-json\/wp\/v2\/media?parent=677596"}],"wp:term":[{"taxonomy":"category","embeddable":true,"href":"https:\/\/www.diario5.com.ar\/es\/wp-json\/wp\/v2\/categories?post=677596"},{"taxonomy":"post_tag","embeddable":true,"href":"https:\/\/www.diario5.com.ar\/es\/wp-json\/wp\/v2\/tags?post=677596"},{"taxonomy":"series","embeddable":true,"href":"https:\/\/www.diario5.com.ar\/es\/wp-json\/wp\/v2\/series?post=677596"}],"curies":[{"name":"wp","href":"https:\/\/api.w.org\/{rel}","templated":true}]}}