{"id":677590,"date":"2025-04-24T06:11:00","date_gmt":"2025-04-24T09:11:00","guid":{"rendered":"http:\/\/diario5.com.ar\/?p=677590"},"modified":"2025-04-24T06:13:25","modified_gmt":"2025-04-24T09:13:25","slug":"677590","status":"publish","type":"post","link":"https:\/\/www.diario5.com.ar\/es\/677590\/","title":{"rendered":"La memoria que no se calla"},"content":{"rendered":"<h2 class=\"sub-title-primary\">110 a\u00f1os del Genocidio Armenio. <\/h2> <p><img decoding=\"async\" src=\"https:\/\/www.diario5.com.ar\/imgtapas\/genocidio_armenio.jpg\" \/><\/p>\n<p>&nbsp;<\/p>\n<p>El 24 de abril de 1915, comenzaba uno de los cap\u00edtulos m\u00e1s oscuros del siglo XX: el genocidio armenio. Ese d\u00eda, en el entonces Imperio Otomano, las autoridades turcas arrestaron y ejecutaron a cientos de l\u00edderes intelectuales, pol\u00edticos y religiosos de la comunidad armenia en Constantinopla. Aquel acto marc\u00f3 el inicio de una maquinaria de exterminio sistem\u00e1tico que, entre 1915 y 1923, asesin\u00f3 a un mill\u00f3n y medio de personas y destruy\u00f3 milenios de historia, cultura y pertenencia.<\/p>\n<p>Hoy, m\u00e1s de un siglo despu\u00e9s, el reclamo por memoria, verdad y justicia sigue vigente, vivo, vigente en las calles, en los centros culturales, en los actos escolares, en las canciones de los nietos y en las l\u00e1grimas que todav\u00eda no secaron del todo. En la Argentina \u2014el primer pa\u00eds latinoamericano en reconocer oficialmente el genocidio\u2014 la comunidad armenia es numerosa, activa y profundamente comprometida con mantener encendida la llama de la memoria.<\/p>\n<p>El genocidio armenio no fue s\u00f3lo una masacre. Fue un plan premeditado para borrar un pueblo de su territorio ancestral. Deportaciones forzadas, caravanas hacia el desierto sin retorno, ejecuciones masivas, campos de concentraci\u00f3n improvisados, conversiones religiosas forzadas, violaciones sistem\u00e1ticas y el robo de ni\u00f1os para criarlos como turcos: la m\u00e1quina del horror oper\u00f3 con una brutalidad meticulosa.<\/p>\n<p>Lo atroz no termin\u00f3 con la violencia directa. El negacionismo oficial de Turqu\u00eda \u2014persistente hasta hoy\u2014 multiplica el dolor. La negativa a reconocer lo ocurrido como genocidio es una segunda muerte para las v\u00edctimas y un obst\u00e1culo para la sanaci\u00f3n de las generaciones posteriores.<\/p>\n<p><img decoding=\"async\" src=\"https:\/\/www.shutterstock.com\/shutterstock\/videos\/3507085677\/thumb\/1.jpg\" \/><\/p>\n<p>La colectividad armenia en la Argentina \u2014una de las m\u00e1s importantes del mundo fuera de Armenia\u2014 es testigo y protagonista de esta lucha por la verdad. Desde las primeras migraciones de sobrevivientes a principios del siglo XX, la comunidad ha levantado escuelas, iglesias, clubes, centros culturales y medios de comunicaci\u00f3n que conservan la lengua, la historia y los nombres de los que no llegaron.<\/p>\n<p>El pa\u00eds fue pionero en establecer el 24 de abril como el D\u00eda de Acci\u00f3n por la Tolerancia y el Respeto entre los Pueblos, mediante la Ley Nacional 26.199, promulgada en 2007. En las escuelas se ense\u00f1a el genocidio armenio como parte del compromiso argentino con los derechos humanos y la condena a todo crimen de lesa humanidad.<\/p>\n<p><strong>Un reclamo que se proyecta<\/strong><\/p>\n<p>A lo largo de las \u00faltimas d\u00e9cadas, distintas figuras internacionales \u2014entre ellas intelectuales, artistas, juristas y l\u00edderes religiosos\u2014 han exigido el reconocimiento global del genocidio. En los \u00faltimos a\u00f1os, algunos pa\u00edses que hist\u00f3ricamente se hab\u00edan mostrado ambiguos, como Estados Unidos, comenzaron a utilizar el t\u00e9rmino correcto: genocidio.<\/p>\n<p>El reclamo de justicia no busca venganza. Busca paz. Porque sin memoria no hay verdad, y sin verdad no hay justicia. Y sin justicia, no hay posibilidad real de futuro.<\/p>\n<p>Hoy, 110 a\u00f1os despu\u00e9s, cuando el mundo sigue siendo escenario de desplazamientos, cr\u00edmenes de odio, limpiezas \u00e9tnicas y guerras que arrasan con vidas inocentes, la historia del pueblo armenio resuena con una vigencia feroz. Recordarla no es mirar hacia atr\u00e1s: es aprender a no repetir, a identificar las se\u00f1ales, a levantar la voz cuando otros callan.<\/p>\n<p>&nbsp;<\/p>\n<p>El genocidio armenio no pertenece solo a Armenia. Es un cap\u00edtulo de la historia de la humanidad entera. La dignidad de un pueblo que se neg\u00f3 a desaparecer se fortalece en las ceremonias, las marchas de las antorchas, en cada joven que aprende el alfabeto armenio lejos de Erev\u00e1n, pero -particularmente- en cada nombre repetido en voz alta para no ser olvidado.<\/p>\n<p>Valoramos con un grito de est\u00edmulo a quienes tienen a la memoria como la forma m\u00e1s poderosa de justicia. En medio de las tibiezas del Siglo XXI, comprobamos que \u00a0el silencio, cuando se impone, resulta una forma m\u00e1s de violencia. Pero del otro lado de las indolencias, mientras haya quien recuerde, los asesinos nunca ganan del todo.<\/p>\n<h4>\u0548\u0579 \u0574\u056b\u0561\u0576 \u0574\u0578\u057c\u0561\u0576\u0561\u0576\u0584\u0589 Nunca olvidaremos.<\/h4>\n<p><img decoding=\"async\" src=\"https:\/\/www.diario5.com.ar\/imgtapas\/plaza_armenia.jpg\" \/><\/p>\n<p>M\u00e1s de un siglo despu\u00e9s del genocidio, el pueblo armenio sigue enfrentando amenazas existenciales. El conflicto con Azerbaiy\u00e1n por el control de Nagorno Karabaj \u2014llamado Artsaj por los armenios\u2014 dej\u00f3 miles de muertos y desplazados en las \u00faltimas d\u00e9cadas. A pesar del alto el fuego de 2020, la situaci\u00f3n sigue siendo tensa: en 2023, Azerbaiy\u00e1n lanz\u00f3 una ofensiva que forz\u00f3 la rendici\u00f3n de Artsaj y provoc\u00f3 el \u00e9xodo total de su poblaci\u00f3n armenia.<\/p>\n<p>Detr\u00e1s del conflicto hay intereses geopol\u00edticos, alianzas militares y silencios c\u00f3mplices. Armenia, peque\u00f1a y sin salida al mar, lucha por defender su soberan\u00eda, su historia y su identidad frente al avance azer\u00ed, con el apoyo expl\u00edcito de Turqu\u00eda. La limpieza \u00e9tnica en Artsaj es una tragedia silenciada, pero documentada.<\/p>\n<p>La comunidad armenia internacional denuncia que lo que hoy sucede no es ajeno al pasado: es parte del mismo intento de borrar la existencia de un pueblo que, pese a todo, sigue de pie.<\/p>\n<figure style=\"width: 1920px\" class=\"wp-caption alignnone\"><img decoding=\"async\" loading=\"lazy\" class=\"aligncenter size-full wp-image-691855\" src=\"https:\/\/www.diario5.com.ar\/wp-content\/uploads\/2025\/04\/U3HPVYAPMJGBTJKHUZNTEQDFOU20250424.jpg\" width=\"700\" height=\"393\" alt=\"\" srcset=\"https:\/\/www.diario5.com.ar\/wp-content\/uploads\/2025\/04\/U3HPVYAPMJGBTJKHUZNTEQDFOU20250424.jpg 700w, https:\/\/www.diario5.com.ar\/wp-content\/uploads\/2025\/04\/U3HPVYAPMJGBTJKHUZNTEQDFOU20250424-300x168.jpg 300w\" sizes=\"(max-width: 700px) 100vw, 700px\" \/><figcaption class=\"wp-caption-text\">Buenos Aires, 2020. J\u00f3venes de origen armenio se manifiestan contra los conflictos actuales que este pueblo debe enfrentar con Azerbaiy\u00e1n y Turqu\u00eda.<\/figcaption><\/figure>\n<p>&nbsp;<\/p>\n<p><img decoding=\"async\" loading=\"lazy\" class=\"aligncenter size-full wp-image-691856\" src=\"https:\/\/www.diario5.com.ar\/wp-content\/uploads\/2025\/04\/ar_capital_rosario20250424.jpg\" width=\"700\" height=\"930\" srcset=\"https:\/\/www.diario5.com.ar\/wp-content\/uploads\/2025\/04\/ar_capital_rosario20250424.jpg 700w, https:\/\/www.diario5.com.ar\/wp-content\/uploads\/2025\/04\/ar_capital_rosario20250424-226x300.jpg 226w\" sizes=\"(max-width: 700px) 100vw, 700px\" \/><\/p>\n<p><img decoding=\"async\" src=\"https:\/\/img.kiosko.net\/2025\/04\/24\/ar\/ar_nueva_provincia.jpg\" \/><\/p>\n<p><img decoding=\"async\" src=\"https:\/\/img.kiosko.net\/2025\/04\/24\/ar\/ar_duplicado.jpg\" \/><\/p>\n<p><img decoding=\"async\" loading=\"lazy\" class=\"aligncenter size-full wp-image-691857\" src=\"https:\/\/www.diario5.com.ar\/wp-content\/uploads\/2025\/04\/esquiu20250424.jpg\" width=\"700\" height=\"920\" srcset=\"https:\/\/www.diario5.com.ar\/wp-content\/uploads\/2025\/04\/esquiu20250424.jpg 700w, https:\/\/www.diario5.com.ar\/wp-content\/uploads\/2025\/04\/esquiu20250424-228x300.jpg 228w\" sizes=\"(max-width: 700px) 100vw, 700px\" \/><\/p>\n<p><img decoding=\"async\" src=\"https:\/\/img.kiosko.net\/2025\/04\/24\/ar\/ar_diario_norte.jpg\" \/><\/p>\n<p><img decoding=\"async\" loading=\"lazy\" class=\"aligncenter size-full wp-image-691858\" src=\"https:\/\/www.diario5.com.ar\/wp-content\/uploads\/2025\/04\/voz_chaco20250424.jpg\" width=\"700\" height=\"869\" srcset=\"https:\/\/www.diario5.com.ar\/wp-content\/uploads\/2025\/04\/voz_chaco20250424.jpg 700w, https:\/\/www.diario5.com.ar\/wp-content\/uploads\/2025\/04\/voz_chaco20250424-242x300.jpg 242w\" sizes=\"(max-width: 700px) 100vw, 700px\" \/><\/p>\n<p><img decoding=\"async\" src=\"https:\/\/img.kiosko.net\/2025\/04\/24\/ar\/ar_diario_madryn.jpg\" \/><\/p>\n<p><img decoding=\"async\" src=\"https:\/\/img.kiosko.net\/2025\/04\/24\/ar\/ar_laprensa.jpg\" \/><\/p>\n<p><img decoding=\"async\" loading=\"lazy\" class=\"aligncenter size-full wp-image-691859\" src=\"https:\/\/www.diario5.com.ar\/wp-content\/uploads\/2025\/04\/ar_cronista20250424.jpg\" width=\"700\" height=\"1008\" srcset=\"https:\/\/www.diario5.com.ar\/wp-content\/uploads\/2025\/04\/ar_cronista20250424.jpg 700w, https:\/\/www.diario5.com.ar\/wp-content\/uploads\/2025\/04\/ar_cronista20250424-208x300.jpg 208w\" sizes=\"(max-width: 700px) 100vw, 700px\" \/><\/p>\n<p><img decoding=\"async\" src=\"https:\/\/img.kiosko.net\/2025\/04\/24\/ar\/buenosaires_economico.jpg\" \/><\/p>\n<p><img decoding=\"async\" src=\"https:\/\/img.kiosko.net\/2025\/04\/24\/ar\/ar_perfil.jpg\" \/><\/p>\n<p><img decoding=\"async\" loading=\"lazy\" class=\"aligncenter size-full wp-image-691860\" src=\"https:\/\/www.diario5.com.ar\/wp-content\/uploads\/2025\/04\/ar_eldia20250424.jpg\" width=\"700\" height=\"1004\" srcset=\"https:\/\/www.diario5.com.ar\/wp-content\/uploads\/2025\/04\/ar_eldia20250424.jpg 700w, https:\/\/www.diario5.com.ar\/wp-content\/uploads\/2025\/04\/ar_eldia20250424-209x300.jpg 209w\" sizes=\"(max-width: 700px) 100vw, 700px\" \/><\/p>\n<p><img decoding=\"async\" loading=\"lazy\" class=\"aligncenter size-full wp-image-691861\" src=\"https:\/\/www.diario5.com.ar\/wp-content\/uploads\/2025\/04\/ar_hoy20250424.jpg\" width=\"700\" height=\"901\" srcset=\"https:\/\/www.diario5.com.ar\/wp-content\/uploads\/2025\/04\/ar_hoy20250424.jpg 700w, https:\/\/www.diario5.com.ar\/wp-content\/uploads\/2025\/04\/ar_hoy20250424-233x300.jpg 233w\" sizes=\"(max-width: 700px) 100vw, 700px\" \/><\/p>\n<p><img decoding=\"async\" src=\"https:\/\/img.kiosko.net\/2025\/04\/24\/ar\/ar_democracia.jpg\" \/><\/p>\n<p><img decoding=\"async\" loading=\"lazy\" class=\"aligncenter size-full wp-image-691862\" src=\"https:\/\/www.diario5.com.ar\/wp-content\/uploads\/2025\/04\/ar_chubut20250424.jpg\" width=\"700\" height=\"902\" srcset=\"https:\/\/www.diario5.com.ar\/wp-content\/uploads\/2025\/04\/ar_chubut20250424.jpg 700w, https:\/\/www.diario5.com.ar\/wp-content\/uploads\/2025\/04\/ar_chubut20250424-233x300.jpg 233w\" sizes=\"(max-width: 700px) 100vw, 700px\" \/><\/p>\n<p><img decoding=\"async\" src=\"https:\/\/img.kiosko.net\/2025\/04\/24\/ar\/ar_epoca.jpg\" \/><\/p>\n<p><img decoding=\"async\" src=\"https:\/\/img.kiosko.net\/2025\/04\/24\/ar\/ar_litoral.jpg\" \/><\/p>\n<p><img decoding=\"async\" src=\"https:\/\/img.kiosko.net\/2025\/04\/24\/ar\/ar_heraldo.jpg\" \/><\/p>\n<p><img decoding=\"async\" src=\"https:\/\/img.kiosko.net\/2025\/04\/24\/ar\/ar_manana_formosa.jpg\" \/><\/p>\n<p><img decoding=\"async\" src=\"https:\/\/img.kiosko.net\/2025\/04\/24\/ar\/ar_diario_pampa.jpg\" \/><\/p>\n<p><img decoding=\"async\" src=\"https:\/\/img.kiosko.net\/2025\/04\/24\/ar\/ar_pagina12.jpg\" \/><\/p>\n<p><img decoding=\"async\" src=\"https:\/\/img.kiosko.net\/2025\/04\/24\/ar\/ar_arena.jpg\" \/><\/p>\n<p><img decoding=\"async\" src=\"https:\/\/img.kiosko.net\/2025\/04\/24\/ar\/independiente.jpg\" \/><\/p>\n<p><img decoding=\"async\" src=\"https:\/\/img.kiosko.net\/2025\/04\/24\/ar\/nueva_rioja.jpg\" \/><\/p>\n<p><img decoding=\"async\" src=\"https:\/\/img.kiosko.net\/2025\/04\/24\/ar\/ar_losandes.jpg\" \/><\/p>\n<p><img decoding=\"async\" src=\"https:\/\/img.kiosko.net\/2025\/04\/24\/ar\/ar_tribuno.jpg\" \/><\/p>\n<p><img decoding=\"async\" src=\"https:\/\/img.kiosko.net\/2025\/04\/24\/ar\/lea.jpg\" \/><\/p>\n<p><img decoding=\"async\" src=\"https:\/\/img.kiosko.net\/2025\/04\/24\/ar\/ar_nuevo_diario.jpg\" \/><\/p>\n<p><img decoding=\"async\" src=\"https:\/\/img.kiosko.net\/2025\/04\/24\/ar\/ar_diario_cuyo.jpg\" \/><\/p>\n<p><img decoding=\"async\" src=\"https:\/\/img.kiosko.net\/2025\/04\/24\/ar\/huarpe.jpg\" \/><\/p>\n<p><img decoding=\"async\" src=\"https:\/\/img.kiosko.net\/2025\/04\/24\/ar\/ar_diario_republica.jpg\" \/><\/p>\n<p><img decoding=\"async\" src=\"https:\/\/img.kiosko.net\/2025\/04\/24\/ar\/ar_litoral_sfe.jpg\" \/><\/p>\n<p><img decoding=\"async\" src=\"https:\/\/img.kiosko.net\/2025\/04\/24\/ar\/ciudadano.jpg\" \/><\/p>\n<p><img decoding=\"async\" src=\"https:\/\/img.kiosko.net\/2025\/04\/24\/ar\/ar_mirador_provincial.jpg\" \/><\/p>\n<p><img decoding=\"async\" src=\"https:\/\/img.kiosko.net\/2025\/04\/24\/ar\/ar_gaceta.jpg\" \/><\/p>\n<p><img decoding=\"async\" src=\"https:\/\/img.kiosko.net\/2025\/04\/24\/ar\/ar_cronica.jpg\" \/><\/p>\n<p><img decoding=\"async\" loading=\"lazy\" class=\"aligncenter size-full wp-image-691863\" src=\"https:\/\/www.diario5.com.ar\/wp-content\/uploads\/2025\/04\/ar_clarin20250424.jpg\" width=\"700\" height=\"977\" srcset=\"https:\/\/www.diario5.com.ar\/wp-content\/uploads\/2025\/04\/ar_clarin20250424.jpg 700w, https:\/\/www.diario5.com.ar\/wp-content\/uploads\/2025\/04\/ar_clarin20250424-215x300.jpg 215w\" sizes=\"(max-width: 700px) 100vw, 700px\" \/><\/p>\n<p><img decoding=\"async\" loading=\"lazy\" class=\"aligncenter size-full wp-image-691864\" src=\"https:\/\/www.diario5.com.ar\/wp-content\/uploads\/2025\/04\/nacion20250424.jpg\" width=\"700\" height=\"1062\" srcset=\"https:\/\/www.diario5.com.ar\/wp-content\/uploads\/2025\/04\/nacion20250424.jpg 700w, https:\/\/www.diario5.com.ar\/wp-content\/uploads\/2025\/04\/nacion20250424-198x300.jpg 198w, https:\/\/www.diario5.com.ar\/wp-content\/uploads\/2025\/04\/nacion20250424-675x1024.jpg 675w\" sizes=\"(max-width: 700px) 100vw, 700px\" \/><\/p>\n<p><img decoding=\"async\" src=\"https:\/\/img.kiosko.net\/2025\/04\/24\/ar\/ar_eco.jpg\" \/><\/p>\n<p><img decoding=\"async\" src=\"https:\/\/img.kiosko.net\/2025\/04\/24\/ar\/nuevo_diario.jpg\" \/><\/p>\n<p><img decoding=\"async\" src=\"https:\/\/img.kiosko.net\/2025\/04\/24\/ar\/sureno.jpg\" \/><\/p>\n<p><img decoding=\"async\" src=\"https:\/\/img.kiosko.net\/2025\/04\/24\/ar\/ar_duplicado.jpg\" \/><\/p>\n<p><img decoding=\"async\" src=\"https:\/\/img.kiosko.net\/2025\/04\/24\/ar\/tiempo_sur.jpg\" \/><\/p>\n<p><img decoding=\"async\" src=\"https:\/\/img.kiosko.net\/2025\/04\/24\/ar\/tiempo_argentino.jpg\" \/><\/p>\n<p><img decoding=\"async\" src=\"https:\/\/img.kiosko.net\/2025\/04\/24\/ar\/ar_epoca.jpg\" \/><\/p>\n<p><img decoding=\"async\" src=\"https:\/\/img.kiosko.net\/2025\/04\/24\/ar\/ar_elsol.jpg\" \/><\/p>\n<p><img decoding=\"async\" loading=\"lazy\" class=\"aligncenter size-full wp-image-691865\" src=\"https:\/\/www.diario5.com.ar\/wp-content\/uploads\/2025\/04\/ar_ancasti20250424.jpg\" width=\"700\" height=\"933\" srcset=\"https:\/\/www.diario5.com.ar\/wp-content\/uploads\/2025\/04\/ar_ancasti20250424.jpg 700w, https:\/\/www.diario5.com.ar\/wp-content\/uploads\/2025\/04\/ar_ancasti20250424-225x300.jpg 225w\" sizes=\"(max-width: 700px) 100vw, 700px\" \/><\/p>\n<p><img decoding=\"async\" loading=\"lazy\" class=\"aligncenter size-full wp-image-691866\" src=\"https:\/\/www.diario5.com.ar\/wp-content\/uploads\/2025\/04\/ar_rio_negro20250424.jpg\" width=\"700\" height=\"973\" srcset=\"https:\/\/www.diario5.com.ar\/wp-content\/uploads\/2025\/04\/ar_rio_negro20250424.jpg 700w, https:\/\/www.diario5.com.ar\/wp-content\/uploads\/2025\/04\/ar_rio_negro20250424-216x300.jpg 216w\" sizes=\"(max-width: 700px) 100vw, 700px\" \/><\/p>\n<p><img decoding=\"async\" src=\"https:\/\/img.kiosko.net\/2025\/04\/24\/ar\/ar_03.jpg\" \/><\/p>\n<p><img decoding=\"async\" src=\"https:\/\/img.kiosko.net\/2025\/04\/24\/ar\/ar_04.jpg\" \/><\/p>\n<p><img decoding=\"async\" src=\"https:\/\/img.kiosko.net\/2025\/04\/24\/ar\/ar_05.jpg\" \/><\/p>","protected":false},"excerpt":{"rendered":"<p>110 a\u00f1os del Genocidio Armenio. &nbsp; El 24 de abril de 1915, comenzaba uno de los cap\u00edtulos m\u00e1s oscuros del siglo XX: el genocidio armenio. Ese d\u00eda, en el entonces Imperio Otomano, las autoridades turcas arrestaron y ejecutaron a cientos de l\u00edderes intelectuales, pol\u00edticos y religiosos de la comunidad armenia en Constantinopla. Aquel acto marc\u00f3 [&hellip;]<\/p>","protected":false},"author":27,"featured_media":691855,"comment_status":"open","ping_status":"open","sticky":false,"template":"","format":"standard","meta":[],"categories":[5,485,161,56],"tags":[1177,474,2503,1297,2114,994,1573,1773,286,1782,2188,1864,1246,1572,3006,1365],"series":[],"_links":{"self":[{"href":"https:\/\/www.diario5.com.ar\/es\/wp-json\/wp\/v2\/posts\/677590"}],"collection":[{"href":"https:\/\/www.diario5.com.ar\/es\/wp-json\/wp\/v2\/posts"}],"about":[{"href":"https:\/\/www.diario5.com.ar\/es\/wp-json\/wp\/v2\/types\/post"}],"author":[{"embeddable":true,"href":"https:\/\/www.diario5.com.ar\/es\/wp-json\/wp\/v2\/users\/27"}],"replies":[{"embeddable":true,"href":"https:\/\/www.diario5.com.ar\/es\/wp-json\/wp\/v2\/comments?post=677590"}],"version-history":[{"count":4,"href":"https:\/\/www.diario5.com.ar\/es\/wp-json\/wp\/v2\/posts\/677590\/revisions"}],"predecessor-version":[{"id":691854,"href":"https:\/\/www.diario5.com.ar\/es\/wp-json\/wp\/v2\/posts\/677590\/revisions\/691854"}],"wp:featuredmedia":[{"embeddable":true,"href":"https:\/\/www.diario5.com.ar\/es\/wp-json\/wp\/v2\/media\/691855"}],"wp:attachment":[{"href":"https:\/\/www.diario5.com.ar\/es\/wp-json\/wp\/v2\/media?parent=677590"}],"wp:term":[{"taxonomy":"category","embeddable":true,"href":"https:\/\/www.diario5.com.ar\/es\/wp-json\/wp\/v2\/categories?post=677590"},{"taxonomy":"post_tag","embeddable":true,"href":"https:\/\/www.diario5.com.ar\/es\/wp-json\/wp\/v2\/tags?post=677590"},{"taxonomy":"series","embeddable":true,"href":"https:\/\/www.diario5.com.ar\/es\/wp-json\/wp\/v2\/series?post=677590"}],"curies":[{"name":"wp","href":"https:\/\/api.w.org\/{rel}","templated":true}]}}