{"id":677577,"date":"2025-04-12T06:03:00","date_gmt":"2025-04-12T09:03:00","guid":{"rendered":"http:\/\/diario5.com.ar\/?p=677577"},"modified":"2025-04-12T20:28:16","modified_gmt":"2025-04-12T23:28:16","slug":"677577","status":"publish","type":"post","link":"https:\/\/www.diario5.com.ar\/es\/677577\/","title":{"rendered":"Abril, mes de noticias para lectores"},"content":{"rendered":"<h2 class=\"sub-title-primary\"><\/h2> <p><img decoding=\"async\" src=\"https:\/\/www.diario5.com.ar\/imgtapas\/red_bibliotecas_01.jpg\" \/><\/p>\n<p>Aparte de la Feria del Libro, hay novedades para hacer lecturas en nuestros dispositivos.<\/p>\n<p>Qued\u00f3 disponible la Biblioteca Digital BA, la primera aplicaci\u00f3n oficial gratuita de libros electr\u00f3nicos del pa\u00eds.<br \/>\nCon esta app, cualquier persona puede acceder desde su celular a los t\u00edtulos de la Biblioteca P\u00fablica Digital Jorge Luis Borges, leer en l\u00ednea o descargar libros para leer sin conexi\u00f3n.<\/p>\n<p>Es accesible 24\/7. Permite personalizar el tama\u00f1o de letra, brillo, marcado de textos y continuar la lectura desde donde se dej\u00f3\u2026 incluso cambiando de dispositivo.<\/p>\n<p>Incluye explorar los cat\u00e1logos digitales de varios Museos: Arte Moderno, Patrimonio, Casco Hist\u00f3rico y otros archivos valiosos.<\/p>\n<p>Es f\u00e1cil el proceso de registro. Escribiendo en cualquier buscado \u00abRed de Bibliotecas P\u00fablicas\u00bb, se puede encontrar el link exacto dentro de buenosaires.gob.ar.<\/p>\n<p><!--googleoff: index--><br \/>\n<!--googleon: index--><br \/>\n<img decoding=\"async\" loading=\"lazy\" class=\"aligncenter size-full wp-image-691674\" src=\"https:\/\/www.diario5.com.ar\/wp-content\/uploads\/2025\/04\/ar_capital_rosario20250412.jpg\" width=\"700\" height=\"935\" srcset=\"https:\/\/www.diario5.com.ar\/wp-content\/uploads\/2025\/04\/ar_capital_rosario20250412.jpg 700w, https:\/\/www.diario5.com.ar\/wp-content\/uploads\/2025\/04\/ar_capital_rosario20250412-225x300.jpg 225w\" sizes=\"(max-width: 700px) 100vw, 700px\" \/><\/p>\n<p><img decoding=\"async\" loading=\"lazy\" class=\"aligncenter size-full wp-image-691675\" src=\"https:\/\/www.diario5.com.ar\/wp-content\/uploads\/2025\/04\/ar_nueva_provincia20250412.jpg\" width=\"700\" height=\"970\" srcset=\"https:\/\/www.diario5.com.ar\/wp-content\/uploads\/2025\/04\/ar_nueva_provincia20250412.jpg 700w, https:\/\/www.diario5.com.ar\/wp-content\/uploads\/2025\/04\/ar_nueva_provincia20250412-216x300.jpg 216w\" sizes=\"(max-width: 700px) 100vw, 700px\" \/><\/p>\n<p><img decoding=\"async\" loading=\"lazy\" class=\"aligncenter size-full wp-image-691676\" src=\"https:\/\/www.diario5.com.ar\/wp-content\/uploads\/2025\/04\/esquiu20250412.jpg\" width=\"700\" height=\"920\" srcset=\"https:\/\/www.diario5.com.ar\/wp-content\/uploads\/2025\/04\/esquiu20250412.jpg 700w, https:\/\/www.diario5.com.ar\/wp-content\/uploads\/2025\/04\/esquiu20250412-228x300.jpg 228w\" sizes=\"(max-width: 700px) 100vw, 700px\" \/><\/p>\n<p><img decoding=\"async\" loading=\"lazy\" class=\"aligncenter size-full wp-image-691677\" src=\"https:\/\/www.diario5.com.ar\/wp-content\/uploads\/2025\/04\/voz_chaco20250412.jpg\" width=\"700\" height=\"816\" srcset=\"https:\/\/www.diario5.com.ar\/wp-content\/uploads\/2025\/04\/voz_chaco20250412.jpg 700w, https:\/\/www.diario5.com.ar\/wp-content\/uploads\/2025\/04\/voz_chaco20250412-257x300.jpg 257w\" sizes=\"(max-width: 700px) 100vw, 700px\" \/><\/p>\n<p><img decoding=\"async\" loading=\"lazy\" class=\"aligncenter size-full wp-image-691678\" src=\"https:\/\/www.diario5.com.ar\/wp-content\/uploads\/2025\/04\/ar_eldia20250412.jpg\" width=\"700\" height=\"1004\" srcset=\"https:\/\/www.diario5.com.ar\/wp-content\/uploads\/2025\/04\/ar_eldia20250412.jpg 700w, https:\/\/www.diario5.com.ar\/wp-content\/uploads\/2025\/04\/ar_eldia20250412-209x300.jpg 209w\" sizes=\"(max-width: 700px) 100vw, 700px\" \/><\/p>\n<p><img decoding=\"async\" loading=\"lazy\" class=\"aligncenter size-full wp-image-691679\" src=\"https:\/\/www.diario5.com.ar\/wp-content\/uploads\/2025\/04\/ar_hoy20250412.jpg\" width=\"700\" height=\"910\" srcset=\"https:\/\/www.diario5.com.ar\/wp-content\/uploads\/2025\/04\/ar_hoy20250412.jpg 700w, https:\/\/www.diario5.com.ar\/wp-content\/uploads\/2025\/04\/ar_hoy20250412-231x300.jpg 231w\" sizes=\"(max-width: 700px) 100vw, 700px\" \/><\/p>\n<p><img decoding=\"async\" loading=\"lazy\" class=\"aligncenter size-full wp-image-691680\" src=\"https:\/\/www.diario5.com.ar\/wp-content\/uploads\/2025\/04\/ar_chubut20250412.jpg\" width=\"700\" height=\"896\" srcset=\"https:\/\/www.diario5.com.ar\/wp-content\/uploads\/2025\/04\/ar_chubut20250412.jpg 700w, https:\/\/www.diario5.com.ar\/wp-content\/uploads\/2025\/04\/ar_chubut20250412-234x300.jpg 234w\" sizes=\"(max-width: 700px) 100vw, 700px\" \/><\/p>\n<p><img decoding=\"async\" loading=\"lazy\" class=\"aligncenter size-full wp-image-691681\" src=\"https:\/\/www.diario5.com.ar\/wp-content\/uploads\/2025\/04\/ar_clarin20250412.jpg\" width=\"700\" height=\"961\" srcset=\"https:\/\/www.diario5.com.ar\/wp-content\/uploads\/2025\/04\/ar_clarin20250412.jpg 700w, https:\/\/www.diario5.com.ar\/wp-content\/uploads\/2025\/04\/ar_clarin20250412-219x300.jpg 219w\" sizes=\"(max-width: 700px) 100vw, 700px\" \/><\/p>\n<p><img decoding=\"async\" loading=\"lazy\" class=\"aligncenter size-full wp-image-691682\" src=\"https:\/\/www.diario5.com.ar\/wp-content\/uploads\/2025\/04\/nacion20250412.jpg\" width=\"699\" height=\"1062\" srcset=\"https:\/\/www.diario5.com.ar\/wp-content\/uploads\/2025\/04\/nacion20250412.jpg 699w, https:\/\/www.diario5.com.ar\/wp-content\/uploads\/2025\/04\/nacion20250412-197x300.jpg 197w, https:\/\/www.diario5.com.ar\/wp-content\/uploads\/2025\/04\/nacion20250412-674x1024.jpg 674w\" sizes=\"(max-width: 699px) 100vw, 699px\" \/><\/p>\n<p><img decoding=\"async\" loading=\"lazy\" class=\"aligncenter size-full wp-image-691683\" src=\"https:\/\/www.diario5.com.ar\/wp-content\/uploads\/2025\/04\/ar_ancasti20250412.jpg\" width=\"700\" height=\"942\" srcset=\"https:\/\/www.diario5.com.ar\/wp-content\/uploads\/2025\/04\/ar_ancasti20250412.jpg 700w, https:\/\/www.diario5.com.ar\/wp-content\/uploads\/2025\/04\/ar_ancasti20250412-223x300.jpg 223w\" sizes=\"(max-width: 700px) 100vw, 700px\" \/><\/p>\n<p><img decoding=\"async\" loading=\"lazy\" class=\"aligncenter size-full wp-image-691684\" src=\"https:\/\/www.diario5.com.ar\/wp-content\/uploads\/2025\/04\/ar_rio_negro20250412.jpg\" width=\"700\" height=\"944\" srcset=\"https:\/\/www.diario5.com.ar\/wp-content\/uploads\/2025\/04\/ar_rio_negro20250412.jpg 700w, https:\/\/www.diario5.com.ar\/wp-content\/uploads\/2025\/04\/ar_rio_negro20250412-222x300.jpg 222w\" sizes=\"(max-width: 700px) 100vw, 700px\" \/><\/p>\n<p>&nbsp;<\/p>","protected":false},"excerpt":{"rendered":"<p>Aparte de la Feria del Libro, hay novedades para hacer lecturas en nuestros dispositivos. Qued\u00f3 disponible la Biblioteca Digital BA, la primera aplicaci\u00f3n oficial gratuita de libros electr\u00f3nicos del pa\u00eds. Con esta app, cualquier persona puede acceder desde su celular a los t\u00edtulos de la Biblioteca P\u00fablica Digital Jorge Luis Borges, leer en l\u00ednea o [&hellip;]<\/p>","protected":false},"author":5,"featured_media":691687,"comment_status":"open","ping_status":"open","sticky":false,"template":"","format":"standard","meta":[],"categories":[5,8,56],"tags":[1777,473,1481,2500],"series":[],"_links":{"self":[{"href":"https:\/\/www.diario5.com.ar\/es\/wp-json\/wp\/v2\/posts\/677577"}],"collection":[{"href":"https:\/\/www.diario5.com.ar\/es\/wp-json\/wp\/v2\/posts"}],"about":[{"href":"https:\/\/www.diario5.com.ar\/es\/wp-json\/wp\/v2\/types\/post"}],"author":[{"embeddable":true,"href":"https:\/\/www.diario5.com.ar\/es\/wp-json\/wp\/v2\/users\/5"}],"replies":[{"embeddable":true,"href":"https:\/\/www.diario5.com.ar\/es\/wp-json\/wp\/v2\/comments?post=677577"}],"version-history":[{"count":5,"href":"https:\/\/www.diario5.com.ar\/es\/wp-json\/wp\/v2\/posts\/677577\/revisions"}],"predecessor-version":[{"id":691673,"href":"https:\/\/www.diario5.com.ar\/es\/wp-json\/wp\/v2\/posts\/677577\/revisions\/691673"}],"wp:featuredmedia":[{"embeddable":true,"href":"https:\/\/www.diario5.com.ar\/es\/wp-json\/wp\/v2\/media\/691687"}],"wp:attachment":[{"href":"https:\/\/www.diario5.com.ar\/es\/wp-json\/wp\/v2\/media?parent=677577"}],"wp:term":[{"taxonomy":"category","embeddable":true,"href":"https:\/\/www.diario5.com.ar\/es\/wp-json\/wp\/v2\/categories?post=677577"},{"taxonomy":"post_tag","embeddable":true,"href":"https:\/\/www.diario5.com.ar\/es\/wp-json\/wp\/v2\/tags?post=677577"},{"taxonomy":"series","embeddable":true,"href":"https:\/\/www.diario5.com.ar\/es\/wp-json\/wp\/v2\/series?post=677577"}],"curies":[{"name":"wp","href":"https:\/\/api.w.org\/{rel}","templated":true}]}}