{"id":677574,"date":"2025-04-09T06:53:00","date_gmt":"2025-04-09T09:52:00","guid":{"rendered":"http:\/\/diario5.com.ar\/?p=677574"},"modified":"2025-04-09T12:58:01","modified_gmt":"2025-04-09T15:58:01","slug":"677574","status":"publish","type":"post","link":"https:\/\/www.diario5.com.ar\/es\/677574\/","title":{"rendered":"Galardones gastron\u00f3micos"},"content":{"rendered":"<h2 class=\"sub-title-primary\">Nuevas estrellas Michelin en Buenos Aires. <\/h2> <p class=\"\" data-start=\"163\" data-end=\"233\"><img decoding=\"async\" loading=\"lazy\" class=\"aligncenter size-full wp-image-691624\" src=\"https:\/\/www.diario5.com.ar\/wp-content\/uploads\/2025\/04\/MicrosoftTeams-image_2020250409.jpeg\" width=\"700\" height=\"367\" srcset=\"https:\/\/www.diario5.com.ar\/wp-content\/uploads\/2025\/04\/MicrosoftTeams-image_2020250409.jpeg 700w, https:\/\/www.diario5.com.ar\/wp-content\/uploads\/2025\/04\/MicrosoftTeams-image_2020250409-300x157.jpeg 300w\" sizes=\"(max-width: 700px) 100vw, 700px\" \/><\/p>\n<p class=\"\" data-start=\"235\" data-end=\"570\">La Gu\u00eda Michelin volvi\u00f3 a poner el foco en la Argentina y confirm\u00f3 lo que ya muchos sab\u00edan: la cocina porte\u00f1a vive un momento de excelencia. En su segunda edici\u00f3n local, presentada en Mendoza, cuatro restaurantes de la Ciudad de Buenos Aires revalidaron sus Estrellas Michelin, consolidando as\u00ed su prestigio en la escena internacional.<\/p>\n<p class=\"\" data-start=\"572\" data-end=\"935\"><strong data-start=\"572\" data-end=\"584\">Aramburu<\/strong>, <strong data-start=\"586\" data-end=\"599\">Don Julio<\/strong>, <strong data-start=\"601\" data-end=\"611\">Crizia<\/strong> y <strong data-start=\"614\" data-end=\"625\">Trescha<\/strong> conservaron las estrellas que ya hab\u00edan obtenido en 2023. Especialmente destacado fue el caso del restaurante <strong data-start=\"736\" data-end=\"748\">Aramburu<\/strong>, del chef <strong data-start=\"759\" data-end=\"779\">Gonzalo Aramburu<\/strong>, que ratific\u00f3 sus <strong data-start=\"798\" data-end=\"824\">dos estrellas Michelin<\/strong>, una categor\u00eda reservada para quienes ofrecen \u00abuna cocina excepcional, que vale la pena desviarse del camino\u00bb.<\/p>\n<p class=\"\" data-start=\"937\" data-end=\"1229\">La Gu\u00eda tambi\u00e9n entreg\u00f3 su <strong data-start=\"964\" data-end=\"991\">Estrella Verde Michelin<\/strong>, un reconocimiento especial a los establecimientos comprometidos con la sostenibilidad y el respeto por el entorno. En esta edici\u00f3n, fueron distinguidos <strong data-start=\"1145\" data-end=\"1157\">Alcanfor<\/strong>, <strong data-start=\"1159\" data-end=\"1171\">Ancho\u00edta<\/strong>, <strong data-start=\"1173\" data-end=\"1183\">Crizia<\/strong>, <strong data-start=\"1185\" data-end=\"1198\">Don Julio<\/strong> y <strong data-start=\"1201\" data-end=\"1228\">El Preferido de Palermo<\/strong>.<\/p>\n<p class=\"\" data-start=\"1231\" data-end=\"1676\">Adem\u00e1s, nueve restaurantes de Buenos Aires fueron incluidos en la selecci\u00f3n <strong data-start=\"1307\" data-end=\"1323\">Bib Gourmand<\/strong>, que destaca a aquellos con una excelente relaci\u00f3n entre calidad y precio: <strong data-start=\"1399\" data-end=\"1408\">\u00c1cido<\/strong>, <strong data-start=\"1410\" data-end=\"1438\">Ajo Negro \u2013 Mar de tapas<\/strong>, <strong data-start=\"1440\" data-end=\"1457\">MN Santa In\u00e9s<\/strong>, <strong data-start=\"1459\" data-end=\"1468\">Anafe<\/strong>, <strong data-start=\"1470\" data-end=\"1482\">Reliquia<\/strong>, <strong data-start=\"1484\" data-end=\"1508\">La Alacena Trattoria<\/strong>, <strong data-start=\"1510\" data-end=\"1521\">Mengano<\/strong>, <strong data-start=\"1523\" data-end=\"1534\">Caseros<\/strong> y <strong data-start=\"1537\" data-end=\"1551\">Bis Bistr\u00f3<\/strong>. Dentro de este grupo, el joven chef <strong data-start=\"1589\" data-end=\"1608\">Nicol\u00e1s Tykocki<\/strong>, de \u00c1cido, fue distinguido con el premio al <strong data-start=\"1653\" data-end=\"1675\">Joven Chef del A\u00f1o<\/strong>.<\/p>\n<p class=\"\" data-start=\"1725\" data-end=\"2189\">La llegada oficial de la Gu\u00eda Michelin a la Argentina se concret\u00f3 en 2023, cuando por primera vez se incluyeron restaurantes de <strong data-start=\"1853\" data-end=\"1869\">Buenos Aires<\/strong> y <strong data-start=\"1872\" data-end=\"1883\">Mendoza<\/strong> en la c\u00e9lebre publicaci\u00f3n francesa. Fue un hito: nunca antes un restaurante argentino hab\u00eda obtenido una estrella Michelin, a pesar del reconocimiento global que ya ten\u00edan varios chefs nacionales. Esa primera edici\u00f3n marc\u00f3 un antes y un despu\u00e9s en la valorizaci\u00f3n de la cocina local a nivel internacional.<\/p>\n<p class=\"\" data-start=\"2191\" data-end=\"2472\">Desde entonces, los inspectores de Michelin \u2014que viajan de forma an\u00f3nima por el mundo y aplican los mismos cinco criterios de evaluaci\u00f3n en Par\u00eds, Tokio o Buenos Aires\u2014 han encontrado en la Argentina una escena rica en creatividad, calidad de producto, personalidad y consistencia.<\/p>\n<p class=\"\" data-start=\"2527\" data-end=\"2904\">Las estrellas Michelin son m\u00e1s que una distinci\u00f3n: representan un est\u00e1ndar global de calidad que pone a los restaurantes seleccionados en el radar de los viajeros gastron\u00f3micos del mundo. En ese sentido, el reconocimiento tambi\u00e9n funciona como una poderosa herramienta de <strong data-start=\"2799\" data-end=\"2822\">promoci\u00f3n tur\u00edstica<\/strong> y <strong data-start=\"2825\" data-end=\"2849\">desarrollo econ\u00f3mico<\/strong>, ya que impulsa el empleo y el crecimiento del sector.<\/p>\n<p class=\"\" data-start=\"2906\" data-end=\"3131\">En Buenos Aires la gastronom\u00eda es parte del pulso cotidiano. Como M\u00e1s que un premio, entendemos a las EM como un plataforma internacional, se logr\u00f3 dar un paso en el proceso por el la Argentina <em>sigue cocinando su lugar<\/em> en la \u00e9lite gastron\u00f3mica global. La satisfacci\u00f3n de todos los involucrados est\u00e1 m\u00e1s que justificada, dado que\u00a0 este tipo de premiaciones celebran la excelencia y una identidad que combina tradici\u00f3n, t\u00e9cnica, experimentaci\u00f3n y compromiso.<\/p>\n<p><!--googleoff: index--><br \/>\n<!--googleon: index--><br \/>\n<img decoding=\"async\" loading=\"lazy\" class=\"aligncenter size-full wp-image-691625\" src=\"https:\/\/www.diario5.com.ar\/wp-content\/uploads\/2025\/04\/ar_capital_rosario20250409.jpg\" width=\"700\" height=\"930\" srcset=\"https:\/\/www.diario5.com.ar\/wp-content\/uploads\/2025\/04\/ar_capital_rosario20250409.jpg 700w, https:\/\/www.diario5.com.ar\/wp-content\/uploads\/2025\/04\/ar_capital_rosario20250409-226x300.jpg 226w\" sizes=\"(max-width: 700px) 100vw, 700px\" \/><\/p>\n<p><img decoding=\"async\" loading=\"lazy\" class=\"aligncenter size-full wp-image-691626\" src=\"https:\/\/www.diario5.com.ar\/wp-content\/uploads\/2025\/04\/esquiu20250409.jpg\" width=\"700\" height=\"920\" srcset=\"https:\/\/www.diario5.com.ar\/wp-content\/uploads\/2025\/04\/esquiu20250409.jpg 700w, https:\/\/www.diario5.com.ar\/wp-content\/uploads\/2025\/04\/esquiu20250409-228x300.jpg 228w\" sizes=\"(max-width: 700px) 100vw, 700px\" \/><\/p>\n<p><img decoding=\"async\" loading=\"lazy\" class=\"aligncenter size-full wp-image-691627\" src=\"https:\/\/www.diario5.com.ar\/wp-content\/uploads\/2025\/04\/voz_chaco20250409.jpg\" width=\"700\" height=\"816\" srcset=\"https:\/\/www.diario5.com.ar\/wp-content\/uploads\/2025\/04\/voz_chaco20250409.jpg 700w, https:\/\/www.diario5.com.ar\/wp-content\/uploads\/2025\/04\/voz_chaco20250409-257x300.jpg 257w\" sizes=\"(max-width: 700px) 100vw, 700px\" \/><\/p>\n<p><img decoding=\"async\" loading=\"lazy\" class=\"aligncenter size-full wp-image-691628\" src=\"https:\/\/www.diario5.com.ar\/wp-content\/uploads\/2025\/04\/ar_cronista20250409.jpg\" width=\"700\" height=\"1015\" srcset=\"https:\/\/www.diario5.com.ar\/wp-content\/uploads\/2025\/04\/ar_cronista20250409.jpg 700w, https:\/\/www.diario5.com.ar\/wp-content\/uploads\/2025\/04\/ar_cronista20250409-207x300.jpg 207w\" sizes=\"(max-width: 700px) 100vw, 700px\" \/><\/p>\n<p><img decoding=\"async\" loading=\"lazy\" class=\"aligncenter size-full wp-image-691629\" src=\"https:\/\/www.diario5.com.ar\/wp-content\/uploads\/2025\/04\/ar_chubut20250409.jpg\" width=\"700\" height=\"903\" srcset=\"https:\/\/www.diario5.com.ar\/wp-content\/uploads\/2025\/04\/ar_chubut20250409.jpg 700w, https:\/\/www.diario5.com.ar\/wp-content\/uploads\/2025\/04\/ar_chubut20250409-233x300.jpg 233w\" sizes=\"(max-width: 700px) 100vw, 700px\" \/><\/p>\n<p><img decoding=\"async\" loading=\"lazy\" class=\"aligncenter size-full wp-image-691633\" src=\"https:\/\/www.diario5.com.ar\/wp-content\/uploads\/2025\/04\/ar_litoral_sfe20250409.jpg\" width=\"700\" height=\"923\" srcset=\"https:\/\/www.diario5.com.ar\/wp-content\/uploads\/2025\/04\/ar_litoral_sfe20250409.jpg 700w, https:\/\/www.diario5.com.ar\/wp-content\/uploads\/2025\/04\/ar_litoral_sfe20250409-228x300.jpg 228w\" sizes=\"(max-width: 700px) 100vw, 700px\" \/><\/p>\n<p><img decoding=\"async\" loading=\"lazy\" class=\"aligncenter size-full wp-image-691634\" src=\"https:\/\/www.diario5.com.ar\/wp-content\/uploads\/2025\/04\/ar_mirador_provincial20250409.jpg\" width=\"700\" height=\"939\" srcset=\"https:\/\/www.diario5.com.ar\/wp-content\/uploads\/2025\/04\/ar_mirador_provincial20250409.jpg 700w, https:\/\/www.diario5.com.ar\/wp-content\/uploads\/2025\/04\/ar_mirador_provincial20250409-224x300.jpg 224w\" sizes=\"(max-width: 700px) 100vw, 700px\" \/><\/p>\n<p><img decoding=\"async\" loading=\"lazy\" class=\"aligncenter size-full wp-image-691635\" src=\"https:\/\/www.diario5.com.ar\/wp-content\/uploads\/2025\/04\/ar_clarin20250409.jpg\" width=\"700\" height=\"981\" srcset=\"https:\/\/www.diario5.com.ar\/wp-content\/uploads\/2025\/04\/ar_clarin20250409.jpg 700w, https:\/\/www.diario5.com.ar\/wp-content\/uploads\/2025\/04\/ar_clarin20250409-214x300.jpg 214w\" sizes=\"(max-width: 700px) 100vw, 700px\" \/><\/p>\n<p><img decoding=\"async\" loading=\"lazy\" class=\"aligncenter size-full wp-image-691630\" src=\"https:\/\/www.diario5.com.ar\/wp-content\/uploads\/2025\/04\/nacion20250409.jpg\" width=\"700\" height=\"1066\" srcset=\"https:\/\/www.diario5.com.ar\/wp-content\/uploads\/2025\/04\/nacion20250409.jpg 700w, https:\/\/www.diario5.com.ar\/wp-content\/uploads\/2025\/04\/nacion20250409-197x300.jpg 197w, https:\/\/www.diario5.com.ar\/wp-content\/uploads\/2025\/04\/nacion20250409-672x1024.jpg 672w\" sizes=\"(max-width: 700px) 100vw, 700px\" \/><\/p>\n<p><img decoding=\"async\" loading=\"lazy\" class=\"aligncenter size-full wp-image-691631\" src=\"https:\/\/www.diario5.com.ar\/wp-content\/uploads\/2025\/04\/ar_ancasti20250409.jpg\" width=\"700\" height=\"949\" srcset=\"https:\/\/www.diario5.com.ar\/wp-content\/uploads\/2025\/04\/ar_ancasti20250409.jpg 700w, https:\/\/www.diario5.com.ar\/wp-content\/uploads\/2025\/04\/ar_ancasti20250409-221x300.jpg 221w\" sizes=\"(max-width: 700px) 100vw, 700px\" \/><\/p>\n<p><img decoding=\"async\" loading=\"lazy\" class=\"aligncenter size-full wp-image-691632\" src=\"https:\/\/www.diario5.com.ar\/wp-content\/uploads\/2025\/04\/ar_rio_negro20250409.jpg\" width=\"700\" height=\"961\" srcset=\"https:\/\/www.diario5.com.ar\/wp-content\/uploads\/2025\/04\/ar_rio_negro20250409.jpg 700w, https:\/\/www.diario5.com.ar\/wp-content\/uploads\/2025\/04\/ar_rio_negro20250409-219x300.jpg 219w\" sizes=\"(max-width: 700px) 100vw, 700px\" \/><\/p>","protected":false},"excerpt":{"rendered":"<p>Nuevas estrellas Michelin en Buenos Aires. La Gu\u00eda Michelin volvi\u00f3 a poner el foco en la Argentina y confirm\u00f3 lo que ya muchos sab\u00edan: la cocina porte\u00f1a vive un momento de excelencia. En su segunda edici\u00f3n local, presentada en Mendoza, cuatro restaurantes de la Ciudad de Buenos Aires revalidaron sus Estrellas Michelin, consolidando as\u00ed su [&hellip;]<\/p>","protected":false},"author":5,"featured_media":691624,"comment_status":"open","ping_status":"open","sticky":false,"template":"","format":"standard","meta":[],"categories":[20,56],"tags":[1177,474,630,1776,2793,937,1362,1804,2789,2774,2073,1459],"series":[],"_links":{"self":[{"href":"https:\/\/www.diario5.com.ar\/es\/wp-json\/wp\/v2\/posts\/677574"}],"collection":[{"href":"https:\/\/www.diario5.com.ar\/es\/wp-json\/wp\/v2\/posts"}],"about":[{"href":"https:\/\/www.diario5.com.ar\/es\/wp-json\/wp\/v2\/types\/post"}],"author":[{"embeddable":true,"href":"https:\/\/www.diario5.com.ar\/es\/wp-json\/wp\/v2\/users\/5"}],"replies":[{"embeddable":true,"href":"https:\/\/www.diario5.com.ar\/es\/wp-json\/wp\/v2\/comments?post=677574"}],"version-history":[{"count":3,"href":"https:\/\/www.diario5.com.ar\/es\/wp-json\/wp\/v2\/posts\/677574\/revisions"}],"predecessor-version":[{"id":691636,"href":"https:\/\/www.diario5.com.ar\/es\/wp-json\/wp\/v2\/posts\/677574\/revisions\/691636"}],"wp:featuredmedia":[{"embeddable":true,"href":"https:\/\/www.diario5.com.ar\/es\/wp-json\/wp\/v2\/media\/691624"}],"wp:attachment":[{"href":"https:\/\/www.diario5.com.ar\/es\/wp-json\/wp\/v2\/media?parent=677574"}],"wp:term":[{"taxonomy":"category","embeddable":true,"href":"https:\/\/www.diario5.com.ar\/es\/wp-json\/wp\/v2\/categories?post=677574"},{"taxonomy":"post_tag","embeddable":true,"href":"https:\/\/www.diario5.com.ar\/es\/wp-json\/wp\/v2\/tags?post=677574"},{"taxonomy":"series","embeddable":true,"href":"https:\/\/www.diario5.com.ar\/es\/wp-json\/wp\/v2\/series?post=677574"}],"curies":[{"name":"wp","href":"https:\/\/api.w.org\/{rel}","templated":true}]}}