{"id":677573,"date":"2025-04-08T06:53:00","date_gmt":"2025-04-08T09:52:00","guid":{"rendered":"http:\/\/diario5.com.ar\/?p=677573"},"modified":"2025-04-09T04:29:55","modified_gmt":"2025-04-09T07:29:55","slug":"677573","status":"publish","type":"post","link":"https:\/\/www.diario5.com.ar\/es\/677573\/","title":{"rendered":"Siempre esperando algo a favor"},"content":{"rendered":"<h2 class=\"sub-title-primary\"><\/h2> <p><img decoding=\"async\" loading=\"lazy\" class=\"alignnone size-full wp-image-691620\" src=\"https:\/\/www.diario5.com.ar\/wp-content\/uploads\/2025\/04\/argentina-flechas2.jpg\" alt=\"\" width=\"1092\" height=\"620\" srcset=\"https:\/\/www.diario5.com.ar\/wp-content\/uploads\/2025\/04\/argentina-flechas2.jpg 1092w, https:\/\/www.diario5.com.ar\/wp-content\/uploads\/2025\/04\/argentina-flechas2-300x170.jpg 300w, https:\/\/www.diario5.com.ar\/wp-content\/uploads\/2025\/04\/argentina-flechas2-1024x581.jpg 1024w, https:\/\/www.diario5.com.ar\/wp-content\/uploads\/2025\/04\/argentina-flechas2-768x436.jpg 768w\" sizes=\"(max-width: 1092px) 100vw, 1092px\" \/><\/p>\n<p>El pa\u00eds, cada vez m\u00e1s politizado y cada vez menos reflexivo, menos solidario (nunca tuvo plenitud tal concepto).<\/p>\n<p>Los que estamos acostumbrados a buscar, buscamos sin verg\u00fcenza.<\/p>\n<p>Lo que da verg\u00fcenza en no encontrar algo que nos diga que todo lo que no encontramos hasta ahora no era lo est\u00e1bamos buscando. Ni m\u00ednimamente.<\/p>\n<p>Las manifestaciones que se realizan desde un sector pol\u00edtico para protestar sobre acci\u00f3n u omisi\u00f3n del otro y viceversa deber\u00edan cambiarse por una que en las que todos nos expresemos con energ\u00eda contra los que, econ\u00f3micamente, fueron horadando y desgastando la confianza.\u00a0 Cada agrupaci\u00f3n piensa que la culpa fue de \u00ablos otros\u00bb.<\/p>\n<p>Eso multiplica su condici\u00f3n de basuras.<\/p>\n<p>Las agrupaciones pol\u00edticas hicieron un tironeo constante pasando l por el estatismo, el liberalismo, cierta izquierda incompetente, una derecha ineficaz, gobiernos militares, regreso de la democracia, falta de madurez de las militancias, etc etc. Hay un mapa argentino con flechas que apuntan en direcciones a 360\u00ba, lo que significa que el pa\u00eds nunca arranca y no va a ning\u00fan lado.<\/p>\n<p>Lo est\u00e1s viendo.<\/p>\n<p>Es el mapa de la verdad de la Argentina.<br \/>\n<!--googleoff: index--><\/p>\n<p class=\"\" data-start=\"163\" data-end=\"604\">La imagen podr\u00eda resumir la historia reciente de la Argentina: un mapa del pa\u00eds cubierto de flechas que apuntan en todas las direcciones posibles. Hacia el norte y hacia el sur, hacia el este y el oeste, hacia arriba y hacia abajo. Flechas que se contradicen, se pisan, se anulan. Un caos de impulsos que, lejos de generar movimiento, paraliza. As\u00ed vive la Argentina: como un p\u00e9ndulo nervioso, un trompo que gira y gira sin avanzar.<\/p>\n<p class=\"\" data-start=\"606\" data-end=\"1140\">La responsabilidad no es de un solo gobierno ni de una ideolog\u00eda particular. Es de todos los que han tenido el poder y lo usaron mal. A lo largo de las d\u00e9cadas, el pa\u00eds fue horadado por un tironeo sin tregua entre proyectos antag\u00f3nicos y, en el fondo, igualmente ineficaces. Se prob\u00f3 con el estatismo f\u00e9rreo, se coquete\u00f3 con el liberalismo extremo, se experiment\u00f3 con una izquierda improvisada y una derecha sin rumbo. Se cay\u00f3 en dictaduras, se celebr\u00f3 el regreso democr\u00e1tico, se volvi\u00f3 a tropezar con la misma piedra\u2026 una y otra vez.<\/p>\n<p class=\"\" data-start=\"1142\" data-end=\"1599\">Los militares interrumpieron la historia con brutalidad y fracasaron. Los gobiernos democr\u00e1ticos que los sucedieron no supieron o no quisieron establecer una continuidad seria de crecimiento, desarrollo y estabilidad. Las crisis se acumularon como capas geol\u00f3gicas, y cada nueva gesti\u00f3n lleg\u00f3 al poder con la promesa de ser distinta, pero con las mismas herramientas oxidadas y el mismo manual de parches. Lo urgente siempre gan\u00f3 la batalla a lo importante.<\/p>\n<p class=\"\" data-start=\"1601\" data-end=\"1938\">El problema no es s\u00f3lo econ\u00f3mico, pero se expresa ah\u00ed con una violencia implacable. Inflaci\u00f3n cr\u00f3nica, pobreza estructural, endeudamiento reiterado, fuga de capitales, desconfianza inversora, ciclos de ajuste y derroche, todo sobre una sociedad cada vez m\u00e1s cansada, m\u00e1s esc\u00e9ptica, m\u00e1s desconectada de la posibilidad de un destino com\u00fan.<\/p>\n<p class=\"\" data-start=\"1940\" data-end=\"2243\">Las militancias, lejos de madurar, se convirtieron muchas veces en hinchadas que festejan la ca\u00edda del rival pol\u00edtico m\u00e1s que el logro propio. Defender un modelo, en la Argentina, suele ser negarse a ver sus errores. Y criticar al adversario, es desear su fracaso antes que ofrecer una alternativa real.<\/p>\n<p class=\"\" data-start=\"2245\" data-end=\"2606\">La dirigencia pol\u00edtica ha sido, en su mayor\u00eda, la gran ausente del siglo XXI argentino. Incapaz de ponerse de acuerdo en un rumbo b\u00e1sico, m\u00ednima para los consensos elementales que cualquier pa\u00eds requiere para desarrollarse. Cada gobierno arranca barriendo bajo la alfombra los errores del anterior, mientras abre nuevos agujeros por los que se escapa el futuro.<\/p>\n<p class=\"\" data-start=\"2608\" data-end=\"2863\">No hay un modelo econ\u00f3mico sostenido en el tiempo. No hay una planificaci\u00f3n de largo plazo. No hay metas colectivas que sobrevivan a un cambio de signo pol\u00edtico. Solo hay ret\u00f3ricas gastadas, liderazgos fugaces, y un sinf\u00edn de oportunidades desperdiciadas.<\/p>\n<p class=\"\" data-start=\"2865\" data-end=\"3118\">\u00bfPuede un pa\u00eds salir adelante cuando cada sector tira para su lado, cuando no hay un eje com\u00fan, ni una hoja de ruta que se respete m\u00e1s all\u00e1 del turno electoral? \u00bfPuede un pa\u00eds encontrar destino cuando sus flechas no apuntan a un horizonte, sino al caos?<\/p>\n<p class=\"\" data-start=\"3120\" data-end=\"3461\">La Argentina necesita dejar de girar sobre s\u00ed misma. Dejar de elegir entre extremos, y empezar a construir sobre certezas. No hace falta inventar la rueda. Hace falta, apenas, sentido com\u00fan, acuerdos b\u00e1sicos, instituciones que funcionen, liderazgos responsables y una sociedad que deje de mirar el retrovisor para empezar a trazar un camino.<\/p>\n<p class=\"\" data-start=\"3463\" data-end=\"3523\">Porque girar es f\u00e1cil. Lo dif\u00edcil \u2014y lo urgente\u2014 es avanzar.<\/p>\n<p>&nbsp;<\/p>\n<p>&nbsp;<\/p>\n<p><!--googleon: index--><br \/>\n<img decoding=\"async\" loading=\"lazy\" class=\"aligncenter size-full wp-image-691603\" src=\"https:\/\/www.diario5.com.ar\/wp-content\/uploads\/2025\/04\/ar_capital_rosario20250408.jpg\" width=\"700\" height=\"939\" srcset=\"https:\/\/www.diario5.com.ar\/wp-content\/uploads\/2025\/04\/ar_capital_rosario20250408.jpg 700w, https:\/\/www.diario5.com.ar\/wp-content\/uploads\/2025\/04\/ar_capital_rosario20250408-224x300.jpg 224w\" sizes=\"(max-width: 700px) 100vw, 700px\" \/><\/p>\n<p><img decoding=\"async\" loading=\"lazy\" class=\"aligncenter size-full wp-image-691604\" src=\"https:\/\/www.diario5.com.ar\/wp-content\/uploads\/2025\/04\/esquiu20250408.jpg\" width=\"700\" height=\"920\" srcset=\"https:\/\/www.diario5.com.ar\/wp-content\/uploads\/2025\/04\/esquiu20250408.jpg 700w, https:\/\/www.diario5.com.ar\/wp-content\/uploads\/2025\/04\/esquiu20250408-228x300.jpg 228w\" sizes=\"(max-width: 700px) 100vw, 700px\" \/><\/p>\n<p><img decoding=\"async\" loading=\"lazy\" class=\"aligncenter size-full wp-image-691605\" src=\"https:\/\/www.diario5.com.ar\/wp-content\/uploads\/2025\/04\/voz_chaco20250408.jpg\" width=\"700\" height=\"816\" srcset=\"https:\/\/www.diario5.com.ar\/wp-content\/uploads\/2025\/04\/voz_chaco20250408.jpg 700w, https:\/\/www.diario5.com.ar\/wp-content\/uploads\/2025\/04\/voz_chaco20250408-257x300.jpg 257w\" sizes=\"(max-width: 700px) 100vw, 700px\" \/><\/p>\n<p><img decoding=\"async\" loading=\"lazy\" class=\"aligncenter size-full wp-image-691606\" src=\"https:\/\/www.diario5.com.ar\/wp-content\/uploads\/2025\/04\/ar_cronista20250408.jpg\" width=\"700\" height=\"1012\" srcset=\"https:\/\/www.diario5.com.ar\/wp-content\/uploads\/2025\/04\/ar_cronista20250408.jpg 700w, https:\/\/www.diario5.com.ar\/wp-content\/uploads\/2025\/04\/ar_cronista20250408-208x300.jpg 208w\" sizes=\"(max-width: 700px) 100vw, 700px\" \/><\/p>\n<p><img decoding=\"async\" loading=\"lazy\" class=\"aligncenter size-full wp-image-691607\" src=\"https:\/\/www.diario5.com.ar\/wp-content\/uploads\/2025\/04\/ar_eldia20250408.jpg\" width=\"700\" height=\"1013\" srcset=\"https:\/\/www.diario5.com.ar\/wp-content\/uploads\/2025\/04\/ar_eldia20250408.jpg 700w, https:\/\/www.diario5.com.ar\/wp-content\/uploads\/2025\/04\/ar_eldia20250408-207x300.jpg 207w\" sizes=\"(max-width: 700px) 100vw, 700px\" \/><\/p>\n<p><img decoding=\"async\" loading=\"lazy\" class=\"aligncenter size-full wp-image-691608\" src=\"https:\/\/www.diario5.com.ar\/wp-content\/uploads\/2025\/04\/ar_chubut20250408.jpg\" width=\"700\" height=\"902\" srcset=\"https:\/\/www.diario5.com.ar\/wp-content\/uploads\/2025\/04\/ar_chubut20250408.jpg 700w, https:\/\/www.diario5.com.ar\/wp-content\/uploads\/2025\/04\/ar_chubut20250408-233x300.jpg 233w\" sizes=\"(max-width: 700px) 100vw, 700px\" \/><\/p>\n<p><img decoding=\"async\" loading=\"lazy\" class=\"aligncenter size-full wp-image-691614\" src=\"https:\/\/www.diario5.com.ar\/wp-content\/uploads\/2025\/04\/ar_litoral_sfe20250408.jpg\" width=\"700\" height=\"923\" srcset=\"https:\/\/www.diario5.com.ar\/wp-content\/uploads\/2025\/04\/ar_litoral_sfe20250408.jpg 700w, https:\/\/www.diario5.com.ar\/wp-content\/uploads\/2025\/04\/ar_litoral_sfe20250408-228x300.jpg 228w\" sizes=\"(max-width: 700px) 100vw, 700px\" \/><\/p>\n<p><img decoding=\"async\" loading=\"lazy\" class=\"aligncenter size-full wp-image-691615\" src=\"https:\/\/www.diario5.com.ar\/wp-content\/uploads\/2025\/04\/ar_mirador_provincial20250408.jpg\" width=\"700\" height=\"939\" srcset=\"https:\/\/www.diario5.com.ar\/wp-content\/uploads\/2025\/04\/ar_mirador_provincial20250408.jpg 700w, https:\/\/www.diario5.com.ar\/wp-content\/uploads\/2025\/04\/ar_mirador_provincial20250408-224x300.jpg 224w\" sizes=\"(max-width: 700px) 100vw, 700px\" \/><\/p>\n<p><img decoding=\"async\" loading=\"lazy\" class=\"aligncenter size-full wp-image-691609\" src=\"https:\/\/www.diario5.com.ar\/wp-content\/uploads\/2025\/04\/ar_clarin20250408.jpg\" width=\"700\" height=\"977\" srcset=\"https:\/\/www.diario5.com.ar\/wp-content\/uploads\/2025\/04\/ar_clarin20250408.jpg 700w, https:\/\/www.diario5.com.ar\/wp-content\/uploads\/2025\/04\/ar_clarin20250408-215x300.jpg 215w\" sizes=\"(max-width: 700px) 100vw, 700px\" \/><\/p>\n<p><img decoding=\"async\" loading=\"lazy\" class=\"aligncenter size-full wp-image-691610\" src=\"https:\/\/www.diario5.com.ar\/wp-content\/uploads\/2025\/04\/nacion20250408.jpg\" width=\"700\" height=\"1062\" srcset=\"https:\/\/www.diario5.com.ar\/wp-content\/uploads\/2025\/04\/nacion20250408.jpg 700w, https:\/\/www.diario5.com.ar\/wp-content\/uploads\/2025\/04\/nacion20250408-198x300.jpg 198w, https:\/\/www.diario5.com.ar\/wp-content\/uploads\/2025\/04\/nacion20250408-675x1024.jpg 675w\" sizes=\"(max-width: 700px) 100vw, 700px\" \/><\/p>\n<p><img decoding=\"async\" loading=\"lazy\" class=\"aligncenter size-full wp-image-691611\" src=\"https:\/\/www.diario5.com.ar\/wp-content\/uploads\/2025\/04\/ar_ancasti20250408.jpg\" width=\"700\" height=\"940\" srcset=\"https:\/\/www.diario5.com.ar\/wp-content\/uploads\/2025\/04\/ar_ancasti20250408.jpg 700w, https:\/\/www.diario5.com.ar\/wp-content\/uploads\/2025\/04\/ar_ancasti20250408-223x300.jpg 223w\" sizes=\"(max-width: 700px) 100vw, 700px\" \/><\/p>\n<p><img decoding=\"async\" loading=\"lazy\" class=\"aligncenter size-full wp-image-691612\" src=\"https:\/\/www.diario5.com.ar\/wp-content\/uploads\/2025\/04\/ar_rio_negro20250408.jpg\" width=\"700\" height=\"972\" srcset=\"https:\/\/www.diario5.com.ar\/wp-content\/uploads\/2025\/04\/ar_rio_negro20250408.jpg 700w, https:\/\/www.diario5.com.ar\/wp-content\/uploads\/2025\/04\/ar_rio_negro20250408-216x300.jpg 216w\" sizes=\"(max-width: 700px) 100vw, 700px\" \/><\/p>\n<p>&nbsp;<\/p>","protected":false},"excerpt":{"rendered":"<p>El pa\u00eds, cada vez m\u00e1s politizado y cada vez menos reflexivo, menos solidario (nunca tuvo plenitud tal concepto). Los que estamos acostumbrados a buscar, buscamos sin verg\u00fcenza. Lo que da verg\u00fcenza en no encontrar algo que nos diga que todo lo que no encontramos hasta ahora no era lo est\u00e1bamos buscando. Ni m\u00ednimamente. Las manifestaciones [&hellip;]<\/p>","protected":false},"author":27,"featured_media":691620,"comment_status":"open","ping_status":"open","sticky":false,"template":"","format":"standard","meta":[],"categories":[75,56],"tags":[1866,1177,1718,2794,2026,1789],"series":[],"_links":{"self":[{"href":"https:\/\/www.diario5.com.ar\/es\/wp-json\/wp\/v2\/posts\/677573"}],"collection":[{"href":"https:\/\/www.diario5.com.ar\/es\/wp-json\/wp\/v2\/posts"}],"about":[{"href":"https:\/\/www.diario5.com.ar\/es\/wp-json\/wp\/v2\/types\/post"}],"author":[{"embeddable":true,"href":"https:\/\/www.diario5.com.ar\/es\/wp-json\/wp\/v2\/users\/27"}],"replies":[{"embeddable":true,"href":"https:\/\/www.diario5.com.ar\/es\/wp-json\/wp\/v2\/comments?post=677573"}],"version-history":[{"count":7,"href":"https:\/\/www.diario5.com.ar\/es\/wp-json\/wp\/v2\/posts\/677573\/revisions"}],"predecessor-version":[{"id":691623,"href":"https:\/\/www.diario5.com.ar\/es\/wp-json\/wp\/v2\/posts\/677573\/revisions\/691623"}],"wp:featuredmedia":[{"embeddable":true,"href":"https:\/\/www.diario5.com.ar\/es\/wp-json\/wp\/v2\/media\/691620"}],"wp:attachment":[{"href":"https:\/\/www.diario5.com.ar\/es\/wp-json\/wp\/v2\/media?parent=677573"}],"wp:term":[{"taxonomy":"category","embeddable":true,"href":"https:\/\/www.diario5.com.ar\/es\/wp-json\/wp\/v2\/categories?post=677573"},{"taxonomy":"post_tag","embeddable":true,"href":"https:\/\/www.diario5.com.ar\/es\/wp-json\/wp\/v2\/tags?post=677573"},{"taxonomy":"series","embeddable":true,"href":"https:\/\/www.diario5.com.ar\/es\/wp-json\/wp\/v2\/series?post=677573"}],"curies":[{"name":"wp","href":"https:\/\/api.w.org\/{rel}","templated":true}]}}