{"id":677569,"date":"2025-04-04T06:11:00","date_gmt":"2025-04-04T09:11:00","guid":{"rendered":"http:\/\/diario5.com.ar\/?p=677569"},"modified":"2025-04-04T06:13:09","modified_gmt":"2025-04-04T09:13:09","slug":"677569","status":"publish","type":"post","link":"https:\/\/www.diario5.com.ar\/es\/677569\/","title":{"rendered":"Elecciones CABA: Habr\u00e1 17 listas"},"content":{"rendered":"<h2 class=\"sub-title-primary\"><\/h2> <p><img decoding=\"async\" loading=\"lazy\" class=\"alignnone size-full wp-image-691551\" src=\"https:\/\/www.diario5.com.ar\/wp-content\/uploads\/2025\/04\/candidatos_portenos_4_d5.jpg\" alt=\"\" width=\"1536\" height=\"1024\" srcset=\"https:\/\/www.diario5.com.ar\/wp-content\/uploads\/2025\/04\/candidatos_portenos_4_d5.jpg 1536w, https:\/\/www.diario5.com.ar\/wp-content\/uploads\/2025\/04\/candidatos_portenos_4_d5-300x200.jpg 300w, https:\/\/www.diario5.com.ar\/wp-content\/uploads\/2025\/04\/candidatos_portenos_4_d5-1024x683.jpg 1024w, https:\/\/www.diario5.com.ar\/wp-content\/uploads\/2025\/04\/candidatos_portenos_4_d5-768x512.jpg 768w\" sizes=\"(max-width: 1536px) 100vw, 1536px\" \/><\/p>\n<p>Los \u00abestelares\u00bb: Lospennato, Marra, Adorni, Santoro, Rodr\u00edguez Larreta y Oliveto<br \/>\nLas elecciones legislativas del 18 de mayo en la Ciudad Aut\u00f3noma de Buenos Aires dibujan un escenario fragmentado y en plena reconfiguraci\u00f3n. Se renovar\u00e1n 30 bancas en la Legislatura porte\u00f1a y la oferta de listas es m\u00e1s diversa de lo habitual, con candidaturas que reflejan las tensiones internas en casi todos los espacios pol\u00edticos.<\/p>\n<p>Silvia Lospennato encabeza la lista del PRO, ahora bajo el sello \u201cBuenos Aires Primero\u201d. Con un perfil t\u00e9cnico y experiencia tanto en el Congreso como en el Ejecutivo, su postulaci\u00f3n representa el intento del macrismo porte\u00f1o de sostener su predominio territorial, pese a la irrupci\u00f3n de nuevos actores.<\/p>\n<p>Del otro lado del tablero ideol\u00f3gico, el peronismo apost\u00f3 fuerte: Leandro Santoro vuelve al ruedo local tras su paso por el Congreso nacional. \u201cEs Ahora Buenos Aires\u201d es el nombre elegido para la boleta que intentar\u00e1 nuclear el voto progresista y pelear por un lugar en el reparto de poder, en una Ciudad que hist\u00f3ricamente le ha sido esquiva.<\/p>\n<p>La Libertad Avanza juega su partido con Manuel Adorni, actual vocero presidencial, como principal figura. Su candidatura persigue consolidar la presencia libertaria en la Ciudad, con la mira puesta en desplazar al PRO como principal fuerza de derecha. Pero no todo est\u00e1 ordenado dentro del oficialismo nacional: Ramiro Marra, que lleg\u00f3 al Senado porte\u00f1o con el sello libertario, se lanza con lista propia bajo la hist\u00f3rica sigla UCeD\u00e9, alimentando la interna del espacio.<\/p>\n<p>En paralelo, Horacio Rodr\u00edguez Larreta decidi\u00f3 salir a la cancha con su propia propuesta: \u201cVolvamos Buenos Aires\u201d. La ruptura formal con el PRO que fund\u00f3 junto a Macri pone en evidencia las grietas que dej\u00f3 la elecci\u00f3n presidencial de 2023.<\/p>\n<p>El radicalismo no se queda afuera. \u201cEvoluci\u00f3n\u201d postula a Lucille Levy, joven dirigente universitaria, mientras que la Coalici\u00f3n C\u00edvica lleva a Paula Oliveto, en un intento por conservar su representaci\u00f3n en la Legislatura, sin romper del todo con el armado m\u00e1s amplio de Juntos por el Cambio.<\/p>\n<p>La izquierda vuelve con Vanina Biasi como referente del Frente de Izquierda y de los Trabajadores &#8211; Unidad, mientras que Guillermo Moreno impulsa a Alejandro Kim con \u201cPrincipios y Valores\u201d, un peronismo m\u00e1s ortodoxo.<\/p>\n<p>Otras propuestas suman color a la boleta. Yamil Santoro anot\u00f3 a su hermano, hom\u00f3nimo de Leandro Santoro, con el objetivo de captar votos despistados. Mila Zurbriggen, exlibertaria devenida en panelista, se postula desde un espacio emergente que apuesta al voto joven y desencantado.<\/p>\n<p>As\u00ed, con 17 listas en total, la Ciudad se encamina a una elecci\u00f3n que no solo definir\u00e1 esca\u00f1os sino tambi\u00e9n el mapa pol\u00edtico de los pr\u00f3ximos a\u00f1os. El PRO busca resistir, los libertarios consolidarse, el peronismo recuperar terreno y los exsocios de Juntos por el Cambio explorar caminos propios. Todo al mismo tiempo<br \/>\n<img decoding=\"async\" loading=\"lazy\" class=\"aligncenter size-full wp-image-691553\" src=\"https:\/\/www.diario5.com.ar\/wp-content\/uploads\/2025\/04\/ar_capital_rosario20250404.jpg\" width=\"700\" height=\"930\" srcset=\"https:\/\/www.diario5.com.ar\/wp-content\/uploads\/2025\/04\/ar_capital_rosario20250404.jpg 700w, https:\/\/www.diario5.com.ar\/wp-content\/uploads\/2025\/04\/ar_capital_rosario20250404-226x300.jpg 226w\" sizes=\"(max-width: 700px) 100vw, 700px\" \/><\/p>\n<p><img decoding=\"async\" src=\"https:\/\/img.kiosko.net\/2025\/04\/04\/ar\/ar_nueva_provincia.jpg\" \/><\/p>\n<p><img decoding=\"async\" src=\"https:\/\/img.kiosko.net\/2025\/04\/04\/ar\/ar_duplicado.jpg\" \/><\/p>\n<p><img decoding=\"async\" loading=\"lazy\" class=\"aligncenter size-full wp-image-691554\" src=\"https:\/\/www.diario5.com.ar\/wp-content\/uploads\/2025\/04\/esquiu20250404.jpg\" width=\"700\" height=\"920\" srcset=\"https:\/\/www.diario5.com.ar\/wp-content\/uploads\/2025\/04\/esquiu20250404.jpg 700w, https:\/\/www.diario5.com.ar\/wp-content\/uploads\/2025\/04\/esquiu20250404-228x300.jpg 228w\" sizes=\"(max-width: 700px) 100vw, 700px\" \/><\/p>\n<p><img decoding=\"async\" src=\"https:\/\/img.kiosko.net\/2025\/04\/04\/ar\/ar_diario_norte.jpg\" \/><\/p>\n<p><img decoding=\"async\" loading=\"lazy\" class=\"aligncenter size-full wp-image-691555\" src=\"https:\/\/www.diario5.com.ar\/wp-content\/uploads\/2025\/04\/voz_chaco20250404.jpg\" width=\"700\" height=\"852\" srcset=\"https:\/\/www.diario5.com.ar\/wp-content\/uploads\/2025\/04\/voz_chaco20250404.jpg 700w, https:\/\/www.diario5.com.ar\/wp-content\/uploads\/2025\/04\/voz_chaco20250404-246x300.jpg 246w\" sizes=\"(max-width: 700px) 100vw, 700px\" \/><\/p>\n<p><img decoding=\"async\" src=\"https:\/\/img.kiosko.net\/2025\/04\/04\/ar\/ar_diario_madryn.jpg\" \/><\/p>\n<p><img decoding=\"async\" src=\"https:\/\/img.kiosko.net\/2025\/04\/04\/ar\/ar_laprensa.jpg\" \/><\/p>\n<p><img decoding=\"async\" loading=\"lazy\" class=\"aligncenter size-full wp-image-691556\" src=\"https:\/\/www.diario5.com.ar\/wp-content\/uploads\/2025\/04\/ar_cronista20250404.jpg\" width=\"700\" height=\"1015\" srcset=\"https:\/\/www.diario5.com.ar\/wp-content\/uploads\/2025\/04\/ar_cronista20250404.jpg 700w, https:\/\/www.diario5.com.ar\/wp-content\/uploads\/2025\/04\/ar_cronista20250404-207x300.jpg 207w\" sizes=\"(max-width: 700px) 100vw, 700px\" \/><\/p>\n<p><img decoding=\"async\" src=\"https:\/\/img.kiosko.net\/2025\/04\/04\/ar\/buenosaires_economico.jpg\" \/><\/p>\n<p><img decoding=\"async\" src=\"https:\/\/img.kiosko.net\/2025\/04\/04\/ar\/ar_perfil.jpg\" \/><\/p>\n<p><img decoding=\"async\" src=\"https:\/\/img.kiosko.net\/2025\/04\/04\/ar\/ar_eldia.jpg\" \/><\/p>\n<p><img decoding=\"async\" src=\"https:\/\/img.kiosko.net\/2025\/04\/04\/ar\/ar_hoy.jpg\" \/><\/p>\n<p><img decoding=\"async\" src=\"https:\/\/img.kiosko.net\/2025\/04\/04\/ar\/ar_democracia.jpg\" \/><\/p>\n<p><img decoding=\"async\" loading=\"lazy\" class=\"aligncenter size-full wp-image-691557\" src=\"https:\/\/www.diario5.com.ar\/wp-content\/uploads\/2025\/04\/ar_chubut20250404.jpg\" width=\"700\" height=\"904\" srcset=\"https:\/\/www.diario5.com.ar\/wp-content\/uploads\/2025\/04\/ar_chubut20250404.jpg 700w, https:\/\/www.diario5.com.ar\/wp-content\/uploads\/2025\/04\/ar_chubut20250404-232x300.jpg 232w\" sizes=\"(max-width: 700px) 100vw, 700px\" \/><\/p>\n<p><img decoding=\"async\" src=\"https:\/\/img.kiosko.net\/2025\/04\/04\/ar\/ar_epoca.jpg\" \/><\/p>\n<p><img decoding=\"async\" src=\"https:\/\/img.kiosko.net\/2025\/04\/04\/ar\/ar_litoral.jpg\" \/><\/p>\n<p><img decoding=\"async\" src=\"https:\/\/img.kiosko.net\/2025\/04\/04\/ar\/ar_heraldo.jpg\" \/><\/p>\n<p><img decoding=\"async\" src=\"https:\/\/img.kiosko.net\/2025\/04\/04\/ar\/ar_manana_formosa.jpg\" \/><\/p>\n<p><img decoding=\"async\" src=\"https:\/\/img.kiosko.net\/2025\/04\/04\/ar\/ar_diario_pampa.jpg\" \/><\/p>\n<p><img decoding=\"async\" src=\"https:\/\/img.kiosko.net\/2025\/04\/04\/ar\/ar_pagina12.jpg\" \/><\/p>\n<p><img decoding=\"async\" src=\"https:\/\/img.kiosko.net\/2025\/04\/04\/ar\/ar_arena.jpg\" \/><\/p>\n<p><img decoding=\"async\" src=\"https:\/\/img.kiosko.net\/2025\/04\/04\/ar\/independiente.jpg\" \/><\/p>\n<p><img decoding=\"async\" src=\"https:\/\/img.kiosko.net\/2025\/04\/04\/ar\/nueva_rioja.jpg\" \/><\/p>\n<p><img decoding=\"async\" src=\"https:\/\/img.kiosko.net\/2025\/04\/04\/ar\/ar_losandes.jpg\" \/><\/p>\n<p><img decoding=\"async\" src=\"https:\/\/img.kiosko.net\/2025\/04\/04\/ar\/ar_tribuno.jpg\" \/><\/p>\n<p><img decoding=\"async\" src=\"https:\/\/img.kiosko.net\/2025\/04\/04\/ar\/lea.jpg\" \/><\/p>\n<p><img decoding=\"async\" src=\"https:\/\/img.kiosko.net\/2025\/04\/04\/ar\/ar_nuevo_diario.jpg\" \/><\/p>\n<p><img decoding=\"async\" src=\"https:\/\/img.kiosko.net\/2025\/04\/04\/ar\/ar_diario_cuyo.jpg\" \/><\/p>\n<p><img decoding=\"async\" src=\"https:\/\/img.kiosko.net\/2025\/04\/04\/ar\/huarpe.jpg\" \/><\/p>\n<p><img decoding=\"async\" src=\"https:\/\/img.kiosko.net\/2025\/04\/04\/ar\/ar_diario_republica.jpg\" \/><\/p>\n<p><img decoding=\"async\" src=\"https:\/\/img.kiosko.net\/2025\/04\/04\/ar\/ar_litoral_sfe.jpg\" \/><\/p>\n<p><img decoding=\"async\" src=\"https:\/\/img.kiosko.net\/2025\/04\/04\/ar\/ciudadano.jpg\" \/><\/p>\n<p><img decoding=\"async\" src=\"https:\/\/img.kiosko.net\/2025\/04\/04\/ar\/ar_mirador_provincial.jpg\" \/><\/p>\n<p><img decoding=\"async\" src=\"https:\/\/img.kiosko.net\/2025\/04\/04\/ar\/ar_gaceta.jpg\" \/><\/p>\n<p><img decoding=\"async\" src=\"https:\/\/img.kiosko.net\/2025\/04\/04\/ar\/ar_cronica.jpg\" \/><\/p>\n<p><img decoding=\"async\" src=\"https:\/\/img.kiosko.net\/2025\/04\/04\/ar\/ar_clarin.jpg\" \/><\/p>\n<p><img decoding=\"async\" loading=\"lazy\" class=\"aligncenter size-full wp-image-691558\" src=\"https:\/\/www.diario5.com.ar\/wp-content\/uploads\/2025\/04\/nacion20250404.jpg\" width=\"699\" height=\"1060\" srcset=\"https:\/\/www.diario5.com.ar\/wp-content\/uploads\/2025\/04\/nacion20250404.jpg 699w, https:\/\/www.diario5.com.ar\/wp-content\/uploads\/2025\/04\/nacion20250404-198x300.jpg 198w, https:\/\/www.diario5.com.ar\/wp-content\/uploads\/2025\/04\/nacion20250404-675x1024.jpg 675w\" sizes=\"(max-width: 699px) 100vw, 699px\" \/><\/p>\n<p><img decoding=\"async\" src=\"https:\/\/img.kiosko.net\/2025\/04\/04\/ar\/ar_eco.jpg\" \/><\/p>\n<p><img decoding=\"async\" src=\"https:\/\/img.kiosko.net\/2025\/04\/04\/ar\/nuevo_diario.jpg\" \/><\/p>\n<p><img decoding=\"async\" src=\"https:\/\/img.kiosko.net\/2025\/04\/04\/ar\/sureno.jpg\" \/><\/p>\n<p><img decoding=\"async\" src=\"https:\/\/img.kiosko.net\/2025\/04\/04\/ar\/ar_duplicado.jpg\" \/><\/p>\n<p><img decoding=\"async\" src=\"https:\/\/img.kiosko.net\/2025\/04\/04\/ar\/tiempo_sur.jpg\" \/><\/p>\n<p><img decoding=\"async\" src=\"https:\/\/img.kiosko.net\/2025\/04\/04\/ar\/tiempo_argentino.jpg\" \/><\/p>\n<p><img decoding=\"async\" src=\"https:\/\/img.kiosko.net\/2025\/04\/04\/ar\/ar_epoca.jpg\" \/><\/p>\n<p><img decoding=\"async\" src=\"https:\/\/img.kiosko.net\/2025\/04\/04\/ar\/ar_elsol.jpg\" \/><\/p>\n<p><img decoding=\"async\" loading=\"lazy\" class=\"aligncenter size-full wp-image-691559\" src=\"https:\/\/www.diario5.com.ar\/wp-content\/uploads\/2025\/04\/ar_ancasti20250404.jpg\" width=\"700\" height=\"949\" srcset=\"https:\/\/www.diario5.com.ar\/wp-content\/uploads\/2025\/04\/ar_ancasti20250404.jpg 700w, https:\/\/www.diario5.com.ar\/wp-content\/uploads\/2025\/04\/ar_ancasti20250404-221x300.jpg 221w\" sizes=\"(max-width: 700px) 100vw, 700px\" \/><\/p>\n<p><img decoding=\"async\" loading=\"lazy\" class=\"aligncenter size-full wp-image-691560\" src=\"https:\/\/www.diario5.com.ar\/wp-content\/uploads\/2025\/04\/ar_rio_negro20250404.jpg\" width=\"700\" height=\"953\" srcset=\"https:\/\/www.diario5.com.ar\/wp-content\/uploads\/2025\/04\/ar_rio_negro20250404.jpg 700w, https:\/\/www.diario5.com.ar\/wp-content\/uploads\/2025\/04\/ar_rio_negro20250404-220x300.jpg 220w\" sizes=\"(max-width: 700px) 100vw, 700px\" \/><\/p>\n<p><img decoding=\"async\" src=\"https:\/\/img.kiosko.net\/2025\/04\/04\/ar\/ar_03.jpg\" \/><\/p>\n<p><img decoding=\"async\" src=\"https:\/\/img.kiosko.net\/2025\/04\/04\/ar\/ar_04.jpg\" \/><\/p>\n<p><img decoding=\"async\" src=\"https:\/\/img.kiosko.net\/2025\/04\/04\/ar\/ar_05.jpg\" \/><\/p>\n<p>&nbsp;<\/p>","protected":false},"excerpt":{"rendered":"<p>Los \u00abestelares\u00bb: Lospennato, Marra, Adorni, Santoro, Rodr\u00edguez Larreta y Oliveto Las elecciones legislativas del 18 de mayo en la Ciudad Aut\u00f3noma de Buenos Aires dibujan un escenario fragmentado y en plena reconfiguraci\u00f3n. Se renovar\u00e1n 30 bancas en la Legislatura porte\u00f1a y la oferta de listas es m\u00e1s diversa de lo habitual, con candidaturas que reflejan [&hellip;]<\/p>","protected":false},"author":27,"featured_media":691551,"comment_status":"open","ping_status":"open","sticky":false,"template":"","format":"standard","meta":[],"categories":[3002,45,56],"tags":[474,2019,2839,430,1084,1040,1081,990,2879,2968,1285],"series":[],"_links":{"self":[{"href":"https:\/\/www.diario5.com.ar\/es\/wp-json\/wp\/v2\/posts\/677569"}],"collection":[{"href":"https:\/\/www.diario5.com.ar\/es\/wp-json\/wp\/v2\/posts"}],"about":[{"href":"https:\/\/www.diario5.com.ar\/es\/wp-json\/wp\/v2\/types\/post"}],"author":[{"embeddable":true,"href":"https:\/\/www.diario5.com.ar\/es\/wp-json\/wp\/v2\/users\/27"}],"replies":[{"embeddable":true,"href":"https:\/\/www.diario5.com.ar\/es\/wp-json\/wp\/v2\/comments?post=677569"}],"version-history":[{"count":3,"href":"https:\/\/www.diario5.com.ar\/es\/wp-json\/wp\/v2\/posts\/677569\/revisions"}],"predecessor-version":[{"id":691552,"href":"https:\/\/www.diario5.com.ar\/es\/wp-json\/wp\/v2\/posts\/677569\/revisions\/691552"}],"wp:featuredmedia":[{"embeddable":true,"href":"https:\/\/www.diario5.com.ar\/es\/wp-json\/wp\/v2\/media\/691551"}],"wp:attachment":[{"href":"https:\/\/www.diario5.com.ar\/es\/wp-json\/wp\/v2\/media?parent=677569"}],"wp:term":[{"taxonomy":"category","embeddable":true,"href":"https:\/\/www.diario5.com.ar\/es\/wp-json\/wp\/v2\/categories?post=677569"},{"taxonomy":"post_tag","embeddable":true,"href":"https:\/\/www.diario5.com.ar\/es\/wp-json\/wp\/v2\/tags?post=677569"},{"taxonomy":"series","embeddable":true,"href":"https:\/\/www.diario5.com.ar\/es\/wp-json\/wp\/v2\/series?post=677569"}],"curies":[{"name":"wp","href":"https:\/\/api.w.org\/{rel}","templated":true}]}}