{"id":677556,"date":"2025-03-22T06:11:00","date_gmt":"2025-03-22T09:11:00","guid":{"rendered":"http:\/\/diario5.com.ar\/?p=677556"},"modified":"2025-03-22T06:14:00","modified_gmt":"2025-03-22T09:14:00","slug":"677556","status":"publish","type":"post","link":"https:\/\/www.diario5.com.ar\/es\/677556\/","title":{"rendered":"La oferta"},"content":{"rendered":"<h2 class=\"sub-title-primary\"><\/h2> <p><img decoding=\"async\" loading=\"lazy\" class=\"aligncenter size-full wp-image-691368\" src=\"https:\/\/www.diario5.com.ar\/wp-content\/uploads\/2025\/03\/Feria-de-mataderos20250322-1.jpeg\" width=\"700\" height=\"634\" srcset=\"https:\/\/www.diario5.com.ar\/wp-content\/uploads\/2025\/03\/Feria-de-mataderos20250322-1.jpeg 700w, https:\/\/www.diario5.com.ar\/wp-content\/uploads\/2025\/03\/Feria-de-mataderos20250322-1-300x272.jpeg 300w\" sizes=\"(max-width: 700px) 100vw, 700px\" \/><\/p>\n<p>Este fin de semana largo en la Ciudad de Buenos Aires, diversas actividades culturales y recreativas estar\u00e1n disponibles para el p\u00fablico, abarcando m\u00fasica, teatro, gastronom\u00eda y arte.<\/p>\n<p>La Orquesta Filarm\u00f3nica de Buenos Aires realizar\u00e1 un concierto gratuito este s\u00e1bado a las 20 en la Usina del Arte, bajo la direcci\u00f3n de Ezequiel Silberstein, con un programa que incluye obras de Mozart y Beethoven. Las entradas se podr\u00e1n retirar el viernes en la boleter\u00eda del Teatro Col\u00f3n y el mismo d\u00eda del evento en la Usina, hasta agotar capacidad.<\/p>\n<p>Por otra parte, la Orquesta del Tango ofrecer\u00e1 un concierto al aire libre el s\u00e1bado a las 20 en el Anfiteatro del Parque Centenario. El ingreso ser\u00e1 por orden de llegada y estar\u00e1 sujeto al espacio disponible.<\/p>\n<p>Entre las opciones art\u00edsticas, la Usina del Arte exhibir\u00e1 una colecci\u00f3n de 100 vestidos y trajes emblem\u00e1ticos de \u00c1gatha Ruiz de la Prada, celebrando cuarenta a\u00f1os de su trayectoria. La muestra estar\u00e1 abierta de martes a s\u00e1bados de 14 a 20 y los domingos desde las 11, con entrada gratuita.<\/p>\n<p>El domingo marcar\u00e1 el regreso de la Feria de Mataderos, donde se podr\u00e1n disfrutar comidas tradicionales, artesan\u00edas y espect\u00e1culos folkl\u00f3ricos. El evento se llevar\u00e1 a cabo de 11 a 19 en la intersecci\u00f3n de las avenidas Lisandro de la Torre y de los Corrales. En caso de lluvia, se suspender\u00e1.<\/p>\n<p>El Cine Teatro El Plata presentar\u00e1 \u00abLas mujeres de Lorca\u00bb, una obra de teatro musical con Ana Mar\u00eda Cores, los s\u00e1bados y domingos a las 17. Las localidades est\u00e1n disponibles en la p\u00e1gina oficial del Complejo Teatral de Buenos Aires.<\/p>\n<p>En el marco del Festival de Poes\u00eda de Boedo, este s\u00e1bado y domingo se realizar\u00e1n actividades como ferias de editores, mesas de debate y lecturas. El evento se desarrollar\u00e1 entre las 14 y las 19 en el Espacio Cultural Juli\u00e1n Centeya, con entrada libre y gratuita.<\/p>\n<p>El Tranv\u00eda Hist\u00f3rico de Caballito ofrecer\u00e1 recorridos gratuitos en un vag\u00f3n restaurado, que saldr\u00e1 los s\u00e1bados de 16 a 19 y los domingos tanto por la ma\u00f1ana como por la tarde. Los paseos partir\u00e1n desde la esquina de Emilio Mitre y Jos\u00e9 Bonifacio.<\/p>\n<p>Para los amantes de la gastronom\u00eda, el Festival CARNE! se instalar\u00e1 en el Hip\u00f3dromo de Palermo, con 35 puestos de comida que incluyen parrillas, asado, empanadas, cocina al disco, entre otros. La propuesta se extender\u00e1 el s\u00e1bado y domingo de 12 a 24, con acceso libre.<\/p>\n<p>Finalmente, el Centro Cultural Recoleta presentar\u00e1 este viernes un espect\u00e1culo de Mora Robirosa y D\u00e1ndara, fusionando R&amp;B, jazz y m\u00fasica urbana. La actividad comenzar\u00e1 a las 19.30 en la terraza del espacio cultural, con entrada gratuita.<\/p>\n<p><!--googleoff: index--><br \/>\n<!--googleon: index--><br \/>\n<img decoding=\"async\" loading=\"lazy\" class=\"aligncenter size-full wp-image-691376\" src=\"https:\/\/www.diario5.com.ar\/wp-content\/uploads\/2025\/03\/ar_capital_rosario20250322.jpg\" width=\"700\" height=\"932\" srcset=\"https:\/\/www.diario5.com.ar\/wp-content\/uploads\/2025\/03\/ar_capital_rosario20250322.jpg 700w, https:\/\/www.diario5.com.ar\/wp-content\/uploads\/2025\/03\/ar_capital_rosario20250322-225x300.jpg 225w\" sizes=\"(max-width: 700px) 100vw, 700px\" \/><\/p>\n<p><img decoding=\"async\" src=\"https:\/\/img.kiosko.net\/2025\/03\/22\/ar\/ar_nueva_provincia.jpg\" \/><\/p>\n<p><img decoding=\"async\" src=\"https:\/\/img.kiosko.net\/2025\/03\/22\/ar\/ar_duplicado.jpg\" \/><\/p>\n<p><img decoding=\"async\" loading=\"lazy\" class=\"aligncenter size-full wp-image-691377\" src=\"https:\/\/www.diario5.com.ar\/wp-content\/uploads\/2025\/03\/esquiu20250322.jpg\" width=\"700\" height=\"920\" srcset=\"https:\/\/www.diario5.com.ar\/wp-content\/uploads\/2025\/03\/esquiu20250322.jpg 700w, https:\/\/www.diario5.com.ar\/wp-content\/uploads\/2025\/03\/esquiu20250322-228x300.jpg 228w\" sizes=\"(max-width: 700px) 100vw, 700px\" \/><\/p>\n<p><img decoding=\"async\" src=\"https:\/\/img.kiosko.net\/2025\/03\/22\/ar\/ar_diario_norte.jpg\" \/><\/p>\n<p><img decoding=\"async\" loading=\"lazy\" class=\"aligncenter size-full wp-image-691378\" src=\"https:\/\/www.diario5.com.ar\/wp-content\/uploads\/2025\/03\/voz_chaco20250322.jpg\" width=\"700\" height=\"816\" srcset=\"https:\/\/www.diario5.com.ar\/wp-content\/uploads\/2025\/03\/voz_chaco20250322.jpg 700w, https:\/\/www.diario5.com.ar\/wp-content\/uploads\/2025\/03\/voz_chaco20250322-257x300.jpg 257w\" sizes=\"(max-width: 700px) 100vw, 700px\" \/><\/p>\n<p><img decoding=\"async\" src=\"https:\/\/img.kiosko.net\/2025\/03\/22\/ar\/ar_diario_madryn.jpg\" \/><\/p>\n<p><img decoding=\"async\" src=\"https:\/\/img.kiosko.net\/2025\/03\/22\/ar\/ar_laprensa.jpg\" \/><\/p>\n<p><img decoding=\"async\" src=\"https:\/\/img.kiosko.net\/2025\/03\/22\/ar\/ar_cronista.jpg\" \/><\/p>\n<p><img decoding=\"async\" src=\"https:\/\/img.kiosko.net\/2025\/03\/22\/ar\/buenosaires_economico.jpg\" \/><\/p>\n<p><img decoding=\"async\" src=\"https:\/\/img.kiosko.net\/2025\/03\/22\/ar\/ar_perfil.jpg\" \/><\/p>\n<p><img decoding=\"async\" loading=\"lazy\" class=\"aligncenter size-full wp-image-691379\" src=\"https:\/\/www.diario5.com.ar\/wp-content\/uploads\/2025\/03\/ar_eldia20250322.jpg\" width=\"700\" height=\"1005\" srcset=\"https:\/\/www.diario5.com.ar\/wp-content\/uploads\/2025\/03\/ar_eldia20250322.jpg 700w, https:\/\/www.diario5.com.ar\/wp-content\/uploads\/2025\/03\/ar_eldia20250322-209x300.jpg 209w\" sizes=\"(max-width: 700px) 100vw, 700px\" \/><\/p>\n<p><img decoding=\"async\" src=\"https:\/\/img.kiosko.net\/2025\/03\/22\/ar\/ar_hoy.jpg\" \/><\/p>\n<p><img decoding=\"async\" src=\"https:\/\/img.kiosko.net\/2025\/03\/22\/ar\/ar_democracia.jpg\" \/><\/p>\n<p><img decoding=\"async\" loading=\"lazy\" class=\"aligncenter size-full wp-image-691380\" src=\"https:\/\/www.diario5.com.ar\/wp-content\/uploads\/2025\/03\/ar_chubut20250322.jpg\" width=\"700\" height=\"896\" srcset=\"https:\/\/www.diario5.com.ar\/wp-content\/uploads\/2025\/03\/ar_chubut20250322.jpg 700w, https:\/\/www.diario5.com.ar\/wp-content\/uploads\/2025\/03\/ar_chubut20250322-234x300.jpg 234w\" sizes=\"(max-width: 700px) 100vw, 700px\" \/><\/p>\n<p><img decoding=\"async\" src=\"https:\/\/img.kiosko.net\/2025\/03\/22\/ar\/ar_epoca.jpg\" \/><\/p>\n<p><img decoding=\"async\" src=\"https:\/\/img.kiosko.net\/2025\/03\/22\/ar\/ar_litoral.jpg\" \/><\/p>\n<p><img decoding=\"async\" src=\"https:\/\/img.kiosko.net\/2025\/03\/22\/ar\/ar_heraldo.jpg\" \/><\/p>\n<p><img decoding=\"async\" src=\"https:\/\/img.kiosko.net\/2025\/03\/22\/ar\/ar_manana_formosa.jpg\" \/><\/p>\n<p><img decoding=\"async\" src=\"https:\/\/img.kiosko.net\/2025\/03\/22\/ar\/ar_diario_pampa.jpg\" \/><\/p>\n<p><img decoding=\"async\" src=\"https:\/\/img.kiosko.net\/2025\/03\/22\/ar\/ar_pagina12.jpg\" \/><\/p>\n<p><img decoding=\"async\" src=\"https:\/\/img.kiosko.net\/2025\/03\/22\/ar\/ar_arena.jpg\" \/><\/p>\n<p><img decoding=\"async\" src=\"https:\/\/img.kiosko.net\/2025\/03\/22\/ar\/independiente.jpg\" \/><\/p>\n<p><img decoding=\"async\" src=\"https:\/\/img.kiosko.net\/2025\/03\/22\/ar\/nueva_rioja.jpg\" \/><\/p>\n<p><img decoding=\"async\" src=\"https:\/\/img.kiosko.net\/2025\/03\/22\/ar\/ar_losandes.jpg\" \/><\/p>\n<p><img decoding=\"async\" src=\"https:\/\/img.kiosko.net\/2025\/03\/22\/ar\/ar_tribuno.jpg\" \/><\/p>\n<p><img decoding=\"async\" src=\"https:\/\/img.kiosko.net\/2025\/03\/22\/ar\/lea.jpg\" \/><\/p>\n<p><img decoding=\"async\" src=\"https:\/\/img.kiosko.net\/2025\/03\/22\/ar\/ar_nuevo_diario.jpg\" \/><\/p>\n<p><img decoding=\"async\" src=\"https:\/\/img.kiosko.net\/2025\/03\/22\/ar\/ar_diario_cuyo.jpg\" \/><\/p>\n<p><img decoding=\"async\" src=\"https:\/\/img.kiosko.net\/2025\/03\/22\/ar\/huarpe.jpg\" \/><\/p>\n<p><img decoding=\"async\" src=\"https:\/\/img.kiosko.net\/2025\/03\/22\/ar\/ar_diario_republica.jpg\" \/><\/p>\n<p><img decoding=\"async\" src=\"https:\/\/img.kiosko.net\/2025\/03\/22\/ar\/ar_litoral_sfe.jpg\" \/><\/p>\n<p><img decoding=\"async\" src=\"https:\/\/img.kiosko.net\/2025\/03\/22\/ar\/ciudadano.jpg\" \/><\/p>\n<p><img decoding=\"async\" src=\"https:\/\/img.kiosko.net\/2025\/03\/22\/ar\/ar_mirador_provincial.jpg\" \/><\/p>\n<p><img decoding=\"async\" src=\"https:\/\/img.kiosko.net\/2025\/03\/22\/ar\/ar_gaceta.jpg\" \/><\/p>\n<p><img decoding=\"async\" src=\"https:\/\/img.kiosko.net\/2025\/03\/22\/ar\/ar_cronica.jpg\" \/><\/p>\n<p><img decoding=\"async\" loading=\"lazy\" class=\"aligncenter size-full wp-image-691381\" src=\"https:\/\/www.diario5.com.ar\/wp-content\/uploads\/2025\/03\/ar_clarin20250322.jpg\" width=\"700\" height=\"977\" srcset=\"https:\/\/www.diario5.com.ar\/wp-content\/uploads\/2025\/03\/ar_clarin20250322.jpg 700w, https:\/\/www.diario5.com.ar\/wp-content\/uploads\/2025\/03\/ar_clarin20250322-215x300.jpg 215w\" sizes=\"(max-width: 700px) 100vw, 700px\" \/><\/p>\n<p><img decoding=\"async\" src=\"https:\/\/img.kiosko.net\/2025\/03\/22\/ar\/nacion.jpg\" \/><\/p>\n<p><img decoding=\"async\" src=\"https:\/\/img.kiosko.net\/2025\/03\/22\/ar\/ar_eco.jpg\" \/><\/p>\n<p><img decoding=\"async\" src=\"https:\/\/img.kiosko.net\/2025\/03\/22\/ar\/nuevo_diario.jpg\" \/><\/p>\n<p><img decoding=\"async\" src=\"https:\/\/img.kiosko.net\/2025\/03\/22\/ar\/sureno.jpg\" \/><\/p>\n<p><img decoding=\"async\" src=\"https:\/\/img.kiosko.net\/2025\/03\/22\/ar\/ar_duplicado.jpg\" \/><\/p>\n<p><img decoding=\"async\" src=\"https:\/\/img.kiosko.net\/2025\/03\/22\/ar\/tiempo_sur.jpg\" \/><\/p>\n<p><img decoding=\"async\" src=\"https:\/\/img.kiosko.net\/2025\/03\/22\/ar\/tiempo_argentino.jpg\" \/><\/p>\n<p><img decoding=\"async\" src=\"https:\/\/img.kiosko.net\/2025\/03\/22\/ar\/ar_epoca.jpg\" \/><\/p>\n<p><img decoding=\"async\" src=\"https:\/\/img.kiosko.net\/2025\/03\/22\/ar\/ar_elsol.jpg\" \/><\/p>\n<p><img decoding=\"async\" loading=\"lazy\" class=\"aligncenter size-full wp-image-691382\" src=\"https:\/\/www.diario5.com.ar\/wp-content\/uploads\/2025\/03\/ar_ancasti20250322.jpg\" width=\"700\" height=\"949\" srcset=\"https:\/\/www.diario5.com.ar\/wp-content\/uploads\/2025\/03\/ar_ancasti20250322.jpg 700w, https:\/\/www.diario5.com.ar\/wp-content\/uploads\/2025\/03\/ar_ancasti20250322-221x300.jpg 221w\" sizes=\"(max-width: 700px) 100vw, 700px\" \/><\/p>\n<p><img decoding=\"async\" loading=\"lazy\" class=\"aligncenter size-full wp-image-691383\" src=\"https:\/\/www.diario5.com.ar\/wp-content\/uploads\/2025\/03\/ar_rio_negro20250322.jpg\" width=\"700\" height=\"950\" srcset=\"https:\/\/www.diario5.com.ar\/wp-content\/uploads\/2025\/03\/ar_rio_negro20250322.jpg 700w, https:\/\/www.diario5.com.ar\/wp-content\/uploads\/2025\/03\/ar_rio_negro20250322-221x300.jpg 221w\" sizes=\"(max-width: 700px) 100vw, 700px\" \/><\/p>\n<p><img decoding=\"async\" src=\"https:\/\/img.kiosko.net\/2025\/03\/22\/ar\/ar_03.jpg\" \/><\/p>\n<p><img decoding=\"async\" src=\"https:\/\/img.kiosko.net\/2025\/03\/22\/ar\/ar_04.jpg\" \/><\/p>\n<p><img decoding=\"async\" src=\"https:\/\/img.kiosko.net\/2025\/03\/22\/ar\/ar_05.jpg\" \/><\/p>\n<p>&nbsp;<\/p>","protected":false},"excerpt":{"rendered":"<p>Este fin de semana largo en la Ciudad de Buenos Aires, diversas actividades culturales y recreativas estar\u00e1n disponibles para el p\u00fablico, abarcando m\u00fasica, teatro, gastronom\u00eda y arte. La Orquesta Filarm\u00f3nica de Buenos Aires realizar\u00e1 un concierto gratuito este s\u00e1bado a las 20 en la Usina del Arte, bajo la direcci\u00f3n de Ezequiel Silberstein, con un [&hellip;]<\/p>","protected":false},"author":1,"featured_media":691368,"comment_status":"open","ping_status":"open","sticky":false,"template":"","format":"standard","meta":[],"categories":[240,5,904,10,56],"tags":[2765,1777,959,474,2708,630,2043,1776,2244,1774,1362,1869,2426,1859,547],"series":[],"_links":{"self":[{"href":"https:\/\/www.diario5.com.ar\/es\/wp-json\/wp\/v2\/posts\/677556"}],"collection":[{"href":"https:\/\/www.diario5.com.ar\/es\/wp-json\/wp\/v2\/posts"}],"about":[{"href":"https:\/\/www.diario5.com.ar\/es\/wp-json\/wp\/v2\/types\/post"}],"author":[{"embeddable":true,"href":"https:\/\/www.diario5.com.ar\/es\/wp-json\/wp\/v2\/users\/1"}],"replies":[{"embeddable":true,"href":"https:\/\/www.diario5.com.ar\/es\/wp-json\/wp\/v2\/comments?post=677556"}],"version-history":[{"count":6,"href":"https:\/\/www.diario5.com.ar\/es\/wp-json\/wp\/v2\/posts\/677556\/revisions"}],"predecessor-version":[{"id":691375,"href":"https:\/\/www.diario5.com.ar\/es\/wp-json\/wp\/v2\/posts\/677556\/revisions\/691375"}],"wp:featuredmedia":[{"embeddable":true,"href":"https:\/\/www.diario5.com.ar\/es\/wp-json\/wp\/v2\/media\/691368"}],"wp:attachment":[{"href":"https:\/\/www.diario5.com.ar\/es\/wp-json\/wp\/v2\/media?parent=677556"}],"wp:term":[{"taxonomy":"category","embeddable":true,"href":"https:\/\/www.diario5.com.ar\/es\/wp-json\/wp\/v2\/categories?post=677556"},{"taxonomy":"post_tag","embeddable":true,"href":"https:\/\/www.diario5.com.ar\/es\/wp-json\/wp\/v2\/tags?post=677556"},{"taxonomy":"series","embeddable":true,"href":"https:\/\/www.diario5.com.ar\/es\/wp-json\/wp\/v2\/series?post=677556"}],"curies":[{"name":"wp","href":"https:\/\/api.w.org\/{rel}","templated":true}]}}