{"id":677552,"date":"2025-03-18T06:11:00","date_gmt":"2025-03-18T09:11:00","guid":{"rendered":"http:\/\/diario5.com.ar\/?p=677552"},"modified":"2025-03-18T06:13:59","modified_gmt":"2025-03-18T09:13:59","slug":"677552","status":"publish","type":"post","link":"https:\/\/www.diario5.com.ar\/es\/677552\/","title":{"rendered":"Rol del Trabajo Social"},"content":{"rendered":"<h2 class=\"sub-title-primary\">Algunos puntos acerca del impacto que ejerce esta extraordinaria profesi\u00f3n en la construcci\u00f3n de una sociedad m\u00e1s justa<\/h2> <p data-pm-slice=\"1 1 []\"><img decoding=\"async\" src=\"https:\/\/www.diario5.com.ar\/imgtapas\/trabajo_social_01.jpg\" \/><\/p>\n<p>Cada tercer martes de marzo se celebra el <strong>D\u00eda Mundial del Trabajo Social<\/strong>, una fecha impulsada por la Federaci\u00f3n Internacional de Trabajadores Sociales (FITS) para destacar la importancia de esta disciplina en la promoci\u00f3n del bienestar y la justicia social en todo el mundo. En 2024, el lema elegido resalta la necesidad de fortalecer comunidades y garantizar derechos fundamentales en un contexto global marcado por desigualdades y crisis sociales.<\/p>\n<p>Los trabajadores sociales desempe\u00f1an un papel clave en la construcci\u00f3n de sociedades m\u00e1s equitativas. Su labor abarca desde la atenci\u00f3n a personas en situaci\u00f3n de vulnerabilidad hasta el dise\u00f1o de pol\u00edticas p\u00fablicas inclusivas. En hospitales, escuelas, organizaciones gubernamentales y no gubernamentales, su intervenci\u00f3n es fundamental para acompa\u00f1ar, contener y generar oportunidades para quienes enfrentan dificultades econ\u00f3micas, sociales o de salud.<\/p>\n<p>El D\u00eda Mundial del Trabajo Social no s\u00f3lo es una ocasi\u00f3n para reconocer el esfuerzo y la dedicaci\u00f3n de estos profesionales, sino tambi\u00e9n una oportunidad para reflexionar sobre la importancia de fortalecer pol\u00edticas p\u00fablicas que promuevan la equidad y la inclusi\u00f3n. La conmemoraci\u00f3n invita a gobiernos, instituciones y la sociedad en su conjunto a valorar el impacto del Trabajo Social y a sumarse al compromiso de construir comunidades m\u00e1s justas y solidarias.<\/p>\n<p><!--googleoff: index--><br \/>\n<!--googleon: index--><br \/>\n<img decoding=\"async\" loading=\"lazy\" class=\"aligncenter size-full wp-image-691319\" src=\"https:\/\/www.diario5.com.ar\/wp-content\/uploads\/2025\/03\/ar_capital_rosario20250318.jpg\" width=\"700\" height=\"935\" srcset=\"https:\/\/www.diario5.com.ar\/wp-content\/uploads\/2025\/03\/ar_capital_rosario20250318.jpg 700w, https:\/\/www.diario5.com.ar\/wp-content\/uploads\/2025\/03\/ar_capital_rosario20250318-225x300.jpg 225w\" sizes=\"(max-width: 700px) 100vw, 700px\" \/><\/p>\n<p><img decoding=\"async\" src=\"https:\/\/img.kiosko.net\/2025\/03\/18\/ar\/ar_nueva_provincia.jpg\" \/><\/p>\n<p><img decoding=\"async\" src=\"https:\/\/img.kiosko.net\/2025\/03\/18\/ar\/ar_duplicado.jpg\" \/><\/p>\n<p><img decoding=\"async\" loading=\"lazy\" class=\"aligncenter size-full wp-image-691320\" src=\"https:\/\/www.diario5.com.ar\/wp-content\/uploads\/2025\/03\/esquiu20250318.jpg\" width=\"700\" height=\"920\" srcset=\"https:\/\/www.diario5.com.ar\/wp-content\/uploads\/2025\/03\/esquiu20250318.jpg 700w, https:\/\/www.diario5.com.ar\/wp-content\/uploads\/2025\/03\/esquiu20250318-228x300.jpg 228w\" sizes=\"(max-width: 700px) 100vw, 700px\" \/><\/p>\n<p><img decoding=\"async\" src=\"https:\/\/img.kiosko.net\/2025\/03\/18\/ar\/ar_diario_norte.jpg\" \/><\/p>\n<p><img decoding=\"async\" loading=\"lazy\" class=\"aligncenter size-full wp-image-691321\" src=\"https:\/\/www.diario5.com.ar\/wp-content\/uploads\/2025\/03\/voz_chaco20250318.jpg\" width=\"700\" height=\"864\" srcset=\"https:\/\/www.diario5.com.ar\/wp-content\/uploads\/2025\/03\/voz_chaco20250318.jpg 700w, https:\/\/www.diario5.com.ar\/wp-content\/uploads\/2025\/03\/voz_chaco20250318-243x300.jpg 243w\" sizes=\"(max-width: 700px) 100vw, 700px\" \/><\/p>\n<p><img decoding=\"async\" src=\"https:\/\/img.kiosko.net\/2025\/03\/18\/ar\/ar_diario_madryn.jpg\" \/><\/p>\n<p><img decoding=\"async\" src=\"https:\/\/img.kiosko.net\/2025\/03\/18\/ar\/ar_laprensa.jpg\" \/><\/p>\n<p><img decoding=\"async\" src=\"https:\/\/img.kiosko.net\/2025\/03\/18\/ar\/ar_cronista.jpg\" \/><\/p>\n<p><img decoding=\"async\" src=\"https:\/\/img.kiosko.net\/2025\/03\/18\/ar\/buenosaires_economico.jpg\" \/><\/p>\n<p><img decoding=\"async\" src=\"https:\/\/img.kiosko.net\/2025\/03\/18\/ar\/ar_perfil.jpg\" \/><\/p>\n<p><img decoding=\"async\" src=\"https:\/\/img.kiosko.net\/2025\/03\/18\/ar\/ar_eldia.jpg\" \/><\/p>\n<p><img decoding=\"async\" src=\"https:\/\/img.kiosko.net\/2025\/03\/18\/ar\/ar_hoy.jpg\" \/><\/p>\n<p><img decoding=\"async\" src=\"https:\/\/img.kiosko.net\/2025\/03\/18\/ar\/ar_democracia.jpg\" \/><\/p>\n<p><img decoding=\"async\" loading=\"lazy\" class=\"aligncenter size-full wp-image-691322\" src=\"https:\/\/www.diario5.com.ar\/wp-content\/uploads\/2025\/03\/ar_chubut20250318.jpg\" width=\"700\" height=\"896\" srcset=\"https:\/\/www.diario5.com.ar\/wp-content\/uploads\/2025\/03\/ar_chubut20250318.jpg 700w, https:\/\/www.diario5.com.ar\/wp-content\/uploads\/2025\/03\/ar_chubut20250318-234x300.jpg 234w\" sizes=\"(max-width: 700px) 100vw, 700px\" \/><\/p>\n<p><img decoding=\"async\" src=\"https:\/\/img.kiosko.net\/2025\/03\/18\/ar\/ar_epoca.jpg\" \/><\/p>\n<p><img decoding=\"async\" src=\"https:\/\/img.kiosko.net\/2025\/03\/18\/ar\/ar_litoral.jpg\" \/><\/p>\n<p><img decoding=\"async\" src=\"https:\/\/img.kiosko.net\/2025\/03\/18\/ar\/ar_heraldo.jpg\" \/><\/p>\n<p><img decoding=\"async\" src=\"https:\/\/img.kiosko.net\/2025\/03\/18\/ar\/ar_manana_formosa.jpg\" \/><\/p>\n<p><img decoding=\"async\" src=\"https:\/\/img.kiosko.net\/2025\/03\/18\/ar\/ar_diario_pampa.jpg\" \/><\/p>\n<p><img decoding=\"async\" src=\"https:\/\/img.kiosko.net\/2025\/03\/18\/ar\/ar_pagina12.jpg\" \/><\/p>\n<p><img decoding=\"async\" src=\"https:\/\/img.kiosko.net\/2025\/03\/18\/ar\/ar_arena.jpg\" \/><\/p>\n<p><img decoding=\"async\" src=\"https:\/\/img.kiosko.net\/2025\/03\/18\/ar\/independiente.jpg\" \/><\/p>\n<p><img decoding=\"async\" src=\"https:\/\/img.kiosko.net\/2025\/03\/18\/ar\/nueva_rioja.jpg\" \/><\/p>\n<p><img decoding=\"async\" src=\"https:\/\/img.kiosko.net\/2025\/03\/18\/ar\/ar_losandes.jpg\" \/><\/p>\n<p><img decoding=\"async\" src=\"https:\/\/img.kiosko.net\/2025\/03\/18\/ar\/ar_tribuno.jpg\" \/><\/p>\n<p><img decoding=\"async\" src=\"https:\/\/img.kiosko.net\/2025\/03\/18\/ar\/lea.jpg\" \/><\/p>\n<p><img decoding=\"async\" src=\"https:\/\/img.kiosko.net\/2025\/03\/18\/ar\/ar_nuevo_diario.jpg\" \/><\/p>\n<p><img decoding=\"async\" src=\"https:\/\/img.kiosko.net\/2025\/03\/18\/ar\/ar_diario_cuyo.jpg\" \/><\/p>\n<p><img decoding=\"async\" src=\"https:\/\/img.kiosko.net\/2025\/03\/18\/ar\/huarpe.jpg\" \/><\/p>\n<p><img decoding=\"async\" src=\"https:\/\/img.kiosko.net\/2025\/03\/18\/ar\/ar_diario_republica.jpg\" \/><\/p>\n<p><img decoding=\"async\" src=\"https:\/\/img.kiosko.net\/2025\/03\/18\/ar\/ar_litoral_sfe.jpg\" \/><\/p>\n<p><img decoding=\"async\" src=\"https:\/\/img.kiosko.net\/2025\/03\/18\/ar\/ciudadano.jpg\" \/><\/p>\n<p><img decoding=\"async\" src=\"https:\/\/img.kiosko.net\/2025\/03\/18\/ar\/ar_mirador_provincial.jpg\" \/><\/p>\n<p><img decoding=\"async\" src=\"https:\/\/img.kiosko.net\/2025\/03\/18\/ar\/ar_gaceta.jpg\" \/><\/p>\n<p><img decoding=\"async\" src=\"https:\/\/img.kiosko.net\/2025\/03\/18\/ar\/ar_cronica.jpg\" \/><\/p>\n<p><img decoding=\"async\" loading=\"lazy\" class=\"aligncenter size-full wp-image-691323\" src=\"https:\/\/www.diario5.com.ar\/wp-content\/uploads\/2025\/03\/ar_clarin20250318.jpg\" width=\"700\" height=\"977\" srcset=\"https:\/\/www.diario5.com.ar\/wp-content\/uploads\/2025\/03\/ar_clarin20250318.jpg 700w, https:\/\/www.diario5.com.ar\/wp-content\/uploads\/2025\/03\/ar_clarin20250318-215x300.jpg 215w\" sizes=\"(max-width: 700px) 100vw, 700px\" \/><\/p>\n<p><img decoding=\"async\" src=\"https:\/\/img.kiosko.net\/2025\/03\/18\/ar\/nacion.jpg\" \/><\/p>\n<p><img decoding=\"async\" src=\"https:\/\/img.kiosko.net\/2025\/03\/18\/ar\/ar_eco.jpg\" \/><\/p>\n<p><img decoding=\"async\" src=\"https:\/\/img.kiosko.net\/2025\/03\/18\/ar\/nuevo_diario.jpg\" \/><\/p>\n<p><img decoding=\"async\" src=\"https:\/\/img.kiosko.net\/2025\/03\/18\/ar\/sureno.jpg\" \/><\/p>\n<p><img decoding=\"async\" src=\"https:\/\/img.kiosko.net\/2025\/03\/18\/ar\/ar_duplicado.jpg\" \/><\/p>\n<p><img decoding=\"async\" src=\"https:\/\/img.kiosko.net\/2025\/03\/18\/ar\/tiempo_sur.jpg\" \/><\/p>\n<p><img decoding=\"async\" src=\"https:\/\/img.kiosko.net\/2025\/03\/18\/ar\/tiempo_argentino.jpg\" \/><\/p>\n<p><img decoding=\"async\" src=\"https:\/\/img.kiosko.net\/2025\/03\/18\/ar\/ar_epoca.jpg\" \/><\/p>\n<p><img decoding=\"async\" src=\"https:\/\/img.kiosko.net\/2025\/03\/18\/ar\/ar_elsol.jpg\" \/><\/p>\n<p><img decoding=\"async\" loading=\"lazy\" class=\"aligncenter size-full wp-image-691324\" src=\"https:\/\/www.diario5.com.ar\/wp-content\/uploads\/2025\/03\/ar_ancasti20250318.jpg\" width=\"700\" height=\"949\" srcset=\"https:\/\/www.diario5.com.ar\/wp-content\/uploads\/2025\/03\/ar_ancasti20250318.jpg 700w, https:\/\/www.diario5.com.ar\/wp-content\/uploads\/2025\/03\/ar_ancasti20250318-221x300.jpg 221w\" sizes=\"(max-width: 700px) 100vw, 700px\" \/><\/p>\n<p><img decoding=\"async\" loading=\"lazy\" class=\"aligncenter size-full wp-image-691325\" src=\"https:\/\/www.diario5.com.ar\/wp-content\/uploads\/2025\/03\/ar_rio_negro20250318.jpg\" width=\"700\" height=\"959\" srcset=\"https:\/\/www.diario5.com.ar\/wp-content\/uploads\/2025\/03\/ar_rio_negro20250318.jpg 700w, https:\/\/www.diario5.com.ar\/wp-content\/uploads\/2025\/03\/ar_rio_negro20250318-219x300.jpg 219w\" sizes=\"(max-width: 700px) 100vw, 700px\" \/><\/p>\n<p><img decoding=\"async\" src=\"https:\/\/img.kiosko.net\/2025\/03\/18\/ar\/ar_03.jpg\" \/><\/p>\n<p><img decoding=\"async\" src=\"https:\/\/img.kiosko.net\/2025\/03\/18\/ar\/ar_04.jpg\" \/><\/p>\n<p><img decoding=\"async\" src=\"https:\/\/img.kiosko.net\/2025\/03\/18\/ar\/ar_05.jpg\" \/><\/p>\n<p>&nbsp;<\/p>","protected":false},"excerpt":{"rendered":"<p>Algunos puntos acerca del impacto que ejerce esta extraordinaria profesi\u00f3n en la construcci\u00f3n de una sociedad m\u00e1s justa Cada tercer martes de marzo se celebra el D\u00eda Mundial del Trabajo Social, una fecha impulsada por la Federaci\u00f3n Internacional de Trabajadores Sociales (FITS) para destacar la importancia de esta disciplina en la promoci\u00f3n del bienestar y [&hellip;]<\/p>","protected":false},"author":27,"featured_media":691318,"comment_status":"open","ping_status":"open","sticky":false,"template":"","format":"standard","meta":[],"categories":[52,48,56],"tags":[1160,668,2114,803,2774,1685],"series":[],"_links":{"self":[{"href":"https:\/\/www.diario5.com.ar\/es\/wp-json\/wp\/v2\/posts\/677552"}],"collection":[{"href":"https:\/\/www.diario5.com.ar\/es\/wp-json\/wp\/v2\/posts"}],"about":[{"href":"https:\/\/www.diario5.com.ar\/es\/wp-json\/wp\/v2\/types\/post"}],"author":[{"embeddable":true,"href":"https:\/\/www.diario5.com.ar\/es\/wp-json\/wp\/v2\/users\/27"}],"replies":[{"embeddable":true,"href":"https:\/\/www.diario5.com.ar\/es\/wp-json\/wp\/v2\/comments?post=677552"}],"version-history":[{"count":2,"href":"https:\/\/www.diario5.com.ar\/es\/wp-json\/wp\/v2\/posts\/677552\/revisions"}],"predecessor-version":[{"id":691317,"href":"https:\/\/www.diario5.com.ar\/es\/wp-json\/wp\/v2\/posts\/677552\/revisions\/691317"}],"wp:featuredmedia":[{"embeddable":true,"href":"https:\/\/www.diario5.com.ar\/es\/wp-json\/wp\/v2\/media\/691318"}],"wp:attachment":[{"href":"https:\/\/www.diario5.com.ar\/es\/wp-json\/wp\/v2\/media?parent=677552"}],"wp:term":[{"taxonomy":"category","embeddable":true,"href":"https:\/\/www.diario5.com.ar\/es\/wp-json\/wp\/v2\/categories?post=677552"},{"taxonomy":"post_tag","embeddable":true,"href":"https:\/\/www.diario5.com.ar\/es\/wp-json\/wp\/v2\/tags?post=677552"},{"taxonomy":"series","embeddable":true,"href":"https:\/\/www.diario5.com.ar\/es\/wp-json\/wp\/v2\/series?post=677552"}],"curies":[{"name":"wp","href":"https:\/\/api.w.org\/{rel}","templated":true}]}}