{"id":677542,"date":"2025-03-08T06:11:00","date_gmt":"2025-03-08T09:11:00","guid":{"rendered":"http:\/\/diario5.com.ar\/?p=677542"},"modified":"2025-03-09T18:50:58","modified_gmt":"2025-03-09T21:50:58","slug":"677542","status":"publish","type":"post","link":"https:\/\/www.diario5.com.ar\/es\/677542\/","title":{"rendered":"Asuntos pendientes para la mujer"},"content":{"rendered":"<h2 class=\"sub-title-primary\">Especialmente, en Occidente. <\/h2> <figure style=\"width: 1875px\" class=\"wp-caption alignnone\"><img decoding=\"async\" loading=\"lazy\" src=\"https:\/\/www.diario5.com.ar\/imgtapas\/mujeres_ccambio_climatico.jpg\" alt=\"\" width=\"1875\" height=\"1093\" \/><figcaption class=\"wp-caption-text\">FOTO: Reuters. Mujeres pioneras en el clima 2024. Fila superior desde la izquierda: Catherine Atkin, Claire Lund, Damilola Ogunbiyi, Rachel Kyte, Dra. Friederike Otto. Segunda fila desde la izquierda: Dra. Edda Aradottir, Halla Tomasdottir, Heather Buchanan, Kate Brandt, Dra. Kat Bruce. Tercera fila desde la izquierda: Kathy Baughman Mcleod, Dra. Komiko Harata, Laura Clarke, Dra. Maria..<\/figcaption><\/figure>\n<p>El D\u00eda Internacional de la Mujer es, efectivamente, celebrado en la mayor\u00eda de los pa\u00edses del mundo. En occidente, seguimos debatiendo sobre los logros alcanzados en materia de igualdad de g\u00e9nero y sobre las deudas que las sociedades supuestamente \u00abmodernas\u00bb a\u00fan no pudieron resolver<\/p>\n<p>Y atenci\u00f3n con la incompletud de las simbolog\u00edas. No se cumple en todo el mundo esta conmemoraci\u00f3n. O, al menos, no tiene lugar en la misma fecha. Menos a\u00fan con el mismo enfoque.<\/p>\n<p>Hagamos foco en algunos pa\u00edses \u00e1rabes: En Ir\u00e1n, Arabia Saudita o Afganist\u00e1n, las restricciones religiosas y pol\u00edticas hacen a\u00f1icos la celebraci\u00f3n de esta jornada. Y algunos \u00abaflojan\u00bb, como T\u00fanez o Vietnam, donde los actos por la fecha\u00a0 son livianos y cargados de matices culturales propios. Podr\u00eda decirse que son m\u00e1s bien \u00abde compromiso\u00bb<\/p>\n<p>Los avances reales que transformaron la vida femenina, vinieron de la mano de Occidente. En las \u00faltimas d\u00e9cadas, la mujer conquist\u00f3 derechos casi todas las esferas de la vida p\u00fablica y privada. Las que m\u00e1s se ve es la inclusi\u00f3n laboral. El avance m\u00e1s importante, producido con mayor naturalidad con menos observaci\u00f3n cr\u00edtica a trav\u00e9s del siglo XX hab\u00eda sido el acceso a la educaci\u00f3n superior, la participaci\u00f3n pol\u00edtica.<\/p>\n<p>Faltaba plantar -a nivel global- la visibilizaci\u00f3n de la violencia de g\u00e9nero y los ahora llamados <em>femicidios<\/em> que, gracias a la efectividad del proceso de mejora posicionamiento social de la mujer de estas \u00faltimas d\u00e9cadas, se elimin\u00f3 el facilismo conceptual del \u00abcrimen pasional\u00bb.<\/p>\n<p>No es f\u00e1cil asegurar que hemos efectuado avances significativos hacia una sociedad m\u00e1s equitativa. Pero hay serios intentos. En casi todos pa\u00edses de Occidente, la legislaci\u00f3n en temas de igualdad salarial, licencias por maternidad y pol\u00edticas de prevenci\u00f3n del acoso laboral pasaron a ser parte de la \u00abagenda\u00bb de todos.<\/p>\n<p>Por supuesto que movimientos sociales como Ni una Menos, #MeToo o las protestas del 8M hicieron su aporte para romper el silencio en torno a abusos hist\u00f3ricos y para exigir una mayor responsabilidad institucional en la protecci\u00f3n de las mujeres. Incluso contribuyeron con proyectos de leyes que pongan un aporte a una mayor sensibilizaci\u00f3n social.<\/p>\n<p>A pesar de los avances, la p\u00e1tina machista a\u00fan permanece en muchas \u00e1reas de la vida cotidiana, especialmente en Am\u00e9rica Latina. La violencia de g\u00e9nero sigue siendo un flagelo. Por supuesto que las desigualdades en el \u00e1mbito laboral, son un derivado de las desigualdades absolutas. Por lo dem\u00e1s, ignominias como el techo de cristal y la brecha salarial contin\u00faan atentando contra el desarrollo profesional -y personal- de millones de mujeres.<\/p>\n<p>Ni qu\u00e9 hablar de los estereotipos de g\u00e9nero. Algunos se perpet\u00faan en los medios de comunicaci\u00f3n, en la publicidad y en la cultura popular. En esos y otros \u00e1mbitos de tradici\u00f3n \u00abmachiruloide\u00bb se conserva intacta la visi\u00f3n sesgada de lo que las mujeres pueden o deben hacer. La educaci\u00f3n jugar\u00eda un gran papel en este laberinto de prejuicios y creencias medievales. En honor a la verdad, s\u00f3lo los pa\u00edses n\u00f3rdicos muestran una formaci\u00f3n basada en el respeto y la igualdad, desde la infancia.<\/p>\n<p>Aprovechar cada 8 de marzo recordando nuestra necesidad de pol\u00edticas p\u00fablicas efectivas como de un cambio cultural profundo, es arrancar bastante bien. El \u00e1ngulo de la escena al que deben ir todos los focos es la <em>autonom\u00eda de las mujeres. <\/em>Detr\u00e1s, podr\u00e1n venir la garant\u00eda de su seguridad (promovida por mujeres con liderazgo impecable) y la participaci\u00f3n equitativa en todos los \u00e1mbitos de la sociedad.<\/p>\n<p>Pol\u00edtica pura. Y de la buena. Eso es lo que exige la b\u00fasqueda de la igualdad (s\u00ed, correcto, <em>la lucha<\/em>). Lamentablemente, ciertos objetivos de m\u00e1ximo inter\u00e9s popular suelen ser bastardeados por la politiquer\u00eda a la que se ven tentados muchos dirigentes cuando ven lo rentable que les resulta hablarle de ciertos temas a un p\u00fablico que espera \u00e1vido algunas soluciones a su vida. Pues bien, todo el proceso de lucha por los derechos de la mujer es uno de eso temas tentadores para los canallas de la pol\u00edtica de puro humo. Siempre debemos tener cuidado.<\/p>\n<p>Feliz d\u00eda. Todo logro, visto hoy, es fruto de una historia de lucha colectiva y perseverancia. En todas partes.<\/p>\n<p><!--googleoff: index--><\/p>\n<p><img decoding=\"async\" loading=\"lazy\" class=\"aligncenter size-full wp-image-691160\" src=\"https:\/\/www.diario5.com.ar\/wp-content\/uploads\/2025\/03\/esquiu20250308.jpg\" width=\"700\" height=\"920\" srcset=\"https:\/\/www.diario5.com.ar\/wp-content\/uploads\/2025\/03\/esquiu20250308.jpg 700w, https:\/\/www.diario5.com.ar\/wp-content\/uploads\/2025\/03\/esquiu20250308-228x300.jpg 228w\" sizes=\"(max-width: 700px) 100vw, 700px\" \/><\/p>\n<p><img decoding=\"async\" loading=\"lazy\" class=\"aligncenter size-full wp-image-691161\" src=\"https:\/\/www.diario5.com.ar\/wp-content\/uploads\/2025\/03\/voz_chaco20250308.jpg\" width=\"700\" height=\"823\" srcset=\"https:\/\/www.diario5.com.ar\/wp-content\/uploads\/2025\/03\/voz_chaco20250308.jpg 700w, https:\/\/www.diario5.com.ar\/wp-content\/uploads\/2025\/03\/voz_chaco20250308-255x300.jpg 255w\" sizes=\"(max-width: 700px) 100vw, 700px\" \/><\/p>\n<p><img decoding=\"async\" loading=\"lazy\" class=\"aligncenter size-full wp-image-691162\" src=\"https:\/\/www.diario5.com.ar\/wp-content\/uploads\/2025\/03\/ar_eldia20250308.jpg\" width=\"700\" height=\"998\" srcset=\"https:\/\/www.diario5.com.ar\/wp-content\/uploads\/2025\/03\/ar_eldia20250308.jpg 700w, https:\/\/www.diario5.com.ar\/wp-content\/uploads\/2025\/03\/ar_eldia20250308-210x300.jpg 210w\" sizes=\"(max-width: 700px) 100vw, 700px\" \/><\/p>\n<p><img decoding=\"async\" loading=\"lazy\" class=\"aligncenter size-full wp-image-691163\" src=\"https:\/\/www.diario5.com.ar\/wp-content\/uploads\/2025\/03\/ar_chubut20250308.jpg\" width=\"700\" height=\"902\" srcset=\"https:\/\/www.diario5.com.ar\/wp-content\/uploads\/2025\/03\/ar_chubut20250308.jpg 700w, https:\/\/www.diario5.com.ar\/wp-content\/uploads\/2025\/03\/ar_chubut20250308-233x300.jpg 233w\" sizes=\"(max-width: 700px) 100vw, 700px\" \/><\/p>\n<p><img decoding=\"async\" loading=\"lazy\" class=\"aligncenter size-full wp-image-691164\" src=\"https:\/\/www.diario5.com.ar\/wp-content\/uploads\/2025\/03\/ar_clarin20250308.jpg\" width=\"700\" height=\"977\" srcset=\"https:\/\/www.diario5.com.ar\/wp-content\/uploads\/2025\/03\/ar_clarin20250308.jpg 700w, https:\/\/www.diario5.com.ar\/wp-content\/uploads\/2025\/03\/ar_clarin20250308-215x300.jpg 215w\" sizes=\"(max-width: 700px) 100vw, 700px\" \/><\/p>\n<p><img decoding=\"async\" loading=\"lazy\" class=\"aligncenter size-full wp-image-691167\" src=\"https:\/\/www.diario5.com.ar\/wp-content\/uploads\/2025\/03\/nacion20250308.jpg\" width=\"700\" height=\"1058\" srcset=\"https:\/\/www.diario5.com.ar\/wp-content\/uploads\/2025\/03\/nacion20250308.jpg 700w, https:\/\/www.diario5.com.ar\/wp-content\/uploads\/2025\/03\/nacion20250308-198x300.jpg 198w, https:\/\/www.diario5.com.ar\/wp-content\/uploads\/2025\/03\/nacion20250308-678x1024.jpg 678w\" sizes=\"(max-width: 700px) 100vw, 700px\" \/><\/p>\n<p>&nbsp;<\/p>\n<p><img decoding=\"async\" loading=\"lazy\" class=\"aligncenter size-full wp-image-691165\" src=\"https:\/\/www.diario5.com.ar\/wp-content\/uploads\/2025\/03\/ar_ancasti20250308.jpg\" width=\"700\" height=\"949\" srcset=\"https:\/\/www.diario5.com.ar\/wp-content\/uploads\/2025\/03\/ar_ancasti20250308.jpg 700w, https:\/\/www.diario5.com.ar\/wp-content\/uploads\/2025\/03\/ar_ancasti20250308-221x300.jpg 221w\" sizes=\"(max-width: 700px) 100vw, 700px\" \/><\/p>\n<p><img decoding=\"async\" loading=\"lazy\" class=\"aligncenter size-full wp-image-691166\" src=\"https:\/\/www.diario5.com.ar\/wp-content\/uploads\/2025\/03\/ar_rio_negro20250308.jpg\" width=\"700\" height=\"967\" srcset=\"https:\/\/www.diario5.com.ar\/wp-content\/uploads\/2025\/03\/ar_rio_negro20250308.jpg 700w, https:\/\/www.diario5.com.ar\/wp-content\/uploads\/2025\/03\/ar_rio_negro20250308-217x300.jpg 217w\" sizes=\"(max-width: 700px) 100vw, 700px\" \/><\/p>\n<p>&nbsp;<\/p>","protected":false},"excerpt":{"rendered":"<p>Especialmente, en Occidente. El D\u00eda Internacional de la Mujer es, efectivamente, celebrado en la mayor\u00eda de los pa\u00edses del mundo. En occidente, seguimos debatiendo sobre los logros alcanzados en materia de igualdad de g\u00e9nero y sobre las deudas que las sociedades supuestamente \u00abmodernas\u00bb a\u00fan no pudieron resolver Y atenci\u00f3n con la incompletud de las simbolog\u00edas. [&hellip;]<\/p>","protected":false},"author":9,"featured_media":691169,"comment_status":"open","ping_status":"open","sticky":false,"template":"","format":"standard","meta":[],"categories":[75,52,56],"tags":[1160,1408,1387,669,1404,27,331,2467,1315,803,1860,1864,993,537,1365,1488],"series":[],"_links":{"self":[{"href":"https:\/\/www.diario5.com.ar\/es\/wp-json\/wp\/v2\/posts\/677542"}],"collection":[{"href":"https:\/\/www.diario5.com.ar\/es\/wp-json\/wp\/v2\/posts"}],"about":[{"href":"https:\/\/www.diario5.com.ar\/es\/wp-json\/wp\/v2\/types\/post"}],"author":[{"embeddable":true,"href":"https:\/\/www.diario5.com.ar\/es\/wp-json\/wp\/v2\/users\/9"}],"replies":[{"embeddable":true,"href":"https:\/\/www.diario5.com.ar\/es\/wp-json\/wp\/v2\/comments?post=677542"}],"version-history":[{"count":4,"href":"https:\/\/www.diario5.com.ar\/es\/wp-json\/wp\/v2\/posts\/677542\/revisions"}],"predecessor-version":[{"id":691185,"href":"https:\/\/www.diario5.com.ar\/es\/wp-json\/wp\/v2\/posts\/677542\/revisions\/691185"}],"wp:featuredmedia":[{"embeddable":true,"href":"https:\/\/www.diario5.com.ar\/es\/wp-json\/wp\/v2\/media\/691169"}],"wp:attachment":[{"href":"https:\/\/www.diario5.com.ar\/es\/wp-json\/wp\/v2\/media?parent=677542"}],"wp:term":[{"taxonomy":"category","embeddable":true,"href":"https:\/\/www.diario5.com.ar\/es\/wp-json\/wp\/v2\/categories?post=677542"},{"taxonomy":"post_tag","embeddable":true,"href":"https:\/\/www.diario5.com.ar\/es\/wp-json\/wp\/v2\/tags?post=677542"},{"taxonomy":"series","embeddable":true,"href":"https:\/\/www.diario5.com.ar\/es\/wp-json\/wp\/v2\/series?post=677542"}],"curies":[{"name":"wp","href":"https:\/\/api.w.org\/{rel}","templated":true}]}}